{"id":87170,"date":"2019-01-21T19:56:12","date_gmt":"2019-01-21T22:56:12","guid":{"rendered":"http:\/\/www.hoymercedes.com.ar\/principal\/?p=87170"},"modified":"2019-01-21T22:51:14","modified_gmt":"2019-01-22T01:51:14","slug":"pabellon-inicio-el-federacion-norte-con-un-empate-de-local","status":"publish","type":"post","link":"https:\/\/www.hoymercedes.com.ar\/principal\/2019\/01\/21\/pabellon-inicio-el-federacion-norte-con-un-empate-de-local\/","title":{"rendered":"Pabell\u00f3n inici\u00f3 el Federaci\u00f3n Norte con un empate de local"},"content":{"rendered":"\n<p>Comenenz\u00f3 el torneo Federaci\u00f3n Norte en el que Pabell\u00f3n Argentino de Marcos Paz es el \u00fanico representante de la Liga Mercedina. En el debut, empat\u00f3 como local 1 a 1 ante Central Buenos Aires de Z\u00e1rate y ahora jugar\u00e1 la segunda fecha ante ATILRA de Luj\u00e1n, que qued\u00f3 libre en el inicio del certamen.<\/p>\n\n\n\n<figure class=\"wp-block-image\"><img loading=\"lazy\" decoding=\"async\" width=\"1024\" height=\"767\" data-attachment-id=\"87171\" data-permalink=\"https:\/\/www.hoymercedes.com.ar\/principal\/2019\/01\/21\/pabellon-inicio-el-federacion-norte-con-un-empate-de-local\/pabellon-federacion-1\/#main\" data-orig-file=\"https:\/\/www.hoymercedes.com.ar\/principal\/wp-content\/uploads\/2019\/01\/Pabell\u00f3n-Federacion-1.jpg\" data-orig-size=\"1080,809\" data-comments-opened=\"0\" data-image-meta=\"{&quot;aperture&quot;:&quot;0&quot;,&quot;credit&quot;:&quot;&quot;,&quot;camera&quot;:&quot;&quot;,&quot;caption&quot;:&quot;&quot;,&quot;created_timestamp&quot;:&quot;0&quot;,&quot;copyright&quot;:&quot;&quot;,&quot;focal_length&quot;:&quot;0&quot;,&quot;iso&quot;:&quot;0&quot;,&quot;shutter_speed&quot;:&quot;0&quot;,&quot;title&quot;:&quot;&quot;,&quot;orientation&quot;:&quot;0&quot;}\" data-image-title=\"Pabell\u00f3n Federacion 1\" data-image-description=\"\" data-image-caption=\"\" data-large-file=\"https:\/\/www.hoymercedes.com.ar\/principal\/wp-content\/uploads\/2019\/01\/Pabell\u00f3n-Federacion-1-1024x767.jpg\" src=\"https:\/\/www.hoymercedes.com.ar\/principal\/wp-content\/uploads\/2019\/01\/Pabell\u00f3n-Federacion-1-1024x767.jpg\" alt=\"\" class=\"wp-image-87171\" srcset=\"https:\/\/www.hoymercedes.com.ar\/principal\/wp-content\/uploads\/2019\/01\/Pabell\u00f3n-Federacion-1-1024x767.jpg 1024w, https:\/\/www.hoymercedes.com.ar\/principal\/wp-content\/uploads\/2019\/01\/Pabell\u00f3n-Federacion-1-150x112.jpg 150w, https:\/\/www.hoymercedes.com.ar\/principal\/wp-content\/uploads\/2019\/01\/Pabell\u00f3n-Federacion-1-630x472.jpg 630w, https:\/\/www.hoymercedes.com.ar\/principal\/wp-content\/uploads\/2019\/01\/Pabell\u00f3n-Federacion-1-320x240.jpg 320w, https:\/\/www.hoymercedes.com.ar\/principal\/wp-content\/uploads\/2019\/01\/Pabell\u00f3n-Federacion-1-100x75.jpg 100w, https:\/\/www.hoymercedes.com.ar\/principal\/wp-content\/uploads\/2019\/01\/Pabell\u00f3n-Federacion-1.jpg 1080w\" sizes=\"auto, (max-width: 1024px) 100vw, 1024px\" \/><\/figure>\n\n\n\n<p>El conjunto de azul y blanco fue superior al zarate\u00f1o y eso dej\u00f3 un sabor a poco en el equipo, ya que ganaba 1 a 0 y en el minuto 46 del segundo tiempo la visita consigui\u00f3 el empate. \u00abEs el inicio y tenemos que mirar para adelante y mejorar para la revancha y los dos partidos frente a Atilrra para pasar la fase de grupos\u201d, explic\u00f3 Nicol\u00e1s Guarnieri, jugador y dirigente del Club, en exclusiva para el Sistema de Medios P\u00fablicos de Marcos Paz y detall\u00f3.<\/p>\n\n\n\n<p><strong>Pabell\u00f3n 1:<\/strong>&nbsp;Juan Barandari\u00e1n.<br><strong>Central Buenos Aires 1:<\/strong>&nbsp;Fernando Sosa.<\/p>\n\n\n\n<p><strong>Pr\u00f3xima fecha<\/strong><\/p>\n\n\n\n<p><strong>S\u00e1bado &#8211; 17 hs &#8211; Cancha de Alem (General Rodr\u00edguez)<br>Zona C<br><\/strong>ATILRA vs. Pabell\u00f3n<br><strong>Libre:<\/strong>\u00a0Central Buenos Aires.<\/p>\n","protected":false},"excerpt":{"rendered":"<p>Comenenz\u00f3 el torneo Federaci\u00f3n Norte en el que Pabell\u00f3n Argentino de Marcos Paz es el \u00fanico representante de la Liga &#8230; <a title=\"Pabell\u00f3n inici\u00f3 el Federaci\u00f3n Norte con un empate de local\" class=\"read-more\" href=\"https:\/\/www.hoymercedes.com.ar\/principal\/2019\/01\/21\/pabellon-inicio-el-federacion-norte-con-un-empate-de-local\/\" aria-label=\"Leer m\u00e1s sobre Pabell\u00f3n inici\u00f3 el Federaci\u00f3n Norte con un empate de local\">Leer m\u00e1s<\/a><\/p>\n","protected":false},"author":1,"featured_media":87171,"comment_status":"closed","ping_status":"open","sticky":false,"template":"","format":"standard","meta":{"_monsterinsights_skip_tracking":false,"_monsterinsights_sitenote_active":false,"_monsterinsights_sitenote_note":"","_monsterinsights_sitenote_category":0,"jetpack_post_was_ever_published":false,"_jetpack_newsletter_access":"","_jetpack_dont_email_post_to_subs":false,"_jetpack_newsletter_tier_id":0,"_jetpack_memberships_contains_paywalled_content":false,"_jetpack_memberships_contains_paid_content":false,"footnotes":"","jetpack_publicize_message":"","jetpack_publicize_feature_enabled":true,"jetpack_social_post_already_shared":true,"jetpack_social_options":{"image_generator_settings":{"template":"highway","default_image_id":0,"font":"","enabled":false},"version":2},"_wpas_customize_per_network":false},"categories":[21],"tags":[14414,8426],"class_list":["post-87170","post","type-post","status-publish","format-standard","has-post-thumbnail","hentry","category-deportes","tag-central-buenos-aires-zarate","tag-federacion-norte","generate-columns","tablet-grid-50","mobile-grid-100","grid-parent","grid-50"],"jetpack_publicize_connections":[],"jetpack_featured_media_url":"https:\/\/www.hoymercedes.com.ar\/principal\/wp-content\/uploads\/2019\/01\/Pabell\u00f3n-Federacion-1.jpg","wps_subtitle":"Federaci\u00f3n Norte","jetpack_sharing_enabled":true,"_links":{"self":[{"href":"https:\/\/www.hoymercedes.com.ar\/principal\/wp-json\/wp\/v2\/posts\/87170","targetHints":{"allow":["GET"]}}],"collection":[{"href":"https:\/\/www.hoymercedes.com.ar\/principal\/wp-json\/wp\/v2\/posts"}],"about":[{"href":"https:\/\/www.hoymercedes.com.ar\/principal\/wp-json\/wp\/v2\/types\/post"}],"author":[{"embeddable":true,"href":"https:\/\/www.hoymercedes.com.ar\/principal\/wp-json\/wp\/v2\/users\/1"}],"replies":[{"embeddable":true,"href":"https:\/\/www.hoymercedes.com.ar\/principal\/wp-json\/wp\/v2\/comments?post=87170"}],"version-history":[{"count":0,"href":"https:\/\/www.hoymercedes.com.ar\/principal\/wp-json\/wp\/v2\/posts\/87170\/revisions"}],"wp:featuredmedia":[{"embeddable":true,"href":"https:\/\/www.hoymercedes.com.ar\/principal\/wp-json\/wp\/v2\/media\/87171"}],"wp:attachment":[{"href":"https:\/\/www.hoymercedes.com.ar\/principal\/wp-json\/wp\/v2\/media?parent=87170"}],"wp:term":[{"taxonomy":"category","embeddable":true,"href":"https:\/\/www.hoymercedes.com.ar\/principal\/wp-json\/wp\/v2\/categories?post=87170"},{"taxonomy":"post_tag","embeddable":true,"href":"https:\/\/www.hoymercedes.com.ar\/principal\/wp-json\/wp\/v2\/tags?post=87170"}],"curies":[{"name":"wp","href":"https:\/\/api.w.org\/{rel}","templated":true}]}}