{"id":87176,"date":"2019-01-22T07:08:14","date_gmt":"2019-01-22T10:08:14","guid":{"rendered":"http:\/\/www.hoymercedes.com.ar\/principal\/?p=87176"},"modified":"2019-01-21T20:12:07","modified_gmt":"2019-01-21T23:12:07","slug":"municipio-lanzo-programa-de-salud-en-el-deporte","status":"publish","type":"post","link":"https:\/\/www.hoymercedes.com.ar\/principal\/2019\/01\/22\/municipio-lanzo-programa-de-salud-en-el-deporte\/","title":{"rendered":"Municipio lanz\u00f3 programa de salud en el deporte"},"content":{"rendered":"\n<p style=\"text-align:left\">El Municipio de Mercedes, a trav\u00e9s de la Secretar\u00eda de Salud, lanza en esta temporada estival, la implementaci\u00f3n del Programa PROSADEM (Programa Municipal de Sanidad en el Deporte). A trav\u00e9s del mismo, lo que se busca es prevenir cualquier tipo de inconveniente antes de efectuar alguna actividad f\u00edsica.<\/p>\n\n\n\n<figure class=\"wp-block-image\"><img loading=\"lazy\" decoding=\"async\" width=\"1024\" height=\"1008\" data-attachment-id=\"87177\" data-permalink=\"https:\/\/www.hoymercedes.com.ar\/principal\/2019\/01\/22\/municipio-lanzo-programa-de-salud-en-el-deporte\/whatsapp-image-2019-01-21-at-11-50-07\/#main\" data-orig-file=\"https:\/\/www.hoymercedes.com.ar\/principal\/wp-content\/uploads\/2019\/01\/WhatsApp-Image-2019-01-21-at-11.50.07.jpeg\" data-orig-size=\"1280,1260\" data-comments-opened=\"0\" data-image-meta=\"{&quot;aperture&quot;:&quot;0&quot;,&quot;credit&quot;:&quot;&quot;,&quot;camera&quot;:&quot;&quot;,&quot;caption&quot;:&quot;&quot;,&quot;created_timestamp&quot;:&quot;0&quot;,&quot;copyright&quot;:&quot;&quot;,&quot;focal_length&quot;:&quot;0&quot;,&quot;iso&quot;:&quot;0&quot;,&quot;shutter_speed&quot;:&quot;0&quot;,&quot;title&quot;:&quot;&quot;,&quot;orientation&quot;:&quot;0&quot;}\" data-image-title=\"WhatsApp Image 2019-01-21 at 11.50.07\" data-image-description=\"\" data-image-caption=\"\" data-large-file=\"https:\/\/www.hoymercedes.com.ar\/principal\/wp-content\/uploads\/2019\/01\/WhatsApp-Image-2019-01-21-at-11.50.07-1024x1008.jpeg\" src=\"https:\/\/www.hoymercedes.com.ar\/principal\/wp-content\/uploads\/2019\/01\/WhatsApp-Image-2019-01-21-at-11.50.07-1024x1008.jpeg\" alt=\"\" class=\"wp-image-87177\" srcset=\"https:\/\/www.hoymercedes.com.ar\/principal\/wp-content\/uploads\/2019\/01\/WhatsApp-Image-2019-01-21-at-11.50.07-1024x1008.jpeg 1024w, https:\/\/www.hoymercedes.com.ar\/principal\/wp-content\/uploads\/2019\/01\/WhatsApp-Image-2019-01-21-at-11.50.07-150x148.jpeg 150w, https:\/\/www.hoymercedes.com.ar\/principal\/wp-content\/uploads\/2019\/01\/WhatsApp-Image-2019-01-21-at-11.50.07-630x620.jpeg 630w, https:\/\/www.hoymercedes.com.ar\/principal\/wp-content\/uploads\/2019\/01\/WhatsApp-Image-2019-01-21-at-11.50.07.jpeg 1280w\" sizes=\"auto, (max-width: 1024px) 100vw, 1024px\" \/><\/figure>\n\n\n\n<p>\u201cPara la realizaci\u00f3n de cualquier tipo de ejercicios f\u00edsicos y\/o deportes es necesario y fundamental la evaluaci\u00f3n del estado de salud\u201d destacaron desde el \u00e1rea.<\/p>\n\n\n\n<p>Este programa cuenta con un equipo interdisciplinario y consta de controles a nivel cl\u00ednico, cardiol\u00f3gico y bucodental. Sumado a an\u00e1lisis de sangre y orina.<\/p>\n\n\n\n<p>Desde la Secretar\u00eda de Salud lo que se busca es que los vecinos realicen deportes de manera segura, garantizando adem\u00e1s, la accesibilidad, la promoci\u00f3n y prevenci\u00f3n de la salud.<\/p>\n","protected":false},"excerpt":{"rendered":"<p>El Municipio de Mercedes, a trav\u00e9s de la Secretar\u00eda de Salud, lanza en esta temporada estival, la implementaci\u00f3n del Programa &#8230; <a title=\"Municipio lanz\u00f3 programa de salud en el deporte\" class=\"read-more\" href=\"https:\/\/www.hoymercedes.com.ar\/principal\/2019\/01\/22\/municipio-lanzo-programa-de-salud-en-el-deporte\/\" aria-label=\"Leer m\u00e1s sobre Municipio lanz\u00f3 programa de salud en el deporte\">Leer m\u00e1s<\/a><\/p>\n","protected":false},"author":1,"featured_media":87177,"comment_status":"closed","ping_status":"open","sticky":false,"template":"","format":"standard","meta":{"_monsterinsights_skip_tracking":false,"_monsterinsights_sitenote_active":false,"_monsterinsights_sitenote_note":"","_monsterinsights_sitenote_category":0,"jetpack_post_was_ever_published":false,"_jetpack_newsletter_access":"","_jetpack_dont_email_post_to_subs":false,"_jetpack_newsletter_tier_id":0,"_jetpack_memberships_contains_paywalled_content":false,"_jetpack_memberships_contains_paid_content":false,"footnotes":"","jetpack_publicize_message":"","jetpack_publicize_feature_enabled":true,"jetpack_social_post_already_shared":true,"jetpack_social_options":{"image_generator_settings":{"template":"highway","default_image_id":0,"font":"","enabled":false},"version":2},"_wpas_customize_per_network":false},"categories":[21],"tags":[6696,5724],"class_list":["post-87176","post","type-post","status-publish","format-standard","has-post-thumbnail","hentry","category-deportes","tag-deporte","tag-municiapalidad-de-mercedes","generate-columns","tablet-grid-50","mobile-grid-100","grid-parent","grid-50"],"jetpack_publicize_connections":[],"jetpack_featured_media_url":"https:\/\/www.hoymercedes.com.ar\/principal\/wp-content\/uploads\/2019\/01\/WhatsApp-Image-2019-01-21-at-11.50.07.jpeg","wps_subtitle":"","jetpack_sharing_enabled":true,"_links":{"self":[{"href":"https:\/\/www.hoymercedes.com.ar\/principal\/wp-json\/wp\/v2\/posts\/87176","targetHints":{"allow":["GET"]}}],"collection":[{"href":"https:\/\/www.hoymercedes.com.ar\/principal\/wp-json\/wp\/v2\/posts"}],"about":[{"href":"https:\/\/www.hoymercedes.com.ar\/principal\/wp-json\/wp\/v2\/types\/post"}],"author":[{"embeddable":true,"href":"https:\/\/www.hoymercedes.com.ar\/principal\/wp-json\/wp\/v2\/users\/1"}],"replies":[{"embeddable":true,"href":"https:\/\/www.hoymercedes.com.ar\/principal\/wp-json\/wp\/v2\/comments?post=87176"}],"version-history":[{"count":0,"href":"https:\/\/www.hoymercedes.com.ar\/principal\/wp-json\/wp\/v2\/posts\/87176\/revisions"}],"wp:featuredmedia":[{"embeddable":true,"href":"https:\/\/www.hoymercedes.com.ar\/principal\/wp-json\/wp\/v2\/media\/87177"}],"wp:attachment":[{"href":"https:\/\/www.hoymercedes.com.ar\/principal\/wp-json\/wp\/v2\/media?parent=87176"}],"wp:term":[{"taxonomy":"category","embeddable":true,"href":"https:\/\/www.hoymercedes.com.ar\/principal\/wp-json\/wp\/v2\/categories?post=87176"},{"taxonomy":"post_tag","embeddable":true,"href":"https:\/\/www.hoymercedes.com.ar\/principal\/wp-json\/wp\/v2\/tags?post=87176"}],"curies":[{"name":"wp","href":"https:\/\/api.w.org\/{rel}","templated":true}]}}