{"id":87179,"date":"2019-01-21T20:37:42","date_gmt":"2019-01-21T23:37:42","guid":{"rendered":"http:\/\/www.hoymercedes.com.ar\/principal\/?p=87179"},"modified":"2019-01-21T20:37:50","modified_gmt":"2019-01-21T23:37:50","slug":"santiago-sosa-debuto-en-la-seleccion-sub-20-en-el-empate-de-argentina-ante-paraguay","status":"publish","type":"post","link":"https:\/\/www.hoymercedes.com.ar\/principal\/2019\/01\/21\/santiago-sosa-debuto-en-la-seleccion-sub-20-en-el-empate-de-argentina-ante-paraguay\/","title":{"rendered":"Santiago Sosa debut\u00f3 en la Selecci\u00f3n Sub 20 en el empate de Argentina ante Paraguay"},"content":{"rendered":"\n<p>El volante de River Plate Santiago Sosa debut\u00f3 este domingo en el empate 1 a 1 entre Argentina y Paraguay por la primera fecha del Sudamericano Sub 20 que se juega en Chile. Fue titular en el equipo dirigido por Fernando Batista.<\/p>\n\n\n\n<figure class=\"wp-block-image\"><img loading=\"lazy\" decoding=\"async\" width=\"730\" height=\"417\" data-attachment-id=\"87180\" data-permalink=\"https:\/\/www.hoymercedes.com.ar\/principal\/2019\/01\/21\/santiago-sosa-debuto-en-la-seleccion-sub-20-en-el-empate-de-argentina-ante-paraguay\/santiago-sosa\/#main\" data-orig-file=\"https:\/\/www.hoymercedes.com.ar\/principal\/wp-content\/uploads\/2019\/01\/Santiago-Sosa.jpg\" data-orig-size=\"730,417\" data-comments-opened=\"0\" data-image-meta=\"{&quot;aperture&quot;:&quot;0&quot;,&quot;credit&quot;:&quot;&quot;,&quot;camera&quot;:&quot;&quot;,&quot;caption&quot;:&quot;&quot;,&quot;created_timestamp&quot;:&quot;0&quot;,&quot;copyright&quot;:&quot;&quot;,&quot;focal_length&quot;:&quot;0&quot;,&quot;iso&quot;:&quot;0&quot;,&quot;shutter_speed&quot;:&quot;0&quot;,&quot;title&quot;:&quot;&quot;,&quot;orientation&quot;:&quot;0&quot;}\" data-image-title=\"Santiago Sosa\" data-image-description=\"\" data-image-caption=\"\" data-large-file=\"https:\/\/www.hoymercedes.com.ar\/principal\/wp-content\/uploads\/2019\/01\/Santiago-Sosa.jpg\" src=\"https:\/\/www.hoymercedes.com.ar\/principal\/wp-content\/uploads\/2019\/01\/Santiago-Sosa.jpg\" alt=\"\" class=\"wp-image-87180\" srcset=\"https:\/\/www.hoymercedes.com.ar\/principal\/wp-content\/uploads\/2019\/01\/Santiago-Sosa.jpg 730w, https:\/\/www.hoymercedes.com.ar\/principal\/wp-content\/uploads\/2019\/01\/Santiago-Sosa-150x86.jpg 150w, https:\/\/www.hoymercedes.com.ar\/principal\/wp-content\/uploads\/2019\/01\/Santiago-Sosa-630x360.jpg 630w\" sizes=\"auto, (max-width: 730px) 100vw, 730px\" \/><\/figure>\n\n\n\n<p>El mercedino fue el eje del equipo. A trav\u00e9s de sus pases se generaba la salida que iniciaba el ataque de la albiceleste. Recibi\u00f3 la amonestaci\u00f3n temprano, a los 3 minutos de juego en lo que fue una decisi\u00f3n apresurada del \u00e1rbitro venezolano Alexis Herrera.<\/p>\n\n\n\n<p>Argentina: Manuel Roffo; Facundo Mura, Patricio P\u00e9rez, Facundo Medina, Francisco Ortega; An\u00edbal Moreno, Santiago Sosa, Manuel Insaurralde; Juli\u00e1n \u00c1lvarez, Maximiliano Romero y Thiago Almada. DT: Fernando Batista.<\/p>\n\n\n\n<p>Paraguay: Diego Huesca; Cristian Candia, Alexis Duarte, Roberto Fern\u00e1ndez, Marcelo Rol\u00f3n; Alan Rodr\u00edguez, Marcelino \u00d1amand\u00fa, Lucas Sanabria, Blas Armoa; Rodrigo Ruiz D\u00edaz y Fernando Romero. DT: Gustavo Morinigo.<\/p>\n\n\n\n<p>Goles en el primer tiempo: 29m M. Romero (A), 45m \u00d1amand\u00fa (P).<\/p>\n\n\n\n<p>Cambios en el segundo tiempo: 13m Francesco Lo Celso por Moreno (A) y An\u00edbal Vega por Ruiz D\u00edaz (P), 14m Antonio Galeano por Armoa (P), 28m Pedro de la Vega por Almada (A), 35m Fernando Cardozo por F. Romero (P), 41m Adolfo Gaich por M. Romero (A)<\/p>\n\n\n\n<p>Estadio: Fiscal de Talca.<\/p>\n\n\n\n<p>\u00c1rbitro: Alexis Herrera (Venezuela).<\/p>\n","protected":false},"excerpt":{"rendered":"<p>El volante de River Plate Santiago Sosa debut\u00f3 este domingo en el empate 1 a 1 entre Argentina y Paraguay &#8230; <a title=\"Santiago Sosa debut\u00f3 en la Selecci\u00f3n Sub 20 en el empate de Argentina ante Paraguay\" class=\"read-more\" href=\"https:\/\/www.hoymercedes.com.ar\/principal\/2019\/01\/21\/santiago-sosa-debuto-en-la-seleccion-sub-20-en-el-empate-de-argentina-ante-paraguay\/\" aria-label=\"Leer m\u00e1s sobre Santiago Sosa debut\u00f3 en la Selecci\u00f3n Sub 20 en el empate de Argentina ante Paraguay\">Leer m\u00e1s<\/a><\/p>\n","protected":false},"author":1,"featured_media":87180,"comment_status":"closed","ping_status":"open","sticky":false,"template":"","format":"standard","meta":{"_monsterinsights_skip_tracking":false,"_monsterinsights_sitenote_active":false,"_monsterinsights_sitenote_note":"","_monsterinsights_sitenote_category":0,"jetpack_post_was_ever_published":false,"_jetpack_newsletter_access":"","_jetpack_dont_email_post_to_subs":false,"_jetpack_newsletter_tier_id":0,"_jetpack_memberships_contains_paywalled_content":false,"_jetpack_memberships_contains_paid_content":false,"footnotes":"","jetpack_publicize_message":"","jetpack_publicize_feature_enabled":true,"jetpack_social_post_already_shared":true,"jetpack_social_options":{"image_generator_settings":{"template":"highway","default_image_id":0,"font":"","enabled":false},"version":2},"_wpas_customize_per_network":false},"categories":[8],"tags":[10696,12706,14221],"class_list":["post-87179","post","type-post","status-publish","format-standard","has-post-thumbnail","hentry","category-sociedad","tag-river-plate","tag-santiago-sosa","tag-seleccion-sub-20","generate-columns","tablet-grid-50","mobile-grid-100","grid-parent","grid-50"],"jetpack_publicize_connections":[],"jetpack_featured_media_url":"https:\/\/www.hoymercedes.com.ar\/principal\/wp-content\/uploads\/2019\/01\/Santiago-Sosa.jpg","wps_subtitle":"La Legi\u00f3n","jetpack_sharing_enabled":true,"_links":{"self":[{"href":"https:\/\/www.hoymercedes.com.ar\/principal\/wp-json\/wp\/v2\/posts\/87179","targetHints":{"allow":["GET"]}}],"collection":[{"href":"https:\/\/www.hoymercedes.com.ar\/principal\/wp-json\/wp\/v2\/posts"}],"about":[{"href":"https:\/\/www.hoymercedes.com.ar\/principal\/wp-json\/wp\/v2\/types\/post"}],"author":[{"embeddable":true,"href":"https:\/\/www.hoymercedes.com.ar\/principal\/wp-json\/wp\/v2\/users\/1"}],"replies":[{"embeddable":true,"href":"https:\/\/www.hoymercedes.com.ar\/principal\/wp-json\/wp\/v2\/comments?post=87179"}],"version-history":[{"count":0,"href":"https:\/\/www.hoymercedes.com.ar\/principal\/wp-json\/wp\/v2\/posts\/87179\/revisions"}],"wp:featuredmedia":[{"embeddable":true,"href":"https:\/\/www.hoymercedes.com.ar\/principal\/wp-json\/wp\/v2\/media\/87180"}],"wp:attachment":[{"href":"https:\/\/www.hoymercedes.com.ar\/principal\/wp-json\/wp\/v2\/media?parent=87179"}],"wp:term":[{"taxonomy":"category","embeddable":true,"href":"https:\/\/www.hoymercedes.com.ar\/principal\/wp-json\/wp\/v2\/categories?post=87179"},{"taxonomy":"post_tag","embeddable":true,"href":"https:\/\/www.hoymercedes.com.ar\/principal\/wp-json\/wp\/v2\/tags?post=87179"}],"curies":[{"name":"wp","href":"https:\/\/api.w.org\/{rel}","templated":true}]}}