{"id":87208,"date":"2019-01-22T13:19:55","date_gmt":"2019-01-22T16:19:55","guid":{"rendered":"http:\/\/www.hoymercedes.com.ar\/principal\/?p=87208"},"modified":"2019-01-22T12:26:47","modified_gmt":"2019-01-22T15:26:47","slug":"obras-en-los-alimentadores-4-y-5-de-energia-electrica","status":"publish","type":"post","link":"https:\/\/www.hoymercedes.com.ar\/principal\/2019\/01\/22\/obras-en-los-alimentadores-4-y-5-de-energia-electrica\/","title":{"rendered":"Obras en los alimentadores 4 y 5 de energ\u00eda el\u00e9ctrica"},"content":{"rendered":"\n<p>Con una suma que asciende a $8.600.000, EDEN avanza en obras que optimizan el servicio en la localidad\u00a0de\u00a0Mercedes. Sergio Mej\u00edas, Gerente de \u00c1rea Mercedes de EDEN, explic\u00f3 que est\u00e1n desarrollando importantes proyectos para fortalecer las redes de la ciudad.<\/p>\n\n\n\n<figure class=\"wp-block-image\"><img loading=\"lazy\" decoding=\"async\" width=\"750\" height=\"481\" data-attachment-id=\"87209\" data-permalink=\"https:\/\/www.hoymercedes.com.ar\/principal\/2019\/01\/22\/obras-en-los-alimentadores-4-y-5-de-energia-electrica\/22-eden-2\/#main\" data-orig-file=\"https:\/\/www.hoymercedes.com.ar\/principal\/wp-content\/uploads\/2019\/01\/22-eden-2.jpg\" data-orig-size=\"750,481\" data-comments-opened=\"0\" data-image-meta=\"{&quot;aperture&quot;:&quot;0&quot;,&quot;credit&quot;:&quot;&quot;,&quot;camera&quot;:&quot;&quot;,&quot;caption&quot;:&quot;&quot;,&quot;created_timestamp&quot;:&quot;1547480464&quot;,&quot;copyright&quot;:&quot;&quot;,&quot;focal_length&quot;:&quot;0&quot;,&quot;iso&quot;:&quot;0&quot;,&quot;shutter_speed&quot;:&quot;0&quot;,&quot;title&quot;:&quot;&quot;,&quot;orientation&quot;:&quot;1&quot;}\" data-image-title=\"22 eden 2\" data-image-description=\"\" data-image-caption=\"\" data-large-file=\"https:\/\/www.hoymercedes.com.ar\/principal\/wp-content\/uploads\/2019\/01\/22-eden-2.jpg\" src=\"https:\/\/www.hoymercedes.com.ar\/principal\/wp-content\/uploads\/2019\/01\/22-eden-2.jpg\" alt=\"\" class=\"wp-image-87209\" srcset=\"https:\/\/www.hoymercedes.com.ar\/principal\/wp-content\/uploads\/2019\/01\/22-eden-2.jpg 750w, https:\/\/www.hoymercedes.com.ar\/principal\/wp-content\/uploads\/2019\/01\/22-eden-2-150x96.jpg 150w, https:\/\/www.hoymercedes.com.ar\/principal\/wp-content\/uploads\/2019\/01\/22-eden-2-630x404.jpg 630w\" sizes=\"auto, (max-width: 750px) 100vw, 750px\" \/><\/figure>\n\n\n\n<p>Las obras abarcan la primera etapa de la reestructuraci\u00f3n del Alimentador 4 y su vinculaci\u00f3n con el Alimentador 5, para lo que se construy\u00f3 una nueva l\u00ednea subterr\u00e1nea de m\u00e1s de dos kil\u00f3metros.<\/p>\n\n\n\n<p>Adem\u00e1s, con una inversi\u00f3n superior a 5 millones (fondos FREBA), se est\u00e1 construyendo el nuevo Alimentador 11. \u00abPara un suministro de mayor potencia, estamos construyendo este nuevo Alimentador, con seis kil\u00f3metros de cable a\u00e9reo y subterr\u00e1neo, reconectadores de protecci\u00f3n y maniobra\u00bb explic\u00f3 Mej\u00edas. <\/p>\n\n\n\n<p>\u00abEstas obras fueron planificadas a ra\u00edz de un relevamiento y se traducen en importantes mejoras en el servicio que brindamos a los usuarios de toda la ciudad \u00bb concluy\u00f3 Mejias responsable de la empresa de energ\u00eda el\u00e9ctrica que presta servicio en la ciudad de Mercedes<em>.<\/em><\/p>\n\n\n\n<figure class=\"wp-block-image\"><img loading=\"lazy\" decoding=\"async\" width=\"750\" height=\"527\" data-attachment-id=\"87210\" data-permalink=\"https:\/\/www.hoymercedes.com.ar\/principal\/2019\/01\/22\/obras-en-los-alimentadores-4-y-5-de-energia-electrica\/22-eden-1\/#main\" data-orig-file=\"https:\/\/www.hoymercedes.com.ar\/principal\/wp-content\/uploads\/2019\/01\/22-eden-1.jpg\" data-orig-size=\"750,527\" data-comments-opened=\"0\" data-image-meta=\"{&quot;aperture&quot;:&quot;0&quot;,&quot;credit&quot;:&quot;&quot;,&quot;camera&quot;:&quot;&quot;,&quot;caption&quot;:&quot;&quot;,&quot;created_timestamp&quot;:&quot;1547480456&quot;,&quot;copyright&quot;:&quot;&quot;,&quot;focal_length&quot;:&quot;0&quot;,&quot;iso&quot;:&quot;0&quot;,&quot;shutter_speed&quot;:&quot;0&quot;,&quot;title&quot;:&quot;&quot;,&quot;orientation&quot;:&quot;1&quot;}\" data-image-title=\"22 eden 1\" data-image-description=\"\" data-image-caption=\"\" data-large-file=\"https:\/\/www.hoymercedes.com.ar\/principal\/wp-content\/uploads\/2019\/01\/22-eden-1.jpg\" src=\"https:\/\/www.hoymercedes.com.ar\/principal\/wp-content\/uploads\/2019\/01\/22-eden-1.jpg\" alt=\"\" class=\"wp-image-87210\" srcset=\"https:\/\/www.hoymercedes.com.ar\/principal\/wp-content\/uploads\/2019\/01\/22-eden-1.jpg 750w, https:\/\/www.hoymercedes.com.ar\/principal\/wp-content\/uploads\/2019\/01\/22-eden-1-150x105.jpg 150w, https:\/\/www.hoymercedes.com.ar\/principal\/wp-content\/uploads\/2019\/01\/22-eden-1-630x443.jpg 630w\" sizes=\"auto, (max-width: 750px) 100vw, 750px\" \/><\/figure>\n\n\n\n<p><br><\/p>\n","protected":false},"excerpt":{"rendered":"<p>Con una suma que asciende a $8.600.000, EDEN avanza en obras que optimizan el servicio en la localidad\u00a0de\u00a0Mercedes. Sergio Mej\u00edas, &#8230; <a title=\"Obras en los alimentadores 4 y 5 de energ\u00eda el\u00e9ctrica\" class=\"read-more\" href=\"https:\/\/www.hoymercedes.com.ar\/principal\/2019\/01\/22\/obras-en-los-alimentadores-4-y-5-de-energia-electrica\/\" aria-label=\"Leer m\u00e1s sobre Obras en los alimentadores 4 y 5 de energ\u00eda el\u00e9ctrica\">Leer m\u00e1s<\/a><\/p>\n","protected":false},"author":1,"featured_media":87210,"comment_status":"closed","ping_status":"open","sticky":false,"template":"","format":"standard","meta":{"_monsterinsights_skip_tracking":false,"_monsterinsights_sitenote_active":false,"_monsterinsights_sitenote_note":"","_monsterinsights_sitenote_category":0,"jetpack_post_was_ever_published":false,"_jetpack_newsletter_access":"","_jetpack_dont_email_post_to_subs":false,"_jetpack_newsletter_tier_id":0,"_jetpack_memberships_contains_paywalled_content":false,"_jetpack_memberships_contains_paid_content":false,"footnotes":"","jetpack_publicize_message":"","jetpack_publicize_feature_enabled":true,"jetpack_social_post_already_shared":true,"jetpack_social_options":{"image_generator_settings":{"template":"highway","default_image_id":0,"font":"","enabled":false},"version":2},"_wpas_customize_per_network":false},"categories":[8],"tags":[1023,8808,1014],"class_list":["post-87208","post","type-post","status-publish","format-standard","has-post-thumbnail","hentry","category-sociedad","tag-eden","tag-energia-electrica","tag-obras","generate-columns","tablet-grid-50","mobile-grid-100","grid-parent","grid-50"],"jetpack_publicize_connections":[],"jetpack_featured_media_url":"https:\/\/www.hoymercedes.com.ar\/principal\/wp-content\/uploads\/2019\/01\/22-eden-1.jpg","wps_subtitle":"Trabajos de EDEN","jetpack_sharing_enabled":true,"_links":{"self":[{"href":"https:\/\/www.hoymercedes.com.ar\/principal\/wp-json\/wp\/v2\/posts\/87208","targetHints":{"allow":["GET"]}}],"collection":[{"href":"https:\/\/www.hoymercedes.com.ar\/principal\/wp-json\/wp\/v2\/posts"}],"about":[{"href":"https:\/\/www.hoymercedes.com.ar\/principal\/wp-json\/wp\/v2\/types\/post"}],"author":[{"embeddable":true,"href":"https:\/\/www.hoymercedes.com.ar\/principal\/wp-json\/wp\/v2\/users\/1"}],"replies":[{"embeddable":true,"href":"https:\/\/www.hoymercedes.com.ar\/principal\/wp-json\/wp\/v2\/comments?post=87208"}],"version-history":[{"count":0,"href":"https:\/\/www.hoymercedes.com.ar\/principal\/wp-json\/wp\/v2\/posts\/87208\/revisions"}],"wp:featuredmedia":[{"embeddable":true,"href":"https:\/\/www.hoymercedes.com.ar\/principal\/wp-json\/wp\/v2\/media\/87210"}],"wp:attachment":[{"href":"https:\/\/www.hoymercedes.com.ar\/principal\/wp-json\/wp\/v2\/media?parent=87208"}],"wp:term":[{"taxonomy":"category","embeddable":true,"href":"https:\/\/www.hoymercedes.com.ar\/principal\/wp-json\/wp\/v2\/categories?post=87208"},{"taxonomy":"post_tag","embeddable":true,"href":"https:\/\/www.hoymercedes.com.ar\/principal\/wp-json\/wp\/v2\/tags?post=87208"}],"curies":[{"name":"wp","href":"https:\/\/api.w.org\/{rel}","templated":true}]}}