{"id":87214,"date":"2019-01-22T17:30:36","date_gmt":"2019-01-22T20:30:36","guid":{"rendered":"http:\/\/www.hoymercedes.com.ar\/principal\/?p=87214"},"modified":"2019-01-22T16:18:15","modified_gmt":"2019-01-22T19:18:15","slug":"firmaron-acuerdo-paritario-para-trabajadores-municipales","status":"publish","type":"post","link":"https:\/\/www.hoymercedes.com.ar\/principal\/2019\/01\/22\/firmaron-acuerdo-paritario-para-trabajadores-municipales\/","title":{"rendered":"Firmaron acuerdo paritario para Trabajadores Municipales"},"content":{"rendered":"\n<p>En los primeros d\u00edas de enero los representantes de los trabajadores municipales firmaron el acuerdo paritario para el a\u00f1o 2019. El acuerdo implica un incremento total de 40,5% que se dividir\u00e1 en tres partes para recibirlo en los salarios de los meses de marzo, junio y septiembre. Estos porcentajes ir\u00e1n al b\u00e1sico. En el mes de noviembre se revisar\u00e1 el acuerdo y dos bonos de 2000 pesos para enero y febrero de acuerdo al super\u00e1vit del a\u00f1o pasado. <\/p>\n\n\n\n<figure class=\"wp-block-image\"><img loading=\"lazy\" decoding=\"async\" width=\"1024\" height=\"498\" data-attachment-id=\"87220\" data-permalink=\"https:\/\/www.hoymercedes.com.ar\/principal\/2019\/01\/22\/firmaron-acuerdo-paritario-para-trabajadores-municipales\/22-muni-paritarias\/#main\" data-orig-file=\"https:\/\/www.hoymercedes.com.ar\/principal\/wp-content\/uploads\/2019\/01\/22-muni-paritarias.jpg\" data-orig-size=\"1024,498\" data-comments-opened=\"0\" data-image-meta=\"{&quot;aperture&quot;:&quot;0&quot;,&quot;credit&quot;:&quot;&quot;,&quot;camera&quot;:&quot;&quot;,&quot;caption&quot;:&quot;&quot;,&quot;created_timestamp&quot;:&quot;0&quot;,&quot;copyright&quot;:&quot;&quot;,&quot;focal_length&quot;:&quot;0&quot;,&quot;iso&quot;:&quot;0&quot;,&quot;shutter_speed&quot;:&quot;0&quot;,&quot;title&quot;:&quot;&quot;,&quot;orientation&quot;:&quot;0&quot;}\" data-image-title=\"22 muni paritarias\" data-image-description=\"\" data-image-caption=\"\" data-large-file=\"https:\/\/www.hoymercedes.com.ar\/principal\/wp-content\/uploads\/2019\/01\/22-muni-paritarias-1024x498.jpg\" src=\"https:\/\/www.hoymercedes.com.ar\/principal\/wp-content\/uploads\/2019\/01\/22-muni-paritarias-1024x498.jpg\" alt=\"\" class=\"wp-image-87220\" srcset=\"https:\/\/www.hoymercedes.com.ar\/principal\/wp-content\/uploads\/2019\/01\/22-muni-paritarias.jpg 1024w, https:\/\/www.hoymercedes.com.ar\/principal\/wp-content\/uploads\/2019\/01\/22-muni-paritarias-150x73.jpg 150w, https:\/\/www.hoymercedes.com.ar\/principal\/wp-content\/uploads\/2019\/01\/22-muni-paritarias-630x306.jpg 630w\" sizes=\"auto, (max-width: 1024px) 100vw, 1024px\" \/><\/figure>\n\n\n\n<p>Las actas estuvieron firmadas por los representantes sindicales y el Departamento Ejecutivo. El Jefe Comunal Juan Ignacio Ustarroz firm\u00f3 el acuerdo previo a tomarse las vacaciones. Junto a \u00e9l firmaron el Secretario de Gobierno Juan Pablo L\u00f3pez Baggio y el Secretario de Econom\u00eda Diego Men\u00e9ndez. Representando a los trabajadores municipales firmaron: del Sindicato de Trabajadores Municipales Carlos Rodr\u00edguez y Evangelina Artaza, por la Asociaci\u00f3n de trabajadores Municipales Maximiliano Branchini y Martina Mansilla y Rojas, por la Asociaci\u00f3n trabajadores del Estado Hugo Bonafina.  de gobierno y Dr. Diego Men\u00e9ndez secretario de econom\u00eda.<\/p>\n","protected":false},"excerpt":{"rendered":"<p>En los primeros d\u00edas de enero los representantes de los trabajadores municipales firmaron el acuerdo paritario para el a\u00f1o 2019. &#8230; <a title=\"Firmaron acuerdo paritario para Trabajadores Municipales\" class=\"read-more\" href=\"https:\/\/www.hoymercedes.com.ar\/principal\/2019\/01\/22\/firmaron-acuerdo-paritario-para-trabajadores-municipales\/\" aria-label=\"Leer m\u00e1s sobre Firmaron acuerdo paritario para Trabajadores Municipales\">Leer m\u00e1s<\/a><\/p>\n","protected":false},"author":1,"featured_media":87220,"comment_status":"closed","ping_status":"open","sticky":false,"template":"","format":"standard","meta":{"_monsterinsights_skip_tracking":false,"_monsterinsights_sitenote_active":false,"_monsterinsights_sitenote_note":"","_monsterinsights_sitenote_category":0,"jetpack_post_was_ever_published":false,"_jetpack_newsletter_access":"","_jetpack_dont_email_post_to_subs":false,"_jetpack_newsletter_tier_id":0,"_jetpack_memberships_contains_paywalled_content":false,"_jetpack_memberships_contains_paid_content":false,"footnotes":"","jetpack_publicize_message":"","jetpack_publicize_feature_enabled":true,"jetpack_social_post_already_shared":true,"jetpack_social_options":{"image_generator_settings":{"template":"highway","default_image_id":0,"font":"","enabled":false},"version":2},"_wpas_customize_per_network":false},"categories":[30],"tags":[14423,2720],"class_list":["post-87214","post","type-post","status-publish","format-standard","has-post-thumbnail","hentry","category-municipio","tag-paritaria","tag-trabajadores-municipales","generate-columns","tablet-grid-50","mobile-grid-100","grid-parent","grid-50"],"jetpack_publicize_connections":[],"jetpack_featured_media_url":"https:\/\/www.hoymercedes.com.ar\/principal\/wp-content\/uploads\/2019\/01\/22-muni-paritarias.jpg","wps_subtitle":"Paritarias 2019","jetpack_sharing_enabled":true,"_links":{"self":[{"href":"https:\/\/www.hoymercedes.com.ar\/principal\/wp-json\/wp\/v2\/posts\/87214","targetHints":{"allow":["GET"]}}],"collection":[{"href":"https:\/\/www.hoymercedes.com.ar\/principal\/wp-json\/wp\/v2\/posts"}],"about":[{"href":"https:\/\/www.hoymercedes.com.ar\/principal\/wp-json\/wp\/v2\/types\/post"}],"author":[{"embeddable":true,"href":"https:\/\/www.hoymercedes.com.ar\/principal\/wp-json\/wp\/v2\/users\/1"}],"replies":[{"embeddable":true,"href":"https:\/\/www.hoymercedes.com.ar\/principal\/wp-json\/wp\/v2\/comments?post=87214"}],"version-history":[{"count":0,"href":"https:\/\/www.hoymercedes.com.ar\/principal\/wp-json\/wp\/v2\/posts\/87214\/revisions"}],"wp:featuredmedia":[{"embeddable":true,"href":"https:\/\/www.hoymercedes.com.ar\/principal\/wp-json\/wp\/v2\/media\/87220"}],"wp:attachment":[{"href":"https:\/\/www.hoymercedes.com.ar\/principal\/wp-json\/wp\/v2\/media?parent=87214"}],"wp:term":[{"taxonomy":"category","embeddable":true,"href":"https:\/\/www.hoymercedes.com.ar\/principal\/wp-json\/wp\/v2\/categories?post=87214"},{"taxonomy":"post_tag","embeddable":true,"href":"https:\/\/www.hoymercedes.com.ar\/principal\/wp-json\/wp\/v2\/tags?post=87214"}],"curies":[{"name":"wp","href":"https:\/\/api.w.org\/{rel}","templated":true}]}}