{"id":87223,"date":"2019-01-23T10:19:42","date_gmt":"2019-01-23T13:19:42","guid":{"rendered":"http:\/\/www.hoymercedes.com.ar\/principal\/?p=87223"},"modified":"2019-01-22T16:29:31","modified_gmt":"2019-01-22T19:29:31","slug":"selva-sobre-milhomme-es-un-muy-buen-candidato","status":"publish","type":"post","link":"https:\/\/www.hoymercedes.com.ar\/principal\/2019\/01\/23\/selva-sobre-milhomme-es-un-muy-buen-candidato\/","title":{"rendered":"Selva sobre Milhomme: \u201cEs un muy buen candidato\u201d"},"content":{"rendered":"\n<p>En primer\nlugar, ante la requisitoria \u2013 y ante el inminente final de su periodo en la\nC\u00e1mara el pr\u00f3ximo 10 de diciembre \u2013 indic\u00f3: \u201ca\u00fan no tengo decidido que voy a\nhacer\u201d. <\/p>\n\n\n\n<p>Tras las declaraciones de <a href=\"https:\/\/www.hoymercedes.com.ar\/principal\/2019\/01\/22\/milhomme-la-verdad-es-que-tengo-muchisimas-ganas-de-ser-intendente-de-mercedes\/\" target=\"_blank\" rel=\"noreferrer noopener\" aria-label=\"Carlos Milhomme  (opens in a new tab)\">Carlos Milhomme <\/a>sobre sus intenciones de ser candidato por nuestra ciudad, el referente m\u00e1ximo de la Agrupaci\u00f3n 17 de Octubre, el diputado Carlos Selva habl\u00f3 en los medios locales sobre su lanzamiento.<\/p>\n\n\n\n<p>En tanto,\nen cuanto a la precandidatura del hoy \u00fanico concejal de su espacio pol\u00edtico,\nse\u00f1al\u00f3: \u201cme parece excelente que Carlos (Milhomme) se manifieste de esa manera,\nes parte de nuestro espacio, forma parte de la Agrupaci\u00f3n y es uno de los\ndirigentes que m\u00e1s se ha formado dentro del equipo. Pero adem\u00e1s, tiene ganas\nque es una diferencia notoria, de asumir responsabilidades, se ha preparado y\nconoce los temas de la ciudad. Habr\u00e1 que armar los equipos y trabajar en\nfunci\u00f3n de ello\u201d.<\/p>\n\n\n\n<p>En cuanto a\nsi lo apoya en ese camino, Selva expres\u00f3 sin dudar: \u201cPor supuesto. Siempre\nhemos defendido los equipos de trabajo, no las personas. Lamentablemente hace\nunos a\u00f1os la sociedad decidi\u00f3 votar personas y por eso se dinamitaron los\npartidos pol\u00edticos. Pero Carlos forma parte y valora, y pone en valor lo que es\nun equipo de trabajo. Y es una persona que genuinamente quiere a su ciudad y la\nconoce. Hoy por hoy, Carlos es un muy buen candidato\u201d.<\/p>\n\n\n\n<p>Colaboraci\u00f3n:\nYesica Landola<\/p>\n","protected":false},"excerpt":{"rendered":"<p>En primer lugar, ante la requisitoria \u2013 y ante el inminente final de su periodo en la C\u00e1mara el pr\u00f3ximo &#8230; <a title=\"Selva sobre Milhomme: \u201cEs un muy buen candidato\u201d\" class=\"read-more\" href=\"https:\/\/www.hoymercedes.com.ar\/principal\/2019\/01\/23\/selva-sobre-milhomme-es-un-muy-buen-candidato\/\" aria-label=\"Leer m\u00e1s sobre Selva sobre Milhomme: \u201cEs un muy buen candidato\u201d\">Leer m\u00e1s<\/a><\/p>\n","protected":false},"author":1,"featured_media":82988,"comment_status":"closed","ping_status":"open","sticky":false,"template":"","format":"standard","meta":{"_monsterinsights_skip_tracking":false,"_monsterinsights_sitenote_active":false,"_monsterinsights_sitenote_note":"","_monsterinsights_sitenote_category":0,"jetpack_post_was_ever_published":false,"_jetpack_newsletter_access":"","_jetpack_dont_email_post_to_subs":false,"_jetpack_newsletter_tier_id":0,"_jetpack_memberships_contains_paywalled_content":false,"_jetpack_memberships_contains_paid_content":false,"footnotes":"","jetpack_publicize_message":"","jetpack_publicize_feature_enabled":true,"jetpack_social_post_already_shared":true,"jetpack_social_options":{"image_generator_settings":{"template":"highway","default_image_id":0,"font":"","enabled":false},"version":2},"_wpas_customize_per_network":false},"categories":[5],"tags":[39,14403,3537],"class_list":["post-87223","post","type-post","status-publish","format-standard","has-post-thumbnail","hentry","category-politica","tag-carlos-selva","tag-elecciones-2019","tag-frente-renovador","generate-columns","tablet-grid-50","mobile-grid-100","grid-parent","grid-50"],"jetpack_publicize_connections":[],"jetpack_featured_media_url":"https:\/\/www.hoymercedes.com.ar\/principal\/wp-content\/uploads\/2018\/10\/24-selvaenyou.jpg","wps_subtitle":"Anticipando las elecciones 2019","jetpack_sharing_enabled":true,"_links":{"self":[{"href":"https:\/\/www.hoymercedes.com.ar\/principal\/wp-json\/wp\/v2\/posts\/87223","targetHints":{"allow":["GET"]}}],"collection":[{"href":"https:\/\/www.hoymercedes.com.ar\/principal\/wp-json\/wp\/v2\/posts"}],"about":[{"href":"https:\/\/www.hoymercedes.com.ar\/principal\/wp-json\/wp\/v2\/types\/post"}],"author":[{"embeddable":true,"href":"https:\/\/www.hoymercedes.com.ar\/principal\/wp-json\/wp\/v2\/users\/1"}],"replies":[{"embeddable":true,"href":"https:\/\/www.hoymercedes.com.ar\/principal\/wp-json\/wp\/v2\/comments?post=87223"}],"version-history":[{"count":0,"href":"https:\/\/www.hoymercedes.com.ar\/principal\/wp-json\/wp\/v2\/posts\/87223\/revisions"}],"wp:featuredmedia":[{"embeddable":true,"href":"https:\/\/www.hoymercedes.com.ar\/principal\/wp-json\/wp\/v2\/media\/82988"}],"wp:attachment":[{"href":"https:\/\/www.hoymercedes.com.ar\/principal\/wp-json\/wp\/v2\/media?parent=87223"}],"wp:term":[{"taxonomy":"category","embeddable":true,"href":"https:\/\/www.hoymercedes.com.ar\/principal\/wp-json\/wp\/v2\/categories?post=87223"},{"taxonomy":"post_tag","embeddable":true,"href":"https:\/\/www.hoymercedes.com.ar\/principal\/wp-json\/wp\/v2\/tags?post=87223"}],"curies":[{"name":"wp","href":"https:\/\/api.w.org\/{rel}","templated":true}]}}