{"id":87231,"date":"2019-01-22T19:45:27","date_gmt":"2019-01-22T22:45:27","guid":{"rendered":"http:\/\/www.hoymercedes.com.ar\/principal\/?p=87231"},"modified":"2019-01-22T18:11:40","modified_gmt":"2019-01-22T21:11:40","slug":"dos-mercedinos-en-una-amansadora-hasta-san-luis","status":"publish","type":"post","link":"https:\/\/www.hoymercedes.com.ar\/principal\/2019\/01\/22\/dos-mercedinos-en-una-amansadora-hasta-san-luis\/","title":{"rendered":"Dos mercedinos en una amansadora hasta San Luis"},"content":{"rendered":"\n<p>Dos \u201caventureros\u201d,\ncomo ellos se denominan, iniciaron un viaje en un carro acarreado con un\ncaballo con el objetivo de llegar a Merlo (San Luis) yendo por los caminos\nrurales. Se trata de Diego Do\u00f1agueda (43 a\u00f1os) y Pedro Valdez (48 a\u00f1os).\nPartieron en la ma\u00f1ana del martes con el objetivo de visitar localidades rurales\nde Buenos Aires, La Pampa, C\u00f3rdoba y San Luis. \u201cVamos con los tiempos del\nanimal, vamos a hacer un viaje tranquilo\u201d, contaron Diego y Pedro.<\/p>\n\n\n\n<figure class=\"wp-block-image\"><img loading=\"lazy\" decoding=\"async\" width=\"750\" height=\"500\" data-attachment-id=\"87232\" data-permalink=\"https:\/\/www.hoymercedes.com.ar\/principal\/2019\/01\/22\/dos-mercedinos-en-una-amansadora-hasta-san-luis\/22-viajeros-carreta-0\/#main\" data-orig-file=\"https:\/\/www.hoymercedes.com.ar\/principal\/wp-content\/uploads\/2019\/01\/22-viajeros-carreta-0.jpg\" data-orig-size=\"750,500\" data-comments-opened=\"0\" data-image-meta=\"{&quot;aperture&quot;:&quot;0&quot;,&quot;credit&quot;:&quot;&quot;,&quot;camera&quot;:&quot;&quot;,&quot;caption&quot;:&quot;&quot;,&quot;created_timestamp&quot;:&quot;0&quot;,&quot;copyright&quot;:&quot;&quot;,&quot;focal_length&quot;:&quot;0&quot;,&quot;iso&quot;:&quot;0&quot;,&quot;shutter_speed&quot;:&quot;0&quot;,&quot;title&quot;:&quot;&quot;,&quot;orientation&quot;:&quot;0&quot;}\" data-image-title=\"22 viajeros carreta 0\" data-image-description=\"\" data-image-caption=\"\" data-large-file=\"https:\/\/www.hoymercedes.com.ar\/principal\/wp-content\/uploads\/2019\/01\/22-viajeros-carreta-0.jpg\" src=\"https:\/\/www.hoymercedes.com.ar\/principal\/wp-content\/uploads\/2019\/01\/22-viajeros-carreta-0.jpg\" alt=\"\" class=\"wp-image-87232\" srcset=\"https:\/\/www.hoymercedes.com.ar\/principal\/wp-content\/uploads\/2019\/01\/22-viajeros-carreta-0.jpg 750w, https:\/\/www.hoymercedes.com.ar\/principal\/wp-content\/uploads\/2019\/01\/22-viajeros-carreta-0-150x100.jpg 150w, https:\/\/www.hoymercedes.com.ar\/principal\/wp-content\/uploads\/2019\/01\/22-viajeros-carreta-0-630x420.jpg 630w, https:\/\/www.hoymercedes.com.ar\/principal\/wp-content\/uploads\/2019\/01\/22-viajeros-carreta-0-720x480.jpg 720w, https:\/\/www.hoymercedes.com.ar\/principal\/wp-content\/uploads\/2019\/01\/22-viajeros-carreta-0-360x240.jpg 360w\" sizes=\"auto, (max-width: 750px) 100vw, 750px\" \/><figcaption>Un caballo, una amansadora y perros de compa\u00f1\u00eda en el viaje de Diego y Pedro<\/figcaption><\/figure>\n\n\n\n<p>Un caballo,\nun carro adecuado para la traves\u00eda y varios perros siguiendo el camino, as\u00ed\npartieron en la ma\u00f1ana del lunes dos amigos, Diego Do\u00f1agueda y Pablo Valdez. El\nobjetivo, emprender una aventura por los caminos rurales argentinos. El tiempo\nde aventura lo desconocen, pero all\u00e1 fueron. Podr\u00e1 llevarles un mes, dos o\ncinco. El ritmo del caballo y la gente que se encuentren en el camino, lo determinar\u00e1n.\n<\/p>\n\n\n\n<p>Hace dos\na\u00f1os Diego hizo un trayecto similar, pero solo y con dos caballos. Conoci\u00f3 muchas\npersonas de las cuales se hizo amigo y ahora intentar\u00e1 visitar. Su amigo Pedro se\nacopl\u00f3 y debieron reacondicionar una amansadora, algo m\u00e1s chico que un sulki, para\npoder andar los dos. <\/p>\n\n\n\n<p>\u201cLa idea\nm\u00eda era volver a viajar como lo hice hace dos a\u00f1os, visitar la gente que conoc\u00ed.\nCon Pedro tenemos una gran amistad y sali\u00f3 la idea de hacer el viaje juntos.\nTuvimos que conseguir un caballo de pecho. Reformar la amansadora porque le\nsacamos las ruedas de madera y pusimos ruedas de veh\u00edculos\u201d, cont\u00f3 y luego\nrelat\u00f3 que el viaje comenz\u00f3 en Mercedes para llegar por caminos de tierra a\nSuipacha, Rivas, continuar a Baigorrita, \u201cesquivar la laguna\u201d, Berm\u00fadez, Germania\n(General Pintos), Banderalao, Realic\u00f3 (La Pampa), Quetrequ\u00e9n, Rancul, entre\notros pueblos para terminar una primera etapa en Ca\u00f1ada Verde en C\u00f3rdoba. <\/p>\n\n\n\n<figure class=\"wp-block-image\"><img loading=\"lazy\" decoding=\"async\" width=\"750\" height=\"501\" data-attachment-id=\"87233\" data-permalink=\"https:\/\/www.hoymercedes.com.ar\/principal\/2019\/01\/22\/dos-mercedinos-en-una-amansadora-hasta-san-luis\/22-viajeros-carreta-1\/#main\" data-orig-file=\"https:\/\/www.hoymercedes.com.ar\/principal\/wp-content\/uploads\/2019\/01\/22-viajeros-carreta-1.jpg\" data-orig-size=\"750,501\" data-comments-opened=\"0\" data-image-meta=\"{&quot;aperture&quot;:&quot;0&quot;,&quot;credit&quot;:&quot;&quot;,&quot;camera&quot;:&quot;&quot;,&quot;caption&quot;:&quot;&quot;,&quot;created_timestamp&quot;:&quot;0&quot;,&quot;copyright&quot;:&quot;&quot;,&quot;focal_length&quot;:&quot;0&quot;,&quot;iso&quot;:&quot;0&quot;,&quot;shutter_speed&quot;:&quot;0&quot;,&quot;title&quot;:&quot;&quot;,&quot;orientation&quot;:&quot;0&quot;}\" data-image-title=\"22 viajeros carreta 1\" data-image-description=\"\" data-image-caption=\"\" data-large-file=\"https:\/\/www.hoymercedes.com.ar\/principal\/wp-content\/uploads\/2019\/01\/22-viajeros-carreta-1.jpg\" src=\"https:\/\/www.hoymercedes.com.ar\/principal\/wp-content\/uploads\/2019\/01\/22-viajeros-carreta-1.jpg\" alt=\"\" class=\"wp-image-87233\" srcset=\"https:\/\/www.hoymercedes.com.ar\/principal\/wp-content\/uploads\/2019\/01\/22-viajeros-carreta-1.jpg 750w, https:\/\/www.hoymercedes.com.ar\/principal\/wp-content\/uploads\/2019\/01\/22-viajeros-carreta-1-150x100.jpg 150w, https:\/\/www.hoymercedes.com.ar\/principal\/wp-content\/uploads\/2019\/01\/22-viajeros-carreta-1-630x421.jpg 630w, https:\/\/www.hoymercedes.com.ar\/principal\/wp-content\/uploads\/2019\/01\/22-viajeros-carreta-1-720x480.jpg 720w, https:\/\/www.hoymercedes.com.ar\/principal\/wp-content\/uploads\/2019\/01\/22-viajeros-carreta-1-360x240.jpg 360w\" sizes=\"auto, (max-width: 750px) 100vw, 750px\" \/><figcaption>Pedro Valdez ultimando detalles previos al viaje<\/figcaption><\/figure>\n\n\n\n<p>\u201cEl\nrecorrido depender\u00e1 como est\u00e9n los caminos. La idea es que si estamos bien\nnosotros y el animal, y si no tenemos ning\u00fan imprevisto, queremos llegar a San\nLuis. Nos encantar\u00eda ir hasta el Cura Brochero, pero no sabemos. Lo iremos\nresolviendo en el camino. Vamos con los tiempos del animal tambi\u00e9n. A veces en\nlas estancias nos ofrecen corrales con alfalfa y nos quedaremos los d\u00edas para\nque el animal descanse y luego seguir. Vamos a hacer un viaje tranquilo\u201d,\nagreg\u00f3 Diego Do\u00f1agueda. <\/p>\n\n\n\n<p>Por otra parte, Diego agradeci\u00f3 a todos los que colaboraron y ayudaron para que Pedro y \u00e9l viajen. \u201cF\u00edsicamente viajamos dos, pero arriba del carro viaja mucha gente que nos ayud\u00f3, que nos hicieron gauchadas, nos prepararon las cosas del carro. Mucha gente que hizo que hoy pudi\u00e9semos salir con todo armado. Nosotros somos dos aventureros que detr\u00e1s hay un equipo que tambi\u00e9n hizo el sacrificio\u201d, expres\u00f3 Diego recordando el esfuerzo de familiares y amigos para que ellos emprendiesen un viaje que inici\u00f3 el martes para llegar a San Luis en algunos meses. <\/p>\n\n\n\n<figure class=\"wp-block-image\"><img loading=\"lazy\" decoding=\"async\" width=\"800\" height=\"480\" data-attachment-id=\"87235\" data-permalink=\"https:\/\/www.hoymercedes.com.ar\/principal\/2019\/01\/22\/dos-mercedinos-en-una-amansadora-hasta-san-luis\/22-viajeros-carreta-3\/#main\" data-orig-file=\"https:\/\/www.hoymercedes.com.ar\/principal\/wp-content\/uploads\/2019\/01\/22-viajeros-carreta-3.jpg\" data-orig-size=\"800,480\" data-comments-opened=\"0\" data-image-meta=\"{&quot;aperture&quot;:&quot;0&quot;,&quot;credit&quot;:&quot;&quot;,&quot;camera&quot;:&quot;&quot;,&quot;caption&quot;:&quot;&quot;,&quot;created_timestamp&quot;:&quot;0&quot;,&quot;copyright&quot;:&quot;&quot;,&quot;focal_length&quot;:&quot;0&quot;,&quot;iso&quot;:&quot;0&quot;,&quot;shutter_speed&quot;:&quot;0&quot;,&quot;title&quot;:&quot;&quot;,&quot;orientation&quot;:&quot;0&quot;}\" data-image-title=\"22 viajeros carreta 3\" data-image-description=\"\" data-image-caption=\"\" data-large-file=\"https:\/\/www.hoymercedes.com.ar\/principal\/wp-content\/uploads\/2019\/01\/22-viajeros-carreta-3.jpg\" src=\"https:\/\/www.hoymercedes.com.ar\/principal\/wp-content\/uploads\/2019\/01\/22-viajeros-carreta-3.jpg\" alt=\"\" class=\"wp-image-87235\" srcset=\"https:\/\/www.hoymercedes.com.ar\/principal\/wp-content\/uploads\/2019\/01\/22-viajeros-carreta-3.jpg 800w, https:\/\/www.hoymercedes.com.ar\/principal\/wp-content\/uploads\/2019\/01\/22-viajeros-carreta-3-150x90.jpg 150w, https:\/\/www.hoymercedes.com.ar\/principal\/wp-content\/uploads\/2019\/01\/22-viajeros-carreta-3-630x378.jpg 630w\" sizes=\"auto, (max-width: 800px) 100vw, 800px\" \/><figcaption>Diego y Pedro partieron en la ma\u00f1ana del martes 22 rumba a San Luis<\/figcaption><\/figure>\n","protected":false},"excerpt":{"rendered":"<p>Dos \u201caventureros\u201d, como ellos se denominan, iniciaron un viaje en un carro acarreado con un caballo con el objetivo de &#8230; <a title=\"Dos mercedinos en una amansadora hasta San Luis\" class=\"read-more\" href=\"https:\/\/www.hoymercedes.com.ar\/principal\/2019\/01\/22\/dos-mercedinos-en-una-amansadora-hasta-san-luis\/\" aria-label=\"Leer m\u00e1s sobre Dos mercedinos en una amansadora hasta San Luis\">Leer m\u00e1s<\/a><\/p>\n","protected":false},"author":1,"featured_media":87235,"comment_status":"closed","ping_status":"open","sticky":false,"template":"","format":"standard","meta":{"_monsterinsights_skip_tracking":false,"_monsterinsights_sitenote_active":false,"_monsterinsights_sitenote_note":"","_monsterinsights_sitenote_category":0,"jetpack_post_was_ever_published":false,"_jetpack_newsletter_access":"","_jetpack_dont_email_post_to_subs":false,"_jetpack_newsletter_tier_id":0,"_jetpack_memberships_contains_paywalled_content":false,"_jetpack_memberships_contains_paid_content":false,"footnotes":"","jetpack_publicize_message":"","jetpack_publicize_feature_enabled":true,"jetpack_social_post_already_shared":true,"jetpack_social_options":{"image_generator_settings":{"template":"highway","default_image_id":0,"font":"","enabled":false},"version":2},"_wpas_customize_per_network":false},"categories":[8],"tags":[14424,14425,14426,7802,9828],"class_list":["post-87231","post","type-post","status-publish","format-standard","has-post-thumbnail","hentry","category-sociedad","tag-aventureros","tag-diego-donagueda","tag-pedro-valdez","tag-sociedad","tag-viaje","generate-columns","tablet-grid-50","mobile-grid-100","grid-parent","grid-50"],"jetpack_publicize_connections":[],"jetpack_featured_media_url":"https:\/\/www.hoymercedes.com.ar\/principal\/wp-content\/uploads\/2019\/01\/22-viajeros-carreta-3.jpg","wps_subtitle":"Aventureros","jetpack_sharing_enabled":true,"_links":{"self":[{"href":"https:\/\/www.hoymercedes.com.ar\/principal\/wp-json\/wp\/v2\/posts\/87231","targetHints":{"allow":["GET"]}}],"collection":[{"href":"https:\/\/www.hoymercedes.com.ar\/principal\/wp-json\/wp\/v2\/posts"}],"about":[{"href":"https:\/\/www.hoymercedes.com.ar\/principal\/wp-json\/wp\/v2\/types\/post"}],"author":[{"embeddable":true,"href":"https:\/\/www.hoymercedes.com.ar\/principal\/wp-json\/wp\/v2\/users\/1"}],"replies":[{"embeddable":true,"href":"https:\/\/www.hoymercedes.com.ar\/principal\/wp-json\/wp\/v2\/comments?post=87231"}],"version-history":[{"count":0,"href":"https:\/\/www.hoymercedes.com.ar\/principal\/wp-json\/wp\/v2\/posts\/87231\/revisions"}],"wp:featuredmedia":[{"embeddable":true,"href":"https:\/\/www.hoymercedes.com.ar\/principal\/wp-json\/wp\/v2\/media\/87235"}],"wp:attachment":[{"href":"https:\/\/www.hoymercedes.com.ar\/principal\/wp-json\/wp\/v2\/media?parent=87231"}],"wp:term":[{"taxonomy":"category","embeddable":true,"href":"https:\/\/www.hoymercedes.com.ar\/principal\/wp-json\/wp\/v2\/categories?post=87231"},{"taxonomy":"post_tag","embeddable":true,"href":"https:\/\/www.hoymercedes.com.ar\/principal\/wp-json\/wp\/v2\/tags?post=87231"}],"curies":[{"name":"wp","href":"https:\/\/api.w.org\/{rel}","templated":true}]}}