{"id":87248,"date":"2019-01-23T07:35:16","date_gmt":"2019-01-23T10:35:16","guid":{"rendered":"http:\/\/www.hoymercedes.com.ar\/principal\/?p=87248"},"modified":"2019-01-23T08:48:32","modified_gmt":"2019-01-23T11:48:32","slug":"realizan-obras-en-el-barrio-esperanza","status":"publish","type":"post","link":"https:\/\/www.hoymercedes.com.ar\/principal\/2019\/01\/23\/realizan-obras-en-el-barrio-esperanza\/","title":{"rendered":"Realizan obras en el Barrio Esperanza"},"content":{"rendered":"\n<p>En el Barrio Esperanza comenzaron las obras solicitadas por los vecinos en el marco de las reuniones basadas en el presupuesto participativo. Es as\u00ed que la Municipalidad de Mercedes est\u00e1 construyendo veredas en aquellas cuadras necesarias. <\/p>\n\n\n\n<figure class=\"wp-block-image\"><img loading=\"lazy\" decoding=\"async\" width=\"750\" height=\"500\" data-attachment-id=\"87249\" data-permalink=\"https:\/\/www.hoymercedes.com.ar\/principal\/2019\/01\/23\/realizan-obras-en-el-barrio-esperanza\/23-muni-obras\/#main\" data-orig-file=\"https:\/\/www.hoymercedes.com.ar\/principal\/wp-content\/uploads\/2019\/01\/23-muni-obras.png\" data-orig-size=\"750,500\" data-comments-opened=\"0\" data-image-meta=\"{&quot;aperture&quot;:&quot;0&quot;,&quot;credit&quot;:&quot;&quot;,&quot;camera&quot;:&quot;&quot;,&quot;caption&quot;:&quot;&quot;,&quot;created_timestamp&quot;:&quot;0&quot;,&quot;copyright&quot;:&quot;&quot;,&quot;focal_length&quot;:&quot;0&quot;,&quot;iso&quot;:&quot;0&quot;,&quot;shutter_speed&quot;:&quot;0&quot;,&quot;title&quot;:&quot;&quot;,&quot;orientation&quot;:&quot;0&quot;}\" data-image-title=\"23 muni obras\" data-image-description=\"\" data-image-caption=\"\" data-large-file=\"https:\/\/www.hoymercedes.com.ar\/principal\/wp-content\/uploads\/2019\/01\/23-muni-obras.png\" src=\"https:\/\/www.hoymercedes.com.ar\/principal\/wp-content\/uploads\/2019\/01\/23-muni-obras.png\" alt=\"\" class=\"wp-image-87249\" srcset=\"https:\/\/www.hoymercedes.com.ar\/principal\/wp-content\/uploads\/2019\/01\/23-muni-obras.png 750w, https:\/\/www.hoymercedes.com.ar\/principal\/wp-content\/uploads\/2019\/01\/23-muni-obras-150x100.png 150w, https:\/\/www.hoymercedes.com.ar\/principal\/wp-content\/uploads\/2019\/01\/23-muni-obras-630x420.png 630w, https:\/\/www.hoymercedes.com.ar\/principal\/wp-content\/uploads\/2019\/01\/23-muni-obras-720x480.png 720w, https:\/\/www.hoymercedes.com.ar\/principal\/wp-content\/uploads\/2019\/01\/23-muni-obras-360x240.png 360w\" sizes=\"auto, (max-width: 750px) 100vw, 750px\" \/><\/figure>\n\n\n\n<p>De recorrida por las obras, el Intendente Interino Carlos Garro, el Jefe de Gabinete, Mat\u00edas Dematei y Marianela Arenillas, a cargo del presupuesto participativo en el \u00e1rea de Desarrollo Social, destacaron que la obra se inici\u00f3 como un pedido de los vecinos. <\/p>\n\n\n\n<p>\u00abSiempre escuchamos a los vecinos, tomamos sus solicitudes y tratamos de darles soluciones. Este es un trabajo en conjunto, donde los vecinos, adem\u00e1s, mantienen lo que se logra\u201d, destac\u00f3 Carlos Garro y record\u00f3 que la ordenanza de presupuesto participativo tiene como objetivo que los vecinos se involucren en las necesidades de sus barrio para subsanar con los recursos del Municipio. <\/p>\n\n\n\n<p>Marianela Arenillas, coordinadora de desarrollo social, y una de las personas que recorre los barrios llevando adelante las jornadas de presentaci\u00f3n y capacitaci\u00f3n sobre el \u201cPresupuesto Participativo\u201d explic\u00f3 \u201cesta iniciativa se comenz\u00f3 a desarrollar durante el 2018, y en el mes de octubre comenzaron las obras por pedido de los vecinos\u201d. A su vez destac\u00f3 \u201cestamos muy contentos por como se viene desarrollando el plan de trabajo\u201d.<\/p>\n\n\n\n<p>\u201cEn febrero-marzo comenzaremos a trabajar con el presupuesto participativo 2019, donde se realizan 3 reuniones, los vecinos deciden qu\u00e9 obra quieren, se vota y luego se comienzan las obras\u201d manifest\u00f3 Arenillas. &nbsp;<\/p>\n\n\n\n<p><br><\/p>\n","protected":false},"excerpt":{"rendered":"<p>En el Barrio Esperanza comenzaron las obras solicitadas por los vecinos en el marco de las reuniones basadas en el &#8230; <a title=\"Realizan obras en el Barrio Esperanza\" class=\"read-more\" href=\"https:\/\/www.hoymercedes.com.ar\/principal\/2019\/01\/23\/realizan-obras-en-el-barrio-esperanza\/\" aria-label=\"Leer m\u00e1s sobre Realizan obras en el Barrio Esperanza\">Leer m\u00e1s<\/a><\/p>\n","protected":false},"author":1,"featured_media":87249,"comment_status":"closed","ping_status":"open","sticky":false,"template":"","format":"standard","meta":{"_monsterinsights_skip_tracking":false,"_monsterinsights_sitenote_active":false,"_monsterinsights_sitenote_note":"","_monsterinsights_sitenote_category":0,"jetpack_post_was_ever_published":false,"_jetpack_newsletter_access":"","_jetpack_dont_email_post_to_subs":false,"_jetpack_newsletter_tier_id":0,"_jetpack_memberships_contains_paywalled_content":false,"_jetpack_memberships_contains_paid_content":false,"footnotes":"","jetpack_publicize_message":"","jetpack_publicize_feature_enabled":true,"jetpack_social_post_already_shared":true,"jetpack_social_options":{"image_generator_settings":{"template":"highway","default_image_id":0,"font":"","enabled":false},"version":2},"_wpas_customize_per_network":false},"categories":[30],"tags":[3391,244,1014,7360],"class_list":["post-87248","post","type-post","status-publish","format-standard","has-post-thumbnail","hentry","category-municipio","tag-barrio-esperanza","tag-municipio-2","tag-obras","tag-presupuesto-participativo","generate-columns","tablet-grid-50","mobile-grid-100","grid-parent","grid-50"],"jetpack_publicize_connections":[],"jetpack_featured_media_url":"https:\/\/www.hoymercedes.com.ar\/principal\/wp-content\/uploads\/2019\/01\/23-muni-obras.png","wps_subtitle":"Veredas en el barrio","jetpack_sharing_enabled":true,"_links":{"self":[{"href":"https:\/\/www.hoymercedes.com.ar\/principal\/wp-json\/wp\/v2\/posts\/87248","targetHints":{"allow":["GET"]}}],"collection":[{"href":"https:\/\/www.hoymercedes.com.ar\/principal\/wp-json\/wp\/v2\/posts"}],"about":[{"href":"https:\/\/www.hoymercedes.com.ar\/principal\/wp-json\/wp\/v2\/types\/post"}],"author":[{"embeddable":true,"href":"https:\/\/www.hoymercedes.com.ar\/principal\/wp-json\/wp\/v2\/users\/1"}],"replies":[{"embeddable":true,"href":"https:\/\/www.hoymercedes.com.ar\/principal\/wp-json\/wp\/v2\/comments?post=87248"}],"version-history":[{"count":0,"href":"https:\/\/www.hoymercedes.com.ar\/principal\/wp-json\/wp\/v2\/posts\/87248\/revisions"}],"wp:featuredmedia":[{"embeddable":true,"href":"https:\/\/www.hoymercedes.com.ar\/principal\/wp-json\/wp\/v2\/media\/87249"}],"wp:attachment":[{"href":"https:\/\/www.hoymercedes.com.ar\/principal\/wp-json\/wp\/v2\/media?parent=87248"}],"wp:term":[{"taxonomy":"category","embeddable":true,"href":"https:\/\/www.hoymercedes.com.ar\/principal\/wp-json\/wp\/v2\/categories?post=87248"},{"taxonomy":"post_tag","embeddable":true,"href":"https:\/\/www.hoymercedes.com.ar\/principal\/wp-json\/wp\/v2\/tags?post=87248"}],"curies":[{"name":"wp","href":"https:\/\/api.w.org\/{rel}","templated":true}]}}