{"id":87265,"date":"2019-01-23T17:52:57","date_gmt":"2019-01-23T20:52:57","guid":{"rendered":"http:\/\/www.hoymercedes.com.ar\/principal\/?p=87265"},"modified":"2019-01-23T18:01:18","modified_gmt":"2019-01-23T21:01:18","slug":"macri-y-vidal-recorrieron-obras-de-r5-en-suipacha","status":"publish","type":"post","link":"https:\/\/www.hoymercedes.com.ar\/principal\/2019\/01\/23\/macri-y-vidal-recorrieron-obras-de-r5-en-suipacha\/","title":{"rendered":"Macri y Vidal recorrieron obras de R5 en Suipacha"},"content":{"rendered":"\n<p>El presidente Mauricio Macri y la gobernadora bonaerense Mar\u00eda Eugenia Vidal se hicieron presentes este mi\u00e9rcoles en las obras de construcci\u00f3n del corredor B (Ruta Nacional 5) en la localidad de Suipacha. Entre los presentes, estuvieron el intendente de Suipacha, Alejandro Federico, as\u00ed como representantes de la industria y la producci\u00f3n.<br> <br>Tanto el Presidente como la Gobernadora hablaron ante los presentes. El Jefe de Estado remarc\u00f3 la importancia de la obra, que ser\u00e1 central para seguir expandiendo los canales del comercio interior en la provincia y el pa\u00eds.<\/p>\n\n\n\n<p>\u201cCon la infraestructura es una de las cosas con las que crece un pa\u00eds&#8230;\u00a0 Este es el camino de la dignidad y el del trabajo&#8230; Nos hemos comprometidos hasta el 2030 en ampliar las exportaciones.\u00a0Para eso se necesitan caminos, as\u00ed es la forma en la que vamos a crecer.\u00a0Lo hemos hecho recuperando valores que no siempre estuvieron: uno es el trabajo en equipo. Son miles de obras que ya se terminaron y que se hacen con la verdad y la transparencia\u201d, resalt\u00f3 el Presidente de la Naci\u00f3n.<\/p>\n\n\n\n<figure class=\"wp-block-embed-youtube wp-block-embed is-type-video is-provider-youtube wp-embed-aspect-16-9 wp-has-aspect-ratio\"><div class=\"wp-block-embed__wrapper\">\n<span class=\"embed-youtube\" style=\"text-align:center; display: block;\"><iframe loading=\"lazy\" class=\"youtube-player\" width=\"1200\" height=\"675\" src=\"https:\/\/www.youtube.com\/embed\/LaVmXGtkZFI?version=3&#038;rel=1&#038;showsearch=0&#038;showinfo=1&#038;iv_load_policy=1&#038;fs=1&#038;hl=es-ES&#038;autohide=2&#038;wmode=transparent\" allowfullscreen=\"true\" style=\"border:0;\" sandbox=\"allow-scripts allow-same-origin allow-popups allow-presentation allow-popups-to-escape-sandbox\"><\/iframe><\/span>\n<\/div><\/figure>\n","protected":false},"excerpt":{"rendered":"<p>El presidente Mauricio Macri y la gobernadora bonaerense Mar\u00eda Eugenia Vidal se hicieron presentes este mi\u00e9rcoles en las obras de &#8230; <a title=\"Macri y Vidal recorrieron obras de R5 en Suipacha\" class=\"read-more\" href=\"https:\/\/www.hoymercedes.com.ar\/principal\/2019\/01\/23\/macri-y-vidal-recorrieron-obras-de-r5-en-suipacha\/\" aria-label=\"Leer m\u00e1s sobre Macri y Vidal recorrieron obras de R5 en Suipacha\">Leer m\u00e1s<\/a><\/p>\n","protected":false},"author":1,"featured_media":87267,"comment_status":"closed","ping_status":"open","sticky":false,"template":"","format":"standard","meta":{"_monsterinsights_skip_tracking":false,"_monsterinsights_sitenote_active":false,"_monsterinsights_sitenote_note":"","_monsterinsights_sitenote_category":0,"jetpack_post_was_ever_published":false,"_jetpack_newsletter_access":"","_jetpack_dont_email_post_to_subs":false,"_jetpack_newsletter_tier_id":0,"_jetpack_memberships_contains_paywalled_content":false,"_jetpack_memberships_contains_paid_content":false,"footnotes":"","jetpack_publicize_message":"","jetpack_publicize_feature_enabled":true,"jetpack_social_post_already_shared":true,"jetpack_social_options":{"image_generator_settings":{"template":"highway","default_image_id":0,"font":"","enabled":false},"version":2},"_wpas_customize_per_network":false},"categories":[5501],"tags":[14428,1025,1014,538,626,8883],"class_list":["post-87265","post","type-post","status-publish","format-standard","has-post-thumbnail","hentry","category-region","tag-corredor-b","tag-macri","tag-obras","tag-ruta-5","tag-seguridad-vial","tag-vidal","generate-columns","tablet-grid-50","mobile-grid-100","grid-parent","grid-50"],"jetpack_publicize_connections":[],"jetpack_featured_media_url":"https:\/\/www.hoymercedes.com.ar\/principal\/wp-content\/uploads\/2019\/01\/23-macri-vidal-suipacha.jpg","wps_subtitle":"En la tarde del mi\u00e9rcoles","jetpack_sharing_enabled":true,"_links":{"self":[{"href":"https:\/\/www.hoymercedes.com.ar\/principal\/wp-json\/wp\/v2\/posts\/87265","targetHints":{"allow":["GET"]}}],"collection":[{"href":"https:\/\/www.hoymercedes.com.ar\/principal\/wp-json\/wp\/v2\/posts"}],"about":[{"href":"https:\/\/www.hoymercedes.com.ar\/principal\/wp-json\/wp\/v2\/types\/post"}],"author":[{"embeddable":true,"href":"https:\/\/www.hoymercedes.com.ar\/principal\/wp-json\/wp\/v2\/users\/1"}],"replies":[{"embeddable":true,"href":"https:\/\/www.hoymercedes.com.ar\/principal\/wp-json\/wp\/v2\/comments?post=87265"}],"version-history":[{"count":0,"href":"https:\/\/www.hoymercedes.com.ar\/principal\/wp-json\/wp\/v2\/posts\/87265\/revisions"}],"wp:featuredmedia":[{"embeddable":true,"href":"https:\/\/www.hoymercedes.com.ar\/principal\/wp-json\/wp\/v2\/media\/87267"}],"wp:attachment":[{"href":"https:\/\/www.hoymercedes.com.ar\/principal\/wp-json\/wp\/v2\/media?parent=87265"}],"wp:term":[{"taxonomy":"category","embeddable":true,"href":"https:\/\/www.hoymercedes.com.ar\/principal\/wp-json\/wp\/v2\/categories?post=87265"},{"taxonomy":"post_tag","embeddable":true,"href":"https:\/\/www.hoymercedes.com.ar\/principal\/wp-json\/wp\/v2\/tags?post=87265"}],"curies":[{"name":"wp","href":"https:\/\/api.w.org\/{rel}","templated":true}]}}