{"id":87275,"date":"2019-01-23T21:45:25","date_gmt":"2019-01-24T00:45:25","guid":{"rendered":"http:\/\/www.hoymercedes.com.ar\/principal\/?p=87275"},"modified":"2019-01-23T21:45:27","modified_gmt":"2019-01-24T00:45:27","slug":"se-conocieron-los-arbitros-para-el-debut-de-club-mercedes-y-trocha-en-el-regional-amateur","status":"publish","type":"post","link":"https:\/\/www.hoymercedes.com.ar\/principal\/2019\/01\/23\/se-conocieron-los-arbitros-para-el-debut-de-club-mercedes-y-trocha-en-el-regional-amateur\/","title":{"rendered":"Se conocieron los \u00e1rbitros para el debut de Club Mercedes y Trocha en el Regional Amateur"},"content":{"rendered":"\n<p>De a poco va tomando color el nuevo certamen regional que jugar\u00e1n los equipos de la Liga Mercedina. Ya con fecha y hora confirmada, restaba saber las designaciones arbitrales y en la jornada de este mi\u00e9rcoles se supieron.<\/p>\n\n\n\n<div class=\"wp-block-image\"><figure class=\"aligncenter\"><img loading=\"lazy\" decoding=\"async\" width=\"320\" height=\"327\" data-attachment-id=\"87282\" data-permalink=\"https:\/\/www.hoymercedes.com.ar\/principal\/2019\/01\/23\/se-conocieron-los-arbitros-para-el-debut-de-club-mercedes-y-trocha-en-el-regional-amateur\/javier-mihura\/#main\" data-orig-file=\"https:\/\/www.hoymercedes.com.ar\/principal\/wp-content\/uploads\/2019\/01\/Javier-Mihura.jpg\" data-orig-size=\"320,327\" data-comments-opened=\"0\" data-image-meta=\"{&quot;aperture&quot;:&quot;0&quot;,&quot;credit&quot;:&quot;&quot;,&quot;camera&quot;:&quot;&quot;,&quot;caption&quot;:&quot;&quot;,&quot;created_timestamp&quot;:&quot;0&quot;,&quot;copyright&quot;:&quot;&quot;,&quot;focal_length&quot;:&quot;0&quot;,&quot;iso&quot;:&quot;0&quot;,&quot;shutter_speed&quot;:&quot;0&quot;,&quot;title&quot;:&quot;&quot;,&quot;orientation&quot;:&quot;0&quot;}\" data-image-title=\"Javier Mihura\" data-image-description=\"\" data-image-caption=\"\" data-large-file=\"https:\/\/www.hoymercedes.com.ar\/principal\/wp-content\/uploads\/2019\/01\/Javier-Mihura.jpg\" src=\"https:\/\/www.hoymercedes.com.ar\/principal\/wp-content\/uploads\/2019\/01\/Javier-Mihura.jpg\" alt=\"\" class=\"wp-image-87282\" srcset=\"https:\/\/www.hoymercedes.com.ar\/principal\/wp-content\/uploads\/2019\/01\/Javier-Mihura.jpg 320w, https:\/\/www.hoymercedes.com.ar\/principal\/wp-content\/uploads\/2019\/01\/Javier-Mihura-147x150.jpg 147w\" sizes=\"auto, (max-width: 320px) 100vw, 320px\" \/><\/figure><\/div>\n\n\n\n<p>Mercedes recibir\u00e1 a El Front\u00f3n el domingo desde las 17.10 y el \u00e1rbitro ser\u00e1 Javier Mihura (h) y sus asistentes ser\u00e1n Sergio Monz\u00f3n y Mariano Marcelo. Por el lado de Trocha, que visitar\u00e1 el domingo desde las 17.30 a Sportsman de Carmen de Areco, el \u00e1rbitro ser\u00e1 Nicol\u00e1s Mattocio, acompa\u00f1ado por Federico De Luca y Walter Mario, todos de la Liga de Chivilcoy.<\/p>\n\n\n\n<p>El otro mercedino que estar\u00e1 dirigiendo ser\u00e1 Ernesto Callegari, cuando el domingo, por Copa Argentina, sea el asistente uno el duelo de cordobeses entre Estudiantes de R\u00edo Cuarto y Sportivo Belgrano de San Francisco,<\/p>\n","protected":false},"excerpt":{"rendered":"<p>De a poco va tomando color el nuevo certamen regional que jugar\u00e1n los equipos de la Liga Mercedina. Ya con &#8230; <a title=\"Se conocieron los \u00e1rbitros para el debut de Club Mercedes y Trocha en el Regional Amateur\" class=\"read-more\" href=\"https:\/\/www.hoymercedes.com.ar\/principal\/2019\/01\/23\/se-conocieron-los-arbitros-para-el-debut-de-club-mercedes-y-trocha-en-el-regional-amateur\/\" aria-label=\"Leer m\u00e1s sobre Se conocieron los \u00e1rbitros para el debut de Club Mercedes y Trocha en el Regional Amateur\">Leer m\u00e1s<\/a><\/p>\n","protected":false},"author":1,"featured_media":87282,"comment_status":"closed","ping_status":"open","sticky":false,"template":"","format":"standard","meta":{"_monsterinsights_skip_tracking":false,"_monsterinsights_sitenote_active":false,"_monsterinsights_sitenote_note":"","_monsterinsights_sitenote_category":0,"jetpack_post_was_ever_published":false,"_jetpack_newsletter_access":"","_jetpack_dont_email_post_to_subs":false,"_jetpack_newsletter_tier_id":0,"_jetpack_memberships_contains_paywalled_content":false,"_jetpack_memberships_contains_paid_content":false,"footnotes":"","jetpack_publicize_message":"","jetpack_publicize_feature_enabled":true,"jetpack_social_post_already_shared":true,"jetpack_social_options":{"image_generator_settings":{"template":"highway","default_image_id":0,"font":"","enabled":false},"version":2},"_wpas_customize_per_network":false},"categories":[21],"tags":[14255],"class_list":["post-87275","post","type-post","status-publish","format-standard","has-post-thumbnail","hentry","category-deportes","tag-regional-amateur","generate-columns","tablet-grid-50","mobile-grid-100","grid-parent","grid-50"],"jetpack_publicize_connections":[],"jetpack_featured_media_url":"https:\/\/www.hoymercedes.com.ar\/principal\/wp-content\/uploads\/2019\/01\/Javier-Mihura.jpg","wps_subtitle":"Regional Amateur","jetpack_sharing_enabled":true,"_links":{"self":[{"href":"https:\/\/www.hoymercedes.com.ar\/principal\/wp-json\/wp\/v2\/posts\/87275","targetHints":{"allow":["GET"]}}],"collection":[{"href":"https:\/\/www.hoymercedes.com.ar\/principal\/wp-json\/wp\/v2\/posts"}],"about":[{"href":"https:\/\/www.hoymercedes.com.ar\/principal\/wp-json\/wp\/v2\/types\/post"}],"author":[{"embeddable":true,"href":"https:\/\/www.hoymercedes.com.ar\/principal\/wp-json\/wp\/v2\/users\/1"}],"replies":[{"embeddable":true,"href":"https:\/\/www.hoymercedes.com.ar\/principal\/wp-json\/wp\/v2\/comments?post=87275"}],"version-history":[{"count":0,"href":"https:\/\/www.hoymercedes.com.ar\/principal\/wp-json\/wp\/v2\/posts\/87275\/revisions"}],"wp:featuredmedia":[{"embeddable":true,"href":"https:\/\/www.hoymercedes.com.ar\/principal\/wp-json\/wp\/v2\/media\/87282"}],"wp:attachment":[{"href":"https:\/\/www.hoymercedes.com.ar\/principal\/wp-json\/wp\/v2\/media?parent=87275"}],"wp:term":[{"taxonomy":"category","embeddable":true,"href":"https:\/\/www.hoymercedes.com.ar\/principal\/wp-json\/wp\/v2\/categories?post=87275"},{"taxonomy":"post_tag","embeddable":true,"href":"https:\/\/www.hoymercedes.com.ar\/principal\/wp-json\/wp\/v2\/tags?post=87275"}],"curies":[{"name":"wp","href":"https:\/\/api.w.org\/{rel}","templated":true}]}}