{"id":87281,"date":"2019-01-24T00:38:44","date_gmt":"2019-01-24T03:38:44","guid":{"rendered":"http:\/\/www.hoymercedes.com.ar\/principal\/?p=87281"},"modified":"2019-01-24T16:17:08","modified_gmt":"2019-01-24T19:17:08","slug":"inicio-curso-de-pre-parto-y-lactancia-en-bo-san-jose","status":"publish","type":"post","link":"https:\/\/www.hoymercedes.com.ar\/principal\/2019\/01\/24\/inicio-curso-de-pre-parto-y-lactancia-en-bo-san-jose\/","title":{"rendered":"Inici\u00f3 curso de pre parto y lactancia en Bo. San Jos\u00e9"},"content":{"rendered":"\n<p>En el marco del programa Mil D\u00edas, comenzaron los seis encuentros de preparaci\u00f3n para el parto en la Sociedad de Fomento del barrio San Jos\u00e9. Est\u00e1 destinado a mujeres embarazadas a partir de la semana 24 de gestaci\u00f3n.<\/p>\n\n\n\n<figure class=\"wp-block-image\"><img loading=\"lazy\" decoding=\"async\" width=\"750\" height=\"500\" data-attachment-id=\"87285\" data-permalink=\"https:\/\/www.hoymercedes.com.ar\/principal\/2019\/01\/24\/inicio-curso-de-pre-parto-y-lactancia-en-bo-san-jose\/23-muni-mil-dias\/#main\" data-orig-file=\"https:\/\/www.hoymercedes.com.ar\/principal\/wp-content\/uploads\/2019\/01\/23-muni-mil-dias.jpg\" data-orig-size=\"750,500\" data-comments-opened=\"0\" data-image-meta=\"{&quot;aperture&quot;:&quot;4&quot;,&quot;credit&quot;:&quot;SEBASTIANAMBROSSIO&quot;,&quot;camera&quot;:&quot;NIKON D5&quot;,&quot;caption&quot;:&quot;&quot;,&quot;created_timestamp&quot;:&quot;1518714421&quot;,&quot;copyright&quot;:&quot;SebastianAmbrossio&quot;,&quot;focal_length&quot;:&quot;29&quot;,&quot;iso&quot;:&quot;3200&quot;,&quot;shutter_speed&quot;:&quot;0.01&quot;,&quot;title&quot;:&quot;&quot;,&quot;orientation&quot;:&quot;1&quot;}\" data-image-title=\"23 muni mil dias\" data-image-description=\"\" data-image-caption=\"\" data-large-file=\"https:\/\/www.hoymercedes.com.ar\/principal\/wp-content\/uploads\/2019\/01\/23-muni-mil-dias.jpg\" src=\"https:\/\/www.hoymercedes.com.ar\/principal\/wp-content\/uploads\/2019\/01\/23-muni-mil-dias.jpg\" alt=\"\" class=\"wp-image-87285\" srcset=\"https:\/\/www.hoymercedes.com.ar\/principal\/wp-content\/uploads\/2019\/01\/23-muni-mil-dias.jpg 750w, https:\/\/www.hoymercedes.com.ar\/principal\/wp-content\/uploads\/2019\/01\/23-muni-mil-dias-150x100.jpg 150w, https:\/\/www.hoymercedes.com.ar\/principal\/wp-content\/uploads\/2019\/01\/23-muni-mil-dias-630x420.jpg 630w, https:\/\/www.hoymercedes.com.ar\/principal\/wp-content\/uploads\/2019\/01\/23-muni-mil-dias-720x480.jpg 720w, https:\/\/www.hoymercedes.com.ar\/principal\/wp-content\/uploads\/2019\/01\/23-muni-mil-dias-360x240.jpg 360w\" sizes=\"auto, (max-width: 750px) 100vw, 750px\" \/><\/figure>\n\n\n\n<p>Los cursos pre parto son varios encuentros en los que se dan formaci\u00f3n e informaci\u00f3n a las futuras mam\u00e1s y pap\u00e1s, y de esa manera tener una mejor preparaci\u00f3n para el momento del nacimiento, como as\u00ed tambi\u00e9n, los primeros cuidados.<\/p>\n\n\n\n<p>Emilia Marfia, interina en la Secretar\u00eda de Salud, explic\u00f3 que las mujeres embarazadas, tengo o no obras social, pueden realizar el curso. \u00abNo necesariamente tiene que estar inscripta en el programa, sino que lo puede hacer al momento de acercarse. Se acercan con su libreta sanitaria, se las inscriben y comienzan el curso\u201d, explic\u00f3.<\/p>\n\n\n\n<p>El curso tiene una duraci\u00f3n de seis encuentros, de 3 horas cada uno y la mujer embarazada puede ir sola o acompa\u00f1ada. El primero es un encuentro de preparaci\u00f3n. Las coordinadoras conocen a las futuras mam\u00e1s, mientras que el segundo se habla todo lo referido al parto, y luego a la ces\u00e1rea. Tambi\u00e9n hay charlas sobre ejercicios, respiraci\u00f3n y relajaci\u00f3n. Adem\u00e1s, de encuentro de lactancia y cuidados del reci\u00e9n nacido. <\/p>\n\n\n\n<p>\u201cApuntamos a que quienes realicen este curso lo hagan de manera acompa\u00f1ada, debido que es muy importante el apoyo de la familia durante el proceso\u201d agreg\u00f3 Manfr\u00eda.<\/p>\n\n\n\n<p>Para asistir al curso en el Barrio San Jos\u00e9, ser\u00e1 necesario acercarse a la Sociedad de Fomento del barrio en calle 50 y 21. Otra opci\u00f3n es dirigirse a la Secretar\u00eda de Salud o a la Secretar\u00eda de Desarrollo Social para conocer cuando y donde se desarrollan los otros cursos organizados en el marco del Programa Mil D\u00edas. <\/p>\n","protected":false},"excerpt":{"rendered":"<p>En el marco del programa Mil D\u00edas, comenzaron los seis encuentros de preparaci\u00f3n para el parto en la Sociedad de &#8230; <a title=\"Inici\u00f3 curso de pre parto y lactancia en Bo. San Jos\u00e9\" class=\"read-more\" href=\"https:\/\/www.hoymercedes.com.ar\/principal\/2019\/01\/24\/inicio-curso-de-pre-parto-y-lactancia-en-bo-san-jose\/\" aria-label=\"Leer m\u00e1s sobre Inici\u00f3 curso de pre parto y lactancia en Bo. San Jos\u00e9\">Leer m\u00e1s<\/a><\/p>\n","protected":false},"author":1,"featured_media":87285,"comment_status":"closed","ping_status":"open","sticky":false,"template":"","format":"standard","meta":{"_monsterinsights_skip_tracking":false,"_monsterinsights_sitenote_active":false,"_monsterinsights_sitenote_note":"","_monsterinsights_sitenote_category":0,"jetpack_post_was_ever_published":false,"_jetpack_newsletter_access":"","_jetpack_dont_email_post_to_subs":false,"_jetpack_newsletter_tier_id":0,"_jetpack_memberships_contains_paywalled_content":false,"_jetpack_memberships_contains_paid_content":false,"footnotes":"","jetpack_publicize_message":"","jetpack_publicize_feature_enabled":true,"jetpack_social_post_already_shared":true,"jetpack_social_options":{"image_generator_settings":{"template":"highway","default_image_id":0,"font":"","enabled":false},"version":2},"_wpas_customize_per_network":false},"categories":[9791],"tags":[10358,11368,134],"class_list":["post-87281","post","type-post","status-publish","format-standard","has-post-thumbnail","hentry","category-salud","tag-municipio","tag-programa-mil-dias","tag-salud","generate-columns","tablet-grid-50","mobile-grid-100","grid-parent","grid-50"],"jetpack_publicize_connections":[],"jetpack_featured_media_url":"https:\/\/www.hoymercedes.com.ar\/principal\/wp-content\/uploads\/2019\/01\/23-muni-mil-dias.jpg","wps_subtitle":"Programa Mil D\u00edas","jetpack_sharing_enabled":true,"_links":{"self":[{"href":"https:\/\/www.hoymercedes.com.ar\/principal\/wp-json\/wp\/v2\/posts\/87281","targetHints":{"allow":["GET"]}}],"collection":[{"href":"https:\/\/www.hoymercedes.com.ar\/principal\/wp-json\/wp\/v2\/posts"}],"about":[{"href":"https:\/\/www.hoymercedes.com.ar\/principal\/wp-json\/wp\/v2\/types\/post"}],"author":[{"embeddable":true,"href":"https:\/\/www.hoymercedes.com.ar\/principal\/wp-json\/wp\/v2\/users\/1"}],"replies":[{"embeddable":true,"href":"https:\/\/www.hoymercedes.com.ar\/principal\/wp-json\/wp\/v2\/comments?post=87281"}],"version-history":[{"count":0,"href":"https:\/\/www.hoymercedes.com.ar\/principal\/wp-json\/wp\/v2\/posts\/87281\/revisions"}],"wp:featuredmedia":[{"embeddable":true,"href":"https:\/\/www.hoymercedes.com.ar\/principal\/wp-json\/wp\/v2\/media\/87285"}],"wp:attachment":[{"href":"https:\/\/www.hoymercedes.com.ar\/principal\/wp-json\/wp\/v2\/media?parent=87281"}],"wp:term":[{"taxonomy":"category","embeddable":true,"href":"https:\/\/www.hoymercedes.com.ar\/principal\/wp-json\/wp\/v2\/categories?post=87281"},{"taxonomy":"post_tag","embeddable":true,"href":"https:\/\/www.hoymercedes.com.ar\/principal\/wp-json\/wp\/v2\/tags?post=87281"}],"curies":[{"name":"wp","href":"https:\/\/api.w.org\/{rel}","templated":true}]}}