{"id":87286,"date":"2019-01-25T20:11:05","date_gmt":"2019-01-25T23:11:05","guid":{"rendered":"http:\/\/www.hoymercedes.com.ar\/principal\/?p=87286"},"modified":"2019-01-25T20:11:32","modified_gmt":"2019-01-25T23:11:32","slug":"la-sub-20-de-argentina-gano-otra-vez-con-sosa-de-titular-y-pelea-por-la-clasificacion","status":"publish","type":"post","link":"https:\/\/www.hoymercedes.com.ar\/principal\/2019\/01\/25\/la-sub-20-de-argentina-gano-otra-vez-con-sosa-de-titular-y-pelea-por-la-clasificacion\/","title":{"rendered":"La Sub 20 de Argentina gan\u00f3, otra vez con Sosa de titular, y pelea por la clasificaci\u00f3n"},"content":{"rendered":"\n<p><strong>Argentina&nbsp;<\/strong>venci\u00f3 1 a 0 a&nbsp;<strong>Uruguay&nbsp;<\/strong>y de esta manera qued\u00f3 con vida en el Grupo pensando en la \u00faltima fecha. Depende s\u00f3lo de si pero antes deber\u00e1 sacar adelante el partido ante&nbsp;<strong>Per\u00fa<\/strong>&nbsp;para seguir adelante en busca de los cuatro lugares para estar en el&nbsp;<strong>Mundial<\/strong>&nbsp;de&nbsp;<strong>Polonia<\/strong>&nbsp;de este a\u00f1o.<\/p>\n\n\n\n<figure class=\"wp-block-image\"><img loading=\"lazy\" decoding=\"async\" width=\"960\" height=\"570\" data-attachment-id=\"87364\" data-permalink=\"https:\/\/www.hoymercedes.com.ar\/principal\/2019\/01\/25\/la-sub-20-de-argentina-gano-otra-vez-con-sosa-de-titular-y-pelea-por-la-clasificacion\/santiago-sosa-seleccion\/#main\" data-orig-file=\"https:\/\/www.hoymercedes.com.ar\/principal\/wp-content\/uploads\/2019\/01\/Santiago-Sosa-Seleccion.jpg\" data-orig-size=\"960,570\" data-comments-opened=\"0\" data-image-meta=\"{&quot;aperture&quot;:&quot;0&quot;,&quot;credit&quot;:&quot;&quot;,&quot;camera&quot;:&quot;&quot;,&quot;caption&quot;:&quot;&quot;,&quot;created_timestamp&quot;:&quot;0&quot;,&quot;copyright&quot;:&quot;&quot;,&quot;focal_length&quot;:&quot;0&quot;,&quot;iso&quot;:&quot;0&quot;,&quot;shutter_speed&quot;:&quot;0&quot;,&quot;title&quot;:&quot;&quot;,&quot;orientation&quot;:&quot;0&quot;}\" data-image-title=\"Santiago Sosa Seleccion\" data-image-description=\"\" data-image-caption=\"\" data-large-file=\"https:\/\/www.hoymercedes.com.ar\/principal\/wp-content\/uploads\/2019\/01\/Santiago-Sosa-Seleccion.jpg\" src=\"https:\/\/www.hoymercedes.com.ar\/principal\/wp-content\/uploads\/2019\/01\/Santiago-Sosa-Seleccion.jpg\" alt=\"\" class=\"wp-image-87364\" srcset=\"https:\/\/www.hoymercedes.com.ar\/principal\/wp-content\/uploads\/2019\/01\/Santiago-Sosa-Seleccion.jpg 960w, https:\/\/www.hoymercedes.com.ar\/principal\/wp-content\/uploads\/2019\/01\/Santiago-Sosa-Seleccion-150x89.jpg 150w, https:\/\/www.hoymercedes.com.ar\/principal\/wp-content\/uploads\/2019\/01\/Santiago-Sosa-Seleccion-630x374.jpg 630w\" sizes=\"auto, (max-width: 960px) 100vw, 960px\" \/><\/figure>\n\n\n\n<p>En un cotejo muy friccionado donde el equipo de\u00a0<strong>Fernando Batista<\/strong>\u00a0siempre estuvo bien parado, la diferencia lleg\u00f3 a los 23 minutos del segundo tiempo gracias a una genialidad de\u00a0<strong>Gonzalo Maroni<\/strong>.<\/p>\n\n\n\n<p>Tom\u00f3 la pelota en el borde del \u00e1rea y sac\u00f3 un gran remate que con mucho efecto se termin\u00f3 metiendo pegado al palo izquierdo, cerca del \u00e1ngulo. Tras la ventaja,&nbsp;<strong>Uruguay&nbsp;<\/strong>se lo quiso llevar por delante, pero el aguante dur\u00f3 hasta el final.<\/p>\n\n\n\n<p><strong>Argentina<\/strong>&nbsp;comenz\u00f3 empatando 0 a 0 ante&nbsp;<a href=\"https:\/\/infocielo.com\/deportes\/nota\/84872\/argentina_merecio_mas_pero_debuto_con_un_empate\/\" target=\"_blank\" rel=\"noopener\"><strong>Paraguay<\/strong><\/a>, luego perdi\u00f3 1 a 0 con<a href=\"https:\/\/infocielo.com\/deportes\/nota\/84901\/argentina_perdio_con_ecuador_y_se_complico\/\" target=\"_blank\" rel=\"noopener\"><strong>Ecuador<\/strong><\/a>, que venci\u00f3 3 a 1 a&nbsp;<strong>Per\u00fa<\/strong>&nbsp;y est\u00e1 en la ronda final, y ahora venci\u00f3 por el mismo resultado a&nbsp;<strong>Uruguay.<\/strong>&nbsp;La \u00faltima presentaci\u00f3n ante elenco Incaico ser\u00e1 el s\u00e1bado desde las 17.10, momento en el que se definir\u00e1n las otros dos lugares.<\/p>\n\n\n\n<p><strong>FICHA<\/strong><\/p>\n\n\n\n<p><strong>ARGENTINA (1):&nbsp;<\/strong>Manuel ROFFO; Patricio P\u00c9REZ, Leonardo BALERDI, Aaron BARQUETT y Francisco ORTEGA; An\u00edbal MORENO, Santiago SOSA, Fausto VERA y Juli\u00e1n ALVAREZ; Adolfo GAICH y Gonzalo MARONI. DT: Fernando Batista.<\/p>\n\n\n\n<p><strong>URUGUAY (0<\/strong>): Renzo RODR\u00cdGUEZ; Ezequiel BUSQUETS, Bruno M\u00c9NDEZ, Sebasti\u00e1n C\u00c1CERES y Maximiliano ARA\u00daJO; Juan Manuel SANABRIA, Nicol\u00e1s ACEVEDO, Emiliano G\u00d3MEZ y Agust\u00edn D\u00c1VILA; Nicol\u00e1s SCHIAPPACASSE y Darwin N\u00da\u00d1EZ. DT: Fabi\u00e1n Coito.<\/p>\n\n\n\n<p><strong>GOLES:<\/strong>&nbsp;ST: 23\u00b4 Maroni (A).<\/p>\n\n\n\n<p><strong>CAMBIOS:<\/strong>&nbsp;ST: 21\u00b4 de la Vega x \u00c1lvarez, 28\u00b4 L\u00f3pez x Moreno y 39\u00b4 Almada x Maroni (A).<\/p>\n\n\n\n<p><strong>\u00c1RBITRO:&nbsp;<\/strong>Alexis Herrera.<\/p>\n\n\n\n<p><strong>ESTADIO:&nbsp;<\/strong>La Granja de Curic\u00f3.<\/p>\n","protected":false},"excerpt":{"rendered":"<p>Argentina&nbsp;venci\u00f3 1 a 0 a&nbsp;Uruguay&nbsp;y de esta manera qued\u00f3 con vida en el Grupo pensando en la \u00faltima fecha. Depende &#8230; <a title=\"La Sub 20 de Argentina gan\u00f3, otra vez con Sosa de titular, y pelea por la clasificaci\u00f3n\" class=\"read-more\" href=\"https:\/\/www.hoymercedes.com.ar\/principal\/2019\/01\/25\/la-sub-20-de-argentina-gano-otra-vez-con-sosa-de-titular-y-pelea-por-la-clasificacion\/\" aria-label=\"Leer m\u00e1s sobre La Sub 20 de Argentina gan\u00f3, otra vez con Sosa de titular, y pelea por la clasificaci\u00f3n\">Leer m\u00e1s<\/a><\/p>\n","protected":false},"author":1,"featured_media":87364,"comment_status":"closed","ping_status":"open","sticky":false,"template":"","format":"standard","meta":{"_monsterinsights_skip_tracking":false,"_monsterinsights_sitenote_active":false,"_monsterinsights_sitenote_note":"","_monsterinsights_sitenote_category":0,"jetpack_post_was_ever_published":false,"_jetpack_newsletter_access":"","_jetpack_dont_email_post_to_subs":false,"_jetpack_newsletter_tier_id":0,"_jetpack_memberships_contains_paywalled_content":false,"_jetpack_memberships_contains_paid_content":false,"footnotes":"","jetpack_publicize_message":"","jetpack_publicize_feature_enabled":true,"jetpack_social_post_already_shared":true,"jetpack_social_options":{"image_generator_settings":{"template":"highway","default_image_id":0,"font":"","enabled":false},"version":2},"_wpas_customize_per_network":false},"categories":[21],"tags":[14436,12706,14435],"class_list":["post-87286","post","type-post","status-publish","format-standard","has-post-thumbnail","hentry","category-deportes","tag-argentina-1-uruguay-0","tag-santiago-sosa","tag-sudamericano-sub-20","generate-columns","tablet-grid-50","mobile-grid-100","grid-parent","grid-50"],"jetpack_publicize_connections":[],"jetpack_featured_media_url":"https:\/\/www.hoymercedes.com.ar\/principal\/wp-content\/uploads\/2019\/01\/Santiago-Sosa-Seleccion.jpg","wps_subtitle":"La Legi\u00f3n","jetpack_sharing_enabled":true,"_links":{"self":[{"href":"https:\/\/www.hoymercedes.com.ar\/principal\/wp-json\/wp\/v2\/posts\/87286","targetHints":{"allow":["GET"]}}],"collection":[{"href":"https:\/\/www.hoymercedes.com.ar\/principal\/wp-json\/wp\/v2\/posts"}],"about":[{"href":"https:\/\/www.hoymercedes.com.ar\/principal\/wp-json\/wp\/v2\/types\/post"}],"author":[{"embeddable":true,"href":"https:\/\/www.hoymercedes.com.ar\/principal\/wp-json\/wp\/v2\/users\/1"}],"replies":[{"embeddable":true,"href":"https:\/\/www.hoymercedes.com.ar\/principal\/wp-json\/wp\/v2\/comments?post=87286"}],"version-history":[{"count":0,"href":"https:\/\/www.hoymercedes.com.ar\/principal\/wp-json\/wp\/v2\/posts\/87286\/revisions"}],"wp:featuredmedia":[{"embeddable":true,"href":"https:\/\/www.hoymercedes.com.ar\/principal\/wp-json\/wp\/v2\/media\/87364"}],"wp:attachment":[{"href":"https:\/\/www.hoymercedes.com.ar\/principal\/wp-json\/wp\/v2\/media?parent=87286"}],"wp:term":[{"taxonomy":"category","embeddable":true,"href":"https:\/\/www.hoymercedes.com.ar\/principal\/wp-json\/wp\/v2\/categories?post=87286"},{"taxonomy":"post_tag","embeddable":true,"href":"https:\/\/www.hoymercedes.com.ar\/principal\/wp-json\/wp\/v2\/tags?post=87286"}],"curies":[{"name":"wp","href":"https:\/\/api.w.org\/{rel}","templated":true}]}}