{"id":87291,"date":"2019-01-24T16:04:55","date_gmt":"2019-01-24T19:04:55","guid":{"rendered":"http:\/\/www.hoymercedes.com.ar\/principal\/?p=87291"},"modified":"2019-01-24T16:15:15","modified_gmt":"2019-01-24T19:15:15","slug":"convocatoria-abierta-a-musicos-para-participar-del-mammusic","status":"publish","type":"post","link":"https:\/\/www.hoymercedes.com.ar\/principal\/2019\/01\/24\/convocatoria-abierta-a-musicos-para-participar-del-mammusic\/","title":{"rendered":"Convocatoria abierta a m\u00fasicos para participar del MAMMusic"},"content":{"rendered":"\n<p><em>Solistas, d\u00faos o tr\u00edos\nque hagan ac\u00fasticos pueden anotarse para tocar en vivo en el Museo de Arte en\nel ciclo de m\u00fasica mensual hasta diciembre. Entre los requisitos, uno de sus\nintegrantes tiene que ser mercedino. La inscripci\u00f3n es hasta el 1 de marzo venidero.\n<\/em><\/p>\n\n\n\n<figure class=\"wp-block-image\"><img loading=\"lazy\" decoding=\"async\" width=\"750\" height=\"500\" data-attachment-id=\"87292\" data-permalink=\"https:\/\/www.hoymercedes.com.ar\/principal\/2019\/01\/24\/convocatoria-abierta-a-musicos-para-participar-del-mammusic\/24-mammusic-1\/#main\" data-orig-file=\"https:\/\/www.hoymercedes.com.ar\/principal\/wp-content\/uploads\/2019\/01\/24-mammusic-1.jpg\" data-orig-size=\"750,500\" data-comments-opened=\"0\" data-image-meta=\"{&quot;aperture&quot;:&quot;2&quot;,&quot;credit&quot;:&quot;&quot;,&quot;camera&quot;:&quot;Moto G (5S) Plus&quot;,&quot;caption&quot;:&quot;&quot;,&quot;created_timestamp&quot;:&quot;1548326453&quot;,&quot;copyright&quot;:&quot;&quot;,&quot;focal_length&quot;:&quot;3.59&quot;,&quot;iso&quot;:&quot;215&quot;,&quot;shutter_speed&quot;:&quot;0.033333333333333&quot;,&quot;title&quot;:&quot;&quot;,&quot;orientation&quot;:&quot;1&quot;}\" data-image-title=\"24 mammusic 1\" data-image-description=\"\" data-image-caption=\"\" data-large-file=\"https:\/\/www.hoymercedes.com.ar\/principal\/wp-content\/uploads\/2019\/01\/24-mammusic-1.jpg\" src=\"https:\/\/www.hoymercedes.com.ar\/principal\/wp-content\/uploads\/2019\/01\/24-mammusic-1.jpg\" alt=\"\" class=\"wp-image-87292\" srcset=\"https:\/\/www.hoymercedes.com.ar\/principal\/wp-content\/uploads\/2019\/01\/24-mammusic-1.jpg 750w, https:\/\/www.hoymercedes.com.ar\/principal\/wp-content\/uploads\/2019\/01\/24-mammusic-1-150x100.jpg 150w, https:\/\/www.hoymercedes.com.ar\/principal\/wp-content\/uploads\/2019\/01\/24-mammusic-1-630x420.jpg 630w, https:\/\/www.hoymercedes.com.ar\/principal\/wp-content\/uploads\/2019\/01\/24-mammusic-1-720x480.jpg 720w, https:\/\/www.hoymercedes.com.ar\/principal\/wp-content\/uploads\/2019\/01\/24-mammusic-1-360x240.jpg 360w\" sizes=\"auto, (max-width: 750px) 100vw, 750px\" \/><\/figure>\n\n\n\n<p>A trav\u00e9s de una conferencia en el Museo del Arte \u201cMunicipalidad\nde Mercedes\u201d, se lanz\u00f3 la convocatoria para el nuevo ciclo de ac\u00fastico MAMMusic.\nUn domingo por mes, de marzo a diciembre, estar\u00e1n los espect\u00e1culos. Es por esto\nque abrieron la convocatoria para que los m\u00fasicos interesados se puedan\ninscribir y presentar en vivo el material musical. <\/p>\n\n\n\n<p>El Intendente Interino Carlos Garro, la Directora de Cultura\nLuc\u00eda Capaccio, la Coordinadora de Museos Marcela Brown acompa\u00f1ados de Vico y\nBel\u00e9n a cargo actualmente del MAMM lanzaron la convocatoria para este ciclo de\nm\u00fasica desenchufado que el a\u00f1o pasado tuvo seis show exclusivos. <\/p>\n\n\n\n<p>El ciclo promueve la realizaci\u00f3n de conciertos en los que\nintervienen una cantidad reducida de m\u00fasicos en escena (d\u00faos\/tr\u00edos) generando\nla sensaci\u00f3n de encuentro y proximidad con un p\u00fablico que a su vez participa\ndel evento rodeado de obras de arte, puesto que el escenario se extiende a las\nparedes de la sala en una conjugaci\u00f3n de lenguajes art\u00edsticos. La capacidad de\nla sala es de 60\/70 personas, sum\u00e1ndole la propuesta de que sean ac\u00fasticos, se\nenfatiza en la caracter\u00edstica de intimidad. <\/p>\n\n\n\n<p>Los m\u00fasicos pueden presentar sus propuestas hasta el 1 de\nmarzo. A tener en cuenta hay una serie de requisitos que deber\u00e1n cumplir. El\nconjunto deber\u00e1 estar integrado por al menos un mercedino. El g\u00e9nero ser\u00e1\nlibre. La duraci\u00f3n de los sets no deber\u00e1 superar los 70 minutos, ni ser\ninferior a los 50 minutos. Ser\u00e1n seleccionadas las propuestas que cumplan con\nlos requisitos de la presente convocatoria, dando prioridad a quienes no\nparticiparon en 2018.<\/p>\n\n\n\n<p>El ciclo comenzar\u00e1 en marzo y se extender\u00e1 hasta diciembre.\nSer\u00e1n los segundo o tercer domingo de cada uno de los meses (se acordar\u00e1 con\nlos m\u00fasicos). La organizaci\u00f3n se compromete a brindar escenario, iluminaci\u00f3n,\nsonido y soporte t\u00e9cnico, adem\u00e1s de colaborar con la difusi\u00f3n del evento.<\/p>\n\n\n\n<p>Este a\u00f1o tendr\u00e1 una modificaci\u00f3n el ciclo. La entrada a los\nshows en este 2019 podr\u00e1 tener un valor m\u00e1ximo de $100 en modo bono contribuci\u00f3n,\ny la suma total se entregar\u00e1 directamente a los artistas. En el encuentro con\nlos medios, la Directora de Cultura explic\u00f3 que a los m\u00fasicos se les entregaba\nun video con el show para que les sirva de difusi\u00f3n. Pero este a\u00f1o, ese bono\ncontribuci\u00f3n ser\u00e1 totalmente para los m\u00fasicos a modo de pago de su actividad. <\/p>\n\n\n\n<p>Aquellos que deseen aplicar a la convocatoria deber\u00e1n\nacercar su material (descripci\u00f3n del conjunto, integrantes, audio y\/o video) a\nla oficina del MAMM, ubicado en calle 23 N\u00b0383, o bien enviarlo por correo a\nmuseodearte@mercedes.gob.ar detallando en el asunto \u201cConvocatoria MAMMusic\u201d.<\/p>\n","protected":false},"excerpt":{"rendered":"<p>Solistas, d\u00faos o tr\u00edos que hagan ac\u00fasticos pueden anotarse para tocar en vivo en el Museo de Arte en el &#8230; <a title=\"Convocatoria abierta a m\u00fasicos para participar del MAMMusic\" class=\"read-more\" href=\"https:\/\/www.hoymercedes.com.ar\/principal\/2019\/01\/24\/convocatoria-abierta-a-musicos-para-participar-del-mammusic\/\" aria-label=\"Leer m\u00e1s sobre Convocatoria abierta a m\u00fasicos para participar del MAMMusic\">Leer m\u00e1s<\/a><\/p>\n","protected":false},"author":1,"featured_media":87292,"comment_status":"closed","ping_status":"open","sticky":false,"template":"","format":"standard","meta":{"_monsterinsights_skip_tracking":false,"_monsterinsights_sitenote_active":false,"_monsterinsights_sitenote_note":"","_monsterinsights_sitenote_category":0,"jetpack_post_was_ever_published":false,"_jetpack_newsletter_access":"","_jetpack_dont_email_post_to_subs":false,"_jetpack_newsletter_tier_id":0,"_jetpack_memberships_contains_paywalled_content":false,"_jetpack_memberships_contains_paid_content":false,"footnotes":"","jetpack_publicize_message":"","jetpack_publicize_feature_enabled":true,"jetpack_social_post_already_shared":true,"jetpack_social_options":{"image_generator_settings":{"template":"highway","default_image_id":0,"font":"","enabled":false},"version":2},"_wpas_customize_per_network":false},"categories":[104],"tags":[9168,7805,13478,244,8539],"class_list":["post-87291","post","type-post","status-publish","format-standard","has-post-thumbnail","hentry","category-cultura","tag-convocatoria","tag-cultura","tag-mammusic","tag-municipio-2","tag-musica","generate-columns","tablet-grid-50","mobile-grid-100","grid-parent","grid-50"],"jetpack_publicize_connections":[],"jetpack_featured_media_url":"https:\/\/www.hoymercedes.com.ar\/principal\/wp-content\/uploads\/2019\/01\/24-mammusic-1.jpg","wps_subtitle":"Inscripci\u00f3n hasta el 1 de marzo","jetpack_sharing_enabled":true,"_links":{"self":[{"href":"https:\/\/www.hoymercedes.com.ar\/principal\/wp-json\/wp\/v2\/posts\/87291","targetHints":{"allow":["GET"]}}],"collection":[{"href":"https:\/\/www.hoymercedes.com.ar\/principal\/wp-json\/wp\/v2\/posts"}],"about":[{"href":"https:\/\/www.hoymercedes.com.ar\/principal\/wp-json\/wp\/v2\/types\/post"}],"author":[{"embeddable":true,"href":"https:\/\/www.hoymercedes.com.ar\/principal\/wp-json\/wp\/v2\/users\/1"}],"replies":[{"embeddable":true,"href":"https:\/\/www.hoymercedes.com.ar\/principal\/wp-json\/wp\/v2\/comments?post=87291"}],"version-history":[{"count":0,"href":"https:\/\/www.hoymercedes.com.ar\/principal\/wp-json\/wp\/v2\/posts\/87291\/revisions"}],"wp:featuredmedia":[{"embeddable":true,"href":"https:\/\/www.hoymercedes.com.ar\/principal\/wp-json\/wp\/v2\/media\/87292"}],"wp:attachment":[{"href":"https:\/\/www.hoymercedes.com.ar\/principal\/wp-json\/wp\/v2\/media?parent=87291"}],"wp:term":[{"taxonomy":"category","embeddable":true,"href":"https:\/\/www.hoymercedes.com.ar\/principal\/wp-json\/wp\/v2\/categories?post=87291"},{"taxonomy":"post_tag","embeddable":true,"href":"https:\/\/www.hoymercedes.com.ar\/principal\/wp-json\/wp\/v2\/tags?post=87291"}],"curies":[{"name":"wp","href":"https:\/\/api.w.org\/{rel}","templated":true}]}}