{"id":87309,"date":"2019-01-24T18:54:38","date_gmt":"2019-01-24T21:54:38","guid":{"rendered":"http:\/\/www.hoymercedes.com.ar\/principal\/?p=87309"},"modified":"2019-01-24T18:57:25","modified_gmt":"2019-01-24T21:57:25","slug":"consejo-escolar-amplia-y-arregla-los-jardines-de-infantes-n-907-y-909","status":"publish","type":"post","link":"https:\/\/www.hoymercedes.com.ar\/principal\/2019\/01\/24\/consejo-escolar-amplia-y-arregla-los-jardines-de-infantes-n-907-y-909\/","title":{"rendered":"Consejo Escolar ampl\u00eda y arregla los Jardines de Infantes N\u00b0 907 y 909"},"content":{"rendered":"\n<p><em>En ambas instituciones de nivel inicial se realizan obras en ba\u00f1os y reparaciones varias. En febrero comenzar\u00e1n obras de gas en distintos establecimientos educativos. Por otra parte, comenz\u00f3 la inscripci\u00f3n para que quienes quieran ser proveedores de los Consejos Escolares. <\/em><\/p>\n\n\n\n<figure class=\"wp-block-image\"><img loading=\"lazy\" decoding=\"async\" width=\"750\" height=\"500\" data-attachment-id=\"87310\" data-permalink=\"https:\/\/www.hoymercedes.com.ar\/principal\/2019\/01\/24\/consejo-escolar-amplia-y-arregla-los-jardines-de-infantes-n-907-y-909\/24-jardin-907-2\/#main\" data-orig-file=\"https:\/\/www.hoymercedes.com.ar\/principal\/wp-content\/uploads\/2019\/01\/24-jardin-907-2.jpg\" data-orig-size=\"750,500\" data-comments-opened=\"0\" data-image-meta=\"{&quot;aperture&quot;:&quot;2&quot;,&quot;credit&quot;:&quot;&quot;,&quot;camera&quot;:&quot;CAM-L03&quot;,&quot;caption&quot;:&quot;????????????????&quot;,&quot;created_timestamp&quot;:&quot;1545130890&quot;,&quot;copyright&quot;:&quot;&quot;,&quot;focal_length&quot;:&quot;3.79&quot;,&quot;iso&quot;:&quot;100&quot;,&quot;shutter_speed&quot;:&quot;0.0012254901960784&quot;,&quot;title&quot;:&quot;&quot;,&quot;orientation&quot;:&quot;1&quot;}\" data-image-title=\"24 jardin 907 2\" data-image-description=\"\" data-image-caption=\"\" data-large-file=\"https:\/\/www.hoymercedes.com.ar\/principal\/wp-content\/uploads\/2019\/01\/24-jardin-907-2.jpg\" src=\"https:\/\/www.hoymercedes.com.ar\/principal\/wp-content\/uploads\/2019\/01\/24-jardin-907-2.jpg\" alt=\"\" class=\"wp-image-87310\" srcset=\"https:\/\/www.hoymercedes.com.ar\/principal\/wp-content\/uploads\/2019\/01\/24-jardin-907-2.jpg 750w, https:\/\/www.hoymercedes.com.ar\/principal\/wp-content\/uploads\/2019\/01\/24-jardin-907-2-150x100.jpg 150w, https:\/\/www.hoymercedes.com.ar\/principal\/wp-content\/uploads\/2019\/01\/24-jardin-907-2-630x420.jpg 630w, https:\/\/www.hoymercedes.com.ar\/principal\/wp-content\/uploads\/2019\/01\/24-jardin-907-2-720x480.jpg 720w, https:\/\/www.hoymercedes.com.ar\/principal\/wp-content\/uploads\/2019\/01\/24-jardin-907-2-360x240.jpg 360w\" sizes=\"auto, (max-width: 750px) 100vw, 750px\" \/><\/figure>\n\n\n\n<p>Desde el Consejo Escolar Mercedes comunicaron los trabajos\nque est\u00e1n realiz\u00e1ndose en algunas de las instituciones educativas durante los\nmeses de receso escolar. Ana Darritch\u00f3n, su presidenta cont\u00f3 que en el Jard\u00edn\nN\u00b0 907 por estos d\u00edas est\u00e1n realizando un sal\u00f3n y una bater\u00eda de ba\u00f1os. Construcciones\npedidas el a\u00f1o pasado a la Provincia y a la Naci\u00f3n que licitaron estos mismos\nestamentos. En tanto, con el Fondo Educativo que recibe el Municipio de\nMercedes en el mismo Jard\u00edn se har\u00e1 una galer\u00eda y reformas en el patio,\nmientras que el Consejo por su parte, reparar\u00e1 las filtraciones del edificio de\navenida 47 entre 38 y 36. <\/p>\n\n\n\n<p>Un trabajo similar se est\u00e1 haciendo en el Jard\u00edn N\u00b0 909 de\ncalle 16 entre 105 y 107. All\u00ed mismo se est\u00e1 realizando una obra de gas que\nimplica el cambio de ca\u00f1er\u00eda y normalizaci\u00f3n de la instalaci\u00f3n existente. <\/p>\n\n\n\n<p>Tras el acuerdo realizado entre Provincia, Consejo Escolar y\nMunicipio en donde se establecieron las obras a realizar, entre las cuales se\ninclu\u00edan la puesta en valor de la Escuela Normal (obra que est\u00e1 en proceso de\nrealizaci\u00f3n), ba\u00f1os en la Escuela T\u00e9cnica N\u00b0 1 (terminados), la ampliaci\u00f3n en\nlos dos jardines, adem\u00e1s de nuevas aulas para escuelas y el edificio del\nInstituto N\u00b0 7 en 26 y 9, predio que a\u00fan sigue sin limpiarse. No obstante, del\nacuerdo se realizaron obras en la Primaria N\u00b0 13, el Conservatorio de M\u00fasica, y\nel Jard\u00edn N\u00b0 908 con fondo educativo, as\u00ed como los arreglos peque\u00f1os de\nmantenimiento con fondos del Consejo Escolar. <\/p>\n\n\n\n<p>Asimismo, Darritch\u00f3n adelant\u00f3 que en febrero se realizar\u00e1n\nlas obras de gas en el marco del plan riesgo inicio. Cerca de 22 millones\nllegar\u00e1n al Consejo Escolar para hacer las obras de gas, luz y filtraciones en\ndistintas escuelas del partido de Mercedes. La idea es hacer el concurso de\nprecios para febrero y terminar las obras antes del inicio de las clases el 6\nde marzo. <\/p>\n\n\n\n<figure class=\"wp-block-image\"><img loading=\"lazy\" decoding=\"async\" width=\"750\" height=\"500\" data-attachment-id=\"87311\" data-permalink=\"https:\/\/www.hoymercedes.com.ar\/principal\/2019\/01\/24\/consejo-escolar-amplia-y-arregla-los-jardines-de-infantes-n-907-y-909\/24-jardin-907\/#main\" data-orig-file=\"https:\/\/www.hoymercedes.com.ar\/principal\/wp-content\/uploads\/2019\/01\/24-jardin-907.jpg\" data-orig-size=\"750,500\" data-comments-opened=\"0\" data-image-meta=\"{&quot;aperture&quot;:&quot;2&quot;,&quot;credit&quot;:&quot;&quot;,&quot;camera&quot;:&quot;CAM-L03&quot;,&quot;caption&quot;:&quot;????????????????&quot;,&quot;created_timestamp&quot;:&quot;1545130894&quot;,&quot;copyright&quot;:&quot;&quot;,&quot;focal_length&quot;:&quot;3.79&quot;,&quot;iso&quot;:&quot;100&quot;,&quot;shutter_speed&quot;:&quot;0.0019685039370079&quot;,&quot;title&quot;:&quot;&quot;,&quot;orientation&quot;:&quot;1&quot;}\" data-image-title=\"24 jardin 907\" data-image-description=\"\" data-image-caption=\"\" data-large-file=\"https:\/\/www.hoymercedes.com.ar\/principal\/wp-content\/uploads\/2019\/01\/24-jardin-907.jpg\" src=\"https:\/\/www.hoymercedes.com.ar\/principal\/wp-content\/uploads\/2019\/01\/24-jardin-907.jpg\" alt=\"\" class=\"wp-image-87311\" srcset=\"https:\/\/www.hoymercedes.com.ar\/principal\/wp-content\/uploads\/2019\/01\/24-jardin-907.jpg 750w, https:\/\/www.hoymercedes.com.ar\/principal\/wp-content\/uploads\/2019\/01\/24-jardin-907-150x100.jpg 150w, https:\/\/www.hoymercedes.com.ar\/principal\/wp-content\/uploads\/2019\/01\/24-jardin-907-630x420.jpg 630w, https:\/\/www.hoymercedes.com.ar\/principal\/wp-content\/uploads\/2019\/01\/24-jardin-907-720x480.jpg 720w, https:\/\/www.hoymercedes.com.ar\/principal\/wp-content\/uploads\/2019\/01\/24-jardin-907-360x240.jpg 360w\" sizes=\"auto, (max-width: 750px) 100vw, 750px\" \/><\/figure>\n\n\n\n<p><strong>Inscripci\u00f3n para proveedores<\/strong><\/p>\n\n\n\n<p>Por otra\nparte, el Consejo Escolar Mercedes inform\u00f3 que est\u00e1 disponible en el portal de\nABC la aplicaci\u00f3n del nuevo Si.Co.In.Ce. en la cual deben inscribirse todas los\nproveedores de bienes y servicios que deseen contratar con los Consejos\nEscolares de la provincia de Buenos Aires, manteniendo la documentaci\u00f3n y los\nrubros actualizados. <\/p>\n\n\n\n<p>Para la\ninscripci\u00f3n deber\u00e1n ingresar al portal de la Direcci\u00f3n de Escuelas Bonaerenses\ny en el bot\u00f3n de SICOINCE ingresar y realizar los pasos que se desarrollan en\nel sitio web. Una vez concluida la inscripci\u00f3n con la informaci\u00f3n requer\u00eda, los\nConsejos Escolares recibir\u00e1n la inscripci\u00f3n que deber\u00e1n validar la documentaci\u00f3n\npara la confecci\u00f3n del legajo digital del proveedor. La inscripci\u00f3n tiene una\nvalidez anual, por eso el Consejo Escolar recuerda que los proveedores se inscriban.\nM\u00e1s detalles, acercarse a la sede del Consejo Escolar Mercedes en el Mart\u00edn\nRodr\u00edguez ingresando por calle 6. <\/p>\n","protected":false},"excerpt":{"rendered":"<p>En ambas instituciones de nivel inicial se realizan obras en ba\u00f1os y reparaciones varias. En febrero comenzar\u00e1n obras de gas &#8230; <a title=\"Consejo Escolar ampl\u00eda y arregla los Jardines de Infantes N\u00b0 907 y 909\" class=\"read-more\" href=\"https:\/\/www.hoymercedes.com.ar\/principal\/2019\/01\/24\/consejo-escolar-amplia-y-arregla-los-jardines-de-infantes-n-907-y-909\/\" aria-label=\"Leer m\u00e1s sobre Consejo Escolar ampl\u00eda y arregla los Jardines de Infantes N\u00b0 907 y 909\">Leer m\u00e1s<\/a><\/p>\n","protected":false},"author":1,"featured_media":87310,"comment_status":"closed","ping_status":"open","sticky":false,"template":"","format":"standard","meta":{"_monsterinsights_skip_tracking":false,"_monsterinsights_sitenote_active":false,"_monsterinsights_sitenote_note":"","_monsterinsights_sitenote_category":0,"jetpack_post_was_ever_published":false,"_jetpack_newsletter_access":"","_jetpack_dont_email_post_to_subs":false,"_jetpack_newsletter_tier_id":0,"_jetpack_memberships_contains_paywalled_content":false,"_jetpack_memberships_contains_paid_content":false,"footnotes":"","jetpack_publicize_message":"","jetpack_publicize_feature_enabled":true,"jetpack_social_post_already_shared":true,"jetpack_social_options":{"image_generator_settings":{"template":"highway","default_image_id":0,"font":"","enabled":false},"version":2},"_wpas_customize_per_network":false},"categories":[23],"tags":[1317,47,989,14431,8801],"class_list":["post-87309","post","type-post","status-publish","format-standard","has-post-thumbnail","hentry","category-educacion","tag-consejo-escolar","tag-educacion-2","tag-escuelas","tag-obras-en-escuelas","tag-proveedores","generate-columns","tablet-grid-50","mobile-grid-100","grid-parent","grid-50"],"jetpack_publicize_connections":[],"jetpack_featured_media_url":"https:\/\/www.hoymercedes.com.ar\/principal\/wp-content\/uploads\/2019\/01\/24-jardin-907-2.jpg","wps_subtitle":"Durante el receso","jetpack_sharing_enabled":true,"_links":{"self":[{"href":"https:\/\/www.hoymercedes.com.ar\/principal\/wp-json\/wp\/v2\/posts\/87309","targetHints":{"allow":["GET"]}}],"collection":[{"href":"https:\/\/www.hoymercedes.com.ar\/principal\/wp-json\/wp\/v2\/posts"}],"about":[{"href":"https:\/\/www.hoymercedes.com.ar\/principal\/wp-json\/wp\/v2\/types\/post"}],"author":[{"embeddable":true,"href":"https:\/\/www.hoymercedes.com.ar\/principal\/wp-json\/wp\/v2\/users\/1"}],"replies":[{"embeddable":true,"href":"https:\/\/www.hoymercedes.com.ar\/principal\/wp-json\/wp\/v2\/comments?post=87309"}],"version-history":[{"count":0,"href":"https:\/\/www.hoymercedes.com.ar\/principal\/wp-json\/wp\/v2\/posts\/87309\/revisions"}],"wp:featuredmedia":[{"embeddable":true,"href":"https:\/\/www.hoymercedes.com.ar\/principal\/wp-json\/wp\/v2\/media\/87310"}],"wp:attachment":[{"href":"https:\/\/www.hoymercedes.com.ar\/principal\/wp-json\/wp\/v2\/media?parent=87309"}],"wp:term":[{"taxonomy":"category","embeddable":true,"href":"https:\/\/www.hoymercedes.com.ar\/principal\/wp-json\/wp\/v2\/categories?post=87309"},{"taxonomy":"post_tag","embeddable":true,"href":"https:\/\/www.hoymercedes.com.ar\/principal\/wp-json\/wp\/v2\/tags?post=87309"}],"curies":[{"name":"wp","href":"https:\/\/api.w.org\/{rel}","templated":true}]}}