{"id":8733,"date":"2011-10-30T01:36:45","date_gmt":"2011-10-30T01:36:45","guid":{"rendered":"http:\/\/www.hoymercedes.com.ar\/principal\/?p=8733"},"modified":"2011-10-30T01:36:45","modified_gmt":"2011-10-30T01:36:45","slug":"colocaron-el-busto-del-ex-presidente-nestor-kirchner-a-un-ano-de-su-fallecimiento","status":"publish","type":"post","link":"https:\/\/www.hoymercedes.com.ar\/principal\/2011\/10\/30\/colocaron-el-busto-del-ex-presidente-nestor-kirchner-a-un-ano-de-su-fallecimiento\/","title":{"rendered":"Colocaron el busto del ex presidente N\u00e9stor Kirchner a un a\u00f1o de su fallecimiento"},"content":{"rendered":"<figure id=\"attachment_8735\" aria-describedby=\"caption-attachment-8735\" style=\"width: 290px\" class=\"wp-caption alignleft\"><a href=\"https:\/\/www.hoymercedes.com.ar\/principal\/wp-content\/uploads\/2011\/10\/Busto-KirchnerJPG.jpg\"><img loading=\"lazy\" decoding=\"async\" data-attachment-id=\"8735\" data-permalink=\"https:\/\/www.hoymercedes.com.ar\/principal\/2011\/10\/30\/colocaron-el-busto-del-ex-presidente-nestor-kirchner-a-un-ano-de-su-fallecimiento\/busto-kirchnerjpg\/#main\" data-orig-file=\"https:\/\/www.hoymercedes.com.ar\/principal\/wp-content\/uploads\/2011\/10\/Busto-KirchnerJPG.jpg\" data-orig-size=\"300,394\" data-comments-opened=\"1\" data-image-meta=\"{&quot;aperture&quot;:&quot;2.8&quot;,&quot;credit&quot;:&quot;&quot;,&quot;camera&quot;:&quot;COOLPIX L10&quot;,&quot;caption&quot;:&quot;&quot;,&quot;created_timestamp&quot;:&quot;1319615933&quot;,&quot;copyright&quot;:&quot;Copyright 2006&quot;,&quot;focal_length&quot;:&quot;6.2&quot;,&quot;iso&quot;:&quot;100&quot;,&quot;shutter_speed&quot;:&quot;0.033333333333333&quot;,&quot;title&quot;:&quot;&quot;}\" data-image-title=\"Busto-KirchnerJPG\" data-image-description=\"&lt;p&gt;N\u00e9stor Kirchner, busto homenaje&lt;\/p&gt;\n\" data-image-caption=\"\" data-large-file=\"https:\/\/www.hoymercedes.com.ar\/principal\/wp-content\/uploads\/2011\/10\/Busto-KirchnerJPG.jpg\" class=\"size-full wp-image-8735\" title=\"Busto-KirchnerJPG\" src=\"https:\/\/www.hoymercedes.com.ar\/principal\/wp-content\/uploads\/2011\/10\/Busto-KirchnerJPG.jpg\" alt=\"\" width=\"300\" height=\"394\" \/><\/a><figcaption id=\"caption-attachment-8735\" class=\"wp-caption-text\">N\u00e9stor Kirchner, busto homenaje<\/figcaption><\/figure>\n<p>De acuerdo a lo manifestado por el intendente Carlos Selva \u201cdicho lugar es provisorio ya que voy a solicitar que sea el Concejo Deliberante el que disponga donde se colocar\u00e1 de manera definitiva\u201d<\/p>\n<p>Desde ayer en el sector izquierdo de la galer\u00eda interior del Palacio Municipal, casi junto a la escalera que lleva al Concejo Deliberante se encuentra ubicado un busto con la figura del ex Presidente de la Naci\u00f3n Dr. N\u00e9stor Kirchner que hicieron construir las autoridades municipales como permanente recuerdo y homenaje a quien desde hace un a\u00f1o ya no compa\u00f1a a los Argentinos de manera f\u00edsica.<\/p>\n<p>El trabajo realizado por el escultor mercedino Ricardo Bartolomeo, de reconocida trayectoria dentro y fuera de muestra ciudad fue construido \u00edntegramente en cemento con una coloraci\u00f3n oscura, concretamente negra, tal como otros trabajos efectuados por dicho escultor como por ejemplo el de Ra\u00fal Ortelli que se encuentra en la Biblioteca Popular Domingo Faustino Sarmiento. El peso de la obra ha sido calculado en cincuenta kilos.<\/p>\n<p>El busto colocado como ya se inform\u00f3 en homenaje al ex presidente que falleciera hace un a\u00f1o permanecer\u00e1 temporalmente en dicho lugar de manera provisoria ya que seg\u00fan lo manifestado por el jefe comunal de nuestra ciudad \u201cla idea es que directamente sean los integrantes del Honorable Conejo Deliberante los que decidan cual ser\u00e1 el emplazamiento final que tendr\u00e1\u201d aunque se descuenta que ser\u00e1 un lugar donde pueda ser visto por todos los vecinos de nuestra ciudad,<\/p>\n<p>Carlos Selva precis\u00f3 \u201crealmente se trata de un trabajo muy bien logrado por Ricardo Bartolomeo quien ha plasmado en cemento hasta el m\u00e1s m\u00ednimo detalle de la figura de N\u00e9stor Kirchner demostrado la calidad que tiene para confeccionar este tipo de trabajos\u201d.<\/p>\n","protected":false},"excerpt":{"rendered":"<p>De acuerdo a lo manifestado por el intendente Carlos Selva \u201cdicho lugar es provisorio ya que voy a solicitar que &#8230; <a title=\"Colocaron el busto del ex presidente N\u00e9stor Kirchner a un a\u00f1o de su fallecimiento\" class=\"read-more\" href=\"https:\/\/www.hoymercedes.com.ar\/principal\/2011\/10\/30\/colocaron-el-busto-del-ex-presidente-nestor-kirchner-a-un-ano-de-su-fallecimiento\/\" aria-label=\"Leer m\u00e1s sobre Colocaron el busto del ex presidente N\u00e9stor Kirchner a un a\u00f1o de su fallecimiento\">Leer m\u00e1s<\/a><\/p>\n","protected":false},"author":1,"featured_media":0,"comment_status":"open","ping_status":"open","sticky":false,"template":"","format":"standard","meta":{"_monsterinsights_skip_tracking":false,"_monsterinsights_sitenote_active":false,"_monsterinsights_sitenote_note":"","_monsterinsights_sitenote_category":0,"jetpack_post_was_ever_published":false,"_jetpack_newsletter_access":"","_jetpack_dont_email_post_to_subs":false,"_jetpack_newsletter_tier_id":0,"_jetpack_memberships_contains_paywalled_content":false,"_jetpack_memberships_contains_paid_content":false,"footnotes":"","jetpack_publicize_message":"","jetpack_publicize_feature_enabled":true,"jetpack_social_post_already_shared":false,"jetpack_social_options":{"image_generator_settings":{"template":"highway","default_image_id":0,"font":"","enabled":false},"version":2},"_wpas_customize_per_network":false},"categories":[30],"tags":[1527,837],"class_list":["post-8733","post","type-post","status-publish","format-standard","hentry","category-municipio","tag-busto-homenaje","tag-nestor-kirchner","generate-columns","tablet-grid-50","mobile-grid-100","grid-parent","grid-50"],"jetpack_publicize_connections":[],"jetpack_featured_media_url":"","wps_subtitle":"","jetpack_sharing_enabled":true,"_links":{"self":[{"href":"https:\/\/www.hoymercedes.com.ar\/principal\/wp-json\/wp\/v2\/posts\/8733","targetHints":{"allow":["GET"]}}],"collection":[{"href":"https:\/\/www.hoymercedes.com.ar\/principal\/wp-json\/wp\/v2\/posts"}],"about":[{"href":"https:\/\/www.hoymercedes.com.ar\/principal\/wp-json\/wp\/v2\/types\/post"}],"author":[{"embeddable":true,"href":"https:\/\/www.hoymercedes.com.ar\/principal\/wp-json\/wp\/v2\/users\/1"}],"replies":[{"embeddable":true,"href":"https:\/\/www.hoymercedes.com.ar\/principal\/wp-json\/wp\/v2\/comments?post=8733"}],"version-history":[{"count":0,"href":"https:\/\/www.hoymercedes.com.ar\/principal\/wp-json\/wp\/v2\/posts\/8733\/revisions"}],"wp:attachment":[{"href":"https:\/\/www.hoymercedes.com.ar\/principal\/wp-json\/wp\/v2\/media?parent=8733"}],"wp:term":[{"taxonomy":"category","embeddable":true,"href":"https:\/\/www.hoymercedes.com.ar\/principal\/wp-json\/wp\/v2\/categories?post=8733"},{"taxonomy":"post_tag","embeddable":true,"href":"https:\/\/www.hoymercedes.com.ar\/principal\/wp-json\/wp\/v2\/tags?post=8733"}],"curies":[{"name":"wp","href":"https:\/\/api.w.org\/{rel}","templated":true}]}}