{"id":87341,"date":"2019-01-25T10:40:35","date_gmt":"2019-01-25T13:40:35","guid":{"rendered":"http:\/\/www.hoymercedes.com.ar\/principal\/?p=87341"},"modified":"2019-01-25T11:21:46","modified_gmt":"2019-01-25T14:21:46","slug":"terminan-la-verera-de-la-escuela-de-arte","status":"publish","type":"post","link":"https:\/\/www.hoymercedes.com.ar\/principal\/2019\/01\/25\/terminan-la-verera-de-la-escuela-de-arte\/","title":{"rendered":"Terminan la vereda de la Escuela de Arte"},"content":{"rendered":"\n<p>La vereda y el ingreso a la Escuela de Arte \u00abJos\u00e9 Santiago Roggero\u00bb est\u00e1 terminada y ya se puede pasar caminando despu\u00e9s de algunos meses que el paso estuviese cerrado para los peatones que deb\u00edan bajar a la calle para circular por all\u00ed. <\/p>\n\n\n\n<p>El arreglo de la vereda signific\u00f3 el levantamiento de las viejas baldosas, el acondicionamiento de las ra\u00edces de los \u00e1rboles que hab\u00edan roto el ingreso al edificio y la realizaci\u00f3n nuevamente de la rampa de acceso para discapacitados, rampa que se hab\u00eda hecho en junio de 2017.  <\/p>\n\n\n\n<figure class=\"wp-block-image\"><img loading=\"lazy\" decoding=\"async\" width=\"750\" height=\"500\" data-attachment-id=\"87342\" data-permalink=\"https:\/\/www.hoymercedes.com.ar\/principal\/2019\/01\/25\/terminan-la-verera-de-la-escuela-de-arte\/25-vereda-esc-arte\/#main\" data-orig-file=\"https:\/\/www.hoymercedes.com.ar\/principal\/wp-content\/uploads\/2019\/01\/25-vereda-esc-arte.jpg\" data-orig-size=\"750,500\" data-comments-opened=\"0\" data-image-meta=\"{&quot;aperture&quot;:&quot;6.3&quot;,&quot;credit&quot;:&quot;&quot;,&quot;camera&quot;:&quot;Canon EOS 60D&quot;,&quot;caption&quot;:&quot;&quot;,&quot;created_timestamp&quot;:&quot;1548243002&quot;,&quot;copyright&quot;:&quot;&quot;,&quot;focal_length&quot;:&quot;18&quot;,&quot;iso&quot;:&quot;100&quot;,&quot;shutter_speed&quot;:&quot;0.0004&quot;,&quot;title&quot;:&quot;&quot;,&quot;orientation&quot;:&quot;1&quot;}\" data-image-title=\"25 vereda esc arte\" data-image-description=\"\" data-image-caption=\"\" data-large-file=\"https:\/\/www.hoymercedes.com.ar\/principal\/wp-content\/uploads\/2019\/01\/25-vereda-esc-arte.jpg\" src=\"https:\/\/www.hoymercedes.com.ar\/principal\/wp-content\/uploads\/2019\/01\/25-vereda-esc-arte.jpg\" alt=\"\" class=\"wp-image-87342\" srcset=\"https:\/\/www.hoymercedes.com.ar\/principal\/wp-content\/uploads\/2019\/01\/25-vereda-esc-arte.jpg 750w, https:\/\/www.hoymercedes.com.ar\/principal\/wp-content\/uploads\/2019\/01\/25-vereda-esc-arte-150x100.jpg 150w, https:\/\/www.hoymercedes.com.ar\/principal\/wp-content\/uploads\/2019\/01\/25-vereda-esc-arte-630x420.jpg 630w, https:\/\/www.hoymercedes.com.ar\/principal\/wp-content\/uploads\/2019\/01\/25-vereda-esc-arte-720x480.jpg 720w, https:\/\/www.hoymercedes.com.ar\/principal\/wp-content\/uploads\/2019\/01\/25-vereda-esc-arte-360x240.jpg 360w\" sizes=\"auto, (max-width: 750px) 100vw, 750px\" \/><\/figure>\n\n\n\n<p><br><\/p>\n","protected":false},"excerpt":{"rendered":"<p>La vereda y el ingreso a la Escuela de Arte \u00abJos\u00e9 Santiago Roggero\u00bb est\u00e1 terminada y ya se puede pasar &#8230; <a title=\"Terminan la vereda de la Escuela de Arte\" class=\"read-more\" href=\"https:\/\/www.hoymercedes.com.ar\/principal\/2019\/01\/25\/terminan-la-verera-de-la-escuela-de-arte\/\" aria-label=\"Leer m\u00e1s sobre Terminan la vereda de la Escuela de Arte\">Leer m\u00e1s<\/a><\/p>\n","protected":false},"author":1,"featured_media":87342,"comment_status":"closed","ping_status":"open","sticky":false,"template":"","format":"standard","meta":{"_monsterinsights_skip_tracking":false,"_monsterinsights_sitenote_active":false,"_monsterinsights_sitenote_note":"","_monsterinsights_sitenote_category":0,"jetpack_post_was_ever_published":false,"_jetpack_newsletter_access":"","_jetpack_dont_email_post_to_subs":false,"_jetpack_newsletter_tier_id":0,"_jetpack_memberships_contains_paywalled_content":false,"_jetpack_memberships_contains_paid_content":false,"footnotes":"","jetpack_publicize_message":"","jetpack_publicize_feature_enabled":true,"jetpack_social_post_already_shared":true,"jetpack_social_options":{"image_generator_settings":{"template":"highway","default_image_id":0,"font":"","enabled":false},"version":2},"_wpas_customize_per_network":false},"categories":[23],"tags":[10216,244,5947,10963],"class_list":["post-87341","post","type-post","status-publish","format-standard","has-post-thumbnail","hentry","category-educacion","tag-escuela-de-arte","tag-municipio-2","tag-obras-publicas","tag-vereda","generate-columns","tablet-grid-50","mobile-grid-100","grid-parent","grid-50"],"jetpack_publicize_connections":[],"jetpack_featured_media_url":"https:\/\/www.hoymercedes.com.ar\/principal\/wp-content\/uploads\/2019\/01\/25-vereda-esc-arte.jpg","wps_subtitle":"Obras p\u00fablicas","jetpack_sharing_enabled":true,"_links":{"self":[{"href":"https:\/\/www.hoymercedes.com.ar\/principal\/wp-json\/wp\/v2\/posts\/87341","targetHints":{"allow":["GET"]}}],"collection":[{"href":"https:\/\/www.hoymercedes.com.ar\/principal\/wp-json\/wp\/v2\/posts"}],"about":[{"href":"https:\/\/www.hoymercedes.com.ar\/principal\/wp-json\/wp\/v2\/types\/post"}],"author":[{"embeddable":true,"href":"https:\/\/www.hoymercedes.com.ar\/principal\/wp-json\/wp\/v2\/users\/1"}],"replies":[{"embeddable":true,"href":"https:\/\/www.hoymercedes.com.ar\/principal\/wp-json\/wp\/v2\/comments?post=87341"}],"version-history":[{"count":0,"href":"https:\/\/www.hoymercedes.com.ar\/principal\/wp-json\/wp\/v2\/posts\/87341\/revisions"}],"wp:featuredmedia":[{"embeddable":true,"href":"https:\/\/www.hoymercedes.com.ar\/principal\/wp-json\/wp\/v2\/media\/87342"}],"wp:attachment":[{"href":"https:\/\/www.hoymercedes.com.ar\/principal\/wp-json\/wp\/v2\/media?parent=87341"}],"wp:term":[{"taxonomy":"category","embeddable":true,"href":"https:\/\/www.hoymercedes.com.ar\/principal\/wp-json\/wp\/v2\/categories?post=87341"},{"taxonomy":"post_tag","embeddable":true,"href":"https:\/\/www.hoymercedes.com.ar\/principal\/wp-json\/wp\/v2\/tags?post=87341"}],"curies":[{"name":"wp","href":"https:\/\/api.w.org\/{rel}","templated":true}]}}