{"id":87367,"date":"2019-01-25T21:12:13","date_gmt":"2019-01-26T00:12:13","guid":{"rendered":"http:\/\/www.hoymercedes.com.ar\/principal\/?p=87367"},"modified":"2019-01-25T22:05:08","modified_gmt":"2019-01-26T01:05:08","slug":"club-mercedes-y-trocha-dieron-a-conocer-las-camisetas-que-usaran-en-el-regional-amateur","status":"publish","type":"post","link":"https:\/\/www.hoymercedes.com.ar\/principal\/2019\/01\/25\/club-mercedes-y-trocha-dieron-a-conocer-las-camisetas-que-usaran-en-el-regional-amateur\/","title":{"rendered":"Club Mercedes y Trocha dieron a conocer las camisetas que usar\u00e1n en el Regional Amateur"},"content":{"rendered":"\n<p>Como cada a\u00f1o, los equipos de la Liga Mercedina realizan nuevos modelos para iniciar la temporada cuando tienen que hacerlo en un Regional y hace un tiempo tambi\u00e9n se empez\u00f3 a hacer costumbre al comenzar el torneo local.<\/p>\n\n\n\n<figure class=\"wp-block-image\"><img loading=\"lazy\" decoding=\"async\" width=\"707\" height=\"773\" data-attachment-id=\"87368\" data-permalink=\"https:\/\/www.hoymercedes.com.ar\/principal\/2019\/01\/25\/club-mercedes-y-trocha-dieron-a-conocer-las-camisetas-que-usaran-en-el-regional-amateur\/whatsapp-image-2019-01-25-at-18-49-15\/#main\" data-orig-file=\"https:\/\/www.hoymercedes.com.ar\/principal\/wp-content\/uploads\/2019\/01\/WhatsApp-Image-2019-01-25-at-18.49.15.jpeg\" data-orig-size=\"707,773\" data-comments-opened=\"0\" data-image-meta=\"{&quot;aperture&quot;:&quot;0&quot;,&quot;credit&quot;:&quot;&quot;,&quot;camera&quot;:&quot;&quot;,&quot;caption&quot;:&quot;&quot;,&quot;created_timestamp&quot;:&quot;0&quot;,&quot;copyright&quot;:&quot;&quot;,&quot;focal_length&quot;:&quot;0&quot;,&quot;iso&quot;:&quot;0&quot;,&quot;shutter_speed&quot;:&quot;0&quot;,&quot;title&quot;:&quot;&quot;,&quot;orientation&quot;:&quot;1&quot;}\" data-image-title=\"WhatsApp Image 2019-01-25 at 18.49.15\" data-image-description=\"\" data-image-caption=\"\" data-large-file=\"https:\/\/www.hoymercedes.com.ar\/principal\/wp-content\/uploads\/2019\/01\/WhatsApp-Image-2019-01-25-at-18.49.15.jpeg\" src=\"https:\/\/www.hoymercedes.com.ar\/principal\/wp-content\/uploads\/2019\/01\/WhatsApp-Image-2019-01-25-at-18.49.15.jpeg\" alt=\"\" class=\"wp-image-87368\" srcset=\"https:\/\/www.hoymercedes.com.ar\/principal\/wp-content\/uploads\/2019\/01\/WhatsApp-Image-2019-01-25-at-18.49.15.jpeg 707w, https:\/\/www.hoymercedes.com.ar\/principal\/wp-content\/uploads\/2019\/01\/WhatsApp-Image-2019-01-25-at-18.49.15-137x150.jpeg 137w, https:\/\/www.hoymercedes.com.ar\/principal\/wp-content\/uploads\/2019\/01\/WhatsApp-Image-2019-01-25-at-18.49.15-567x620.jpeg 567w\" sizes=\"auto, (max-width: 707px) 100vw, 707px\" \/><\/figure>\n\n\n\n<p>Mientras los equipos se siguen preparando, los tres que jugar\u00e1n el Regional Amateur utilizar\u00e1n una nueva casaca. El Front\u00f3n de San Andr\u00e9s de Giles la dio a conocer hace dos semanas, recordando que la titular ser\u00e1 con los bastones verticales azules y rojos habituales, muy similar a la que us\u00f3 el a\u00f1o pasado, mientras que la suplente ser\u00e1 blanca con una franja roja a la altura del pecho y toda azul desde ese color hacia el cuello.<\/p>\n\n\n\n<figure class=\"wp-block-image\"><img loading=\"lazy\" decoding=\"async\" width=\"768\" height=\"1024\" data-attachment-id=\"87369\" data-permalink=\"https:\/\/www.hoymercedes.com.ar\/principal\/2019\/01\/25\/club-mercedes-y-trocha-dieron-a-conocer-las-camisetas-que-usaran-en-el-regional-amateur\/whatsapp-image-2019-01-25-at-17-53-28\/#main\" data-orig-file=\"https:\/\/www.hoymercedes.com.ar\/principal\/wp-content\/uploads\/2019\/01\/WhatsApp-Image-2019-01-25-at-17.53.28.jpeg\" data-orig-size=\"774,1032\" data-comments-opened=\"0\" data-image-meta=\"{&quot;aperture&quot;:&quot;0&quot;,&quot;credit&quot;:&quot;&quot;,&quot;camera&quot;:&quot;&quot;,&quot;caption&quot;:&quot;&quot;,&quot;created_timestamp&quot;:&quot;0&quot;,&quot;copyright&quot;:&quot;&quot;,&quot;focal_length&quot;:&quot;0&quot;,&quot;iso&quot;:&quot;0&quot;,&quot;shutter_speed&quot;:&quot;0&quot;,&quot;title&quot;:&quot;&quot;,&quot;orientation&quot;:&quot;0&quot;}\" data-image-title=\"WhatsApp Image 2019-01-25 at 17.53.28\" data-image-description=\"\" data-image-caption=\"\" data-large-file=\"https:\/\/www.hoymercedes.com.ar\/principal\/wp-content\/uploads\/2019\/01\/WhatsApp-Image-2019-01-25-at-17.53.28-768x1024.jpeg\" src=\"https:\/\/www.hoymercedes.com.ar\/principal\/wp-content\/uploads\/2019\/01\/WhatsApp-Image-2019-01-25-at-17.53.28-768x1024.jpeg\" alt=\"\" class=\"wp-image-87369\" srcset=\"https:\/\/www.hoymercedes.com.ar\/principal\/wp-content\/uploads\/2019\/01\/WhatsApp-Image-2019-01-25-at-17.53.28-768x1024.jpeg 768w, https:\/\/www.hoymercedes.com.ar\/principal\/wp-content\/uploads\/2019\/01\/WhatsApp-Image-2019-01-25-at-17.53.28-113x150.jpeg 113w, https:\/\/www.hoymercedes.com.ar\/principal\/wp-content\/uploads\/2019\/01\/WhatsApp-Image-2019-01-25-at-17.53.28-465x620.jpeg 465w, https:\/\/www.hoymercedes.com.ar\/principal\/wp-content\/uploads\/2019\/01\/WhatsApp-Image-2019-01-25-at-17.53.28.jpeg 774w\" sizes=\"auto, (max-width: 768px) 100vw, 768px\" \/><\/figure>\n\n\n\n<p>Por su parte, Club Mercedes anunci\u00f3 c\u00f3mo vestir\u00e1 y su camiseta emular\u00e1 a la del hist\u00f3rico equipo campe\u00f3n del 93, con el que lleg\u00f3 a pelear por el ascenso al Nacional B.<\/p>\n\n\n\n<figure class=\"wp-block-image\"><img loading=\"lazy\" decoding=\"async\" width=\"720\" height=\"753\" data-attachment-id=\"87370\" data-permalink=\"https:\/\/www.hoymercedes.com.ar\/principal\/2019\/01\/25\/club-mercedes-y-trocha-dieron-a-conocer-las-camisetas-que-usaran-en-el-regional-amateur\/whatsapp-image-2019-01-25-at-18-49-15-1\/#main\" data-orig-file=\"https:\/\/www.hoymercedes.com.ar\/principal\/wp-content\/uploads\/2019\/01\/WhatsApp-Image-2019-01-25-at-18.49.15-1.jpeg\" data-orig-size=\"720,753\" data-comments-opened=\"0\" data-image-meta=\"{&quot;aperture&quot;:&quot;0&quot;,&quot;credit&quot;:&quot;&quot;,&quot;camera&quot;:&quot;&quot;,&quot;caption&quot;:&quot;&quot;,&quot;created_timestamp&quot;:&quot;0&quot;,&quot;copyright&quot;:&quot;&quot;,&quot;focal_length&quot;:&quot;0&quot;,&quot;iso&quot;:&quot;0&quot;,&quot;shutter_speed&quot;:&quot;0&quot;,&quot;title&quot;:&quot;&quot;,&quot;orientation&quot;:&quot;1&quot;}\" data-image-title=\"WhatsApp Image 2019-01-25 at 18.49.15 (1)\" data-image-description=\"\" data-image-caption=\"\" data-large-file=\"https:\/\/www.hoymercedes.com.ar\/principal\/wp-content\/uploads\/2019\/01\/WhatsApp-Image-2019-01-25-at-18.49.15-1.jpeg\" src=\"https:\/\/www.hoymercedes.com.ar\/principal\/wp-content\/uploads\/2019\/01\/WhatsApp-Image-2019-01-25-at-18.49.15-1.jpeg\" alt=\"\" class=\"wp-image-87370\" srcset=\"https:\/\/www.hoymercedes.com.ar\/principal\/wp-content\/uploads\/2019\/01\/WhatsApp-Image-2019-01-25-at-18.49.15-1.jpeg 720w, https:\/\/www.hoymercedes.com.ar\/principal\/wp-content\/uploads\/2019\/01\/WhatsApp-Image-2019-01-25-at-18.49.15-1-143x150.jpeg 143w, https:\/\/www.hoymercedes.com.ar\/principal\/wp-content\/uploads\/2019\/01\/WhatsApp-Image-2019-01-25-at-18.49.15-1-593x620.jpeg 593w\" sizes=\"auto, (max-width: 720px) 100vw, 720px\" \/><\/figure>\n\n\n\n<p>En cuanto a Trocha, no tendr\u00e1 su tricolor habitual pero si un dise\u00f1o novedoso. La titular ser\u00e1 Azul con el pecho con una franja roja vertical, mientras que la suplente ser\u00e1 blanca, con el costado derecho rojo y el izquierdo azul.<\/p>\n\n\n\n<figure class=\"wp-block-image\"><img loading=\"lazy\" decoding=\"async\" width=\"768\" height=\"1024\" data-attachment-id=\"87371\" data-permalink=\"https:\/\/www.hoymercedes.com.ar\/principal\/2019\/01\/25\/club-mercedes-y-trocha-dieron-a-conocer-las-camisetas-que-usaran-en-el-regional-amateur\/whatsapp-image-2019-01-25-at-17-53-27\/#main\" data-orig-file=\"https:\/\/www.hoymercedes.com.ar\/principal\/wp-content\/uploads\/2019\/01\/WhatsApp-Image-2019-01-25-at-17.53.27.jpeg\" data-orig-size=\"774,1032\" data-comments-opened=\"0\" data-image-meta=\"{&quot;aperture&quot;:&quot;0&quot;,&quot;credit&quot;:&quot;&quot;,&quot;camera&quot;:&quot;&quot;,&quot;caption&quot;:&quot;&quot;,&quot;created_timestamp&quot;:&quot;0&quot;,&quot;copyright&quot;:&quot;&quot;,&quot;focal_length&quot;:&quot;0&quot;,&quot;iso&quot;:&quot;0&quot;,&quot;shutter_speed&quot;:&quot;0&quot;,&quot;title&quot;:&quot;&quot;,&quot;orientation&quot;:&quot;0&quot;}\" data-image-title=\"WhatsApp Image 2019-01-25 at 17.53.27\" data-image-description=\"\" data-image-caption=\"\" data-large-file=\"https:\/\/www.hoymercedes.com.ar\/principal\/wp-content\/uploads\/2019\/01\/WhatsApp-Image-2019-01-25-at-17.53.27-768x1024.jpeg\" src=\"https:\/\/www.hoymercedes.com.ar\/principal\/wp-content\/uploads\/2019\/01\/WhatsApp-Image-2019-01-25-at-17.53.27-768x1024.jpeg\" alt=\"\" class=\"wp-image-87371\" srcset=\"https:\/\/www.hoymercedes.com.ar\/principal\/wp-content\/uploads\/2019\/01\/WhatsApp-Image-2019-01-25-at-17.53.27-768x1024.jpeg 768w, https:\/\/www.hoymercedes.com.ar\/principal\/wp-content\/uploads\/2019\/01\/WhatsApp-Image-2019-01-25-at-17.53.27-113x150.jpeg 113w, https:\/\/www.hoymercedes.com.ar\/principal\/wp-content\/uploads\/2019\/01\/WhatsApp-Image-2019-01-25-at-17.53.27-465x620.jpeg 465w, https:\/\/www.hoymercedes.com.ar\/principal\/wp-content\/uploads\/2019\/01\/WhatsApp-Image-2019-01-25-at-17.53.27.jpeg 774w\" sizes=\"auto, (max-width: 768px) 100vw, 768px\" \/><\/figure>\n\n\n\n<p>En cuanto a los arqueros, el de Mercedes estar\u00e1 de azul con un cuadrill\u00e9 blanco y negro en la parte superior y el de Trocha estar\u00e1 combinado como la camiseta titular, pero en gris y negro.<\/p>\n\n\n\n<figure class=\"wp-block-image\"><img loading=\"lazy\" decoding=\"async\" width=\"696\" height=\"457\" data-attachment-id=\"87378\" data-permalink=\"https:\/\/www.hoymercedes.com.ar\/principal\/2019\/01\/25\/club-mercedes-y-trocha-dieron-a-conocer-las-camisetas-que-usaran-en-el-regional-amateur\/remerafron-696x457-2\/#main\" data-orig-file=\"https:\/\/www.hoymercedes.com.ar\/principal\/wp-content\/uploads\/2019\/01\/remerafron-696x457-1.jpg\" data-orig-size=\"696,457\" data-comments-opened=\"0\" data-image-meta=\"{&quot;aperture&quot;:&quot;0&quot;,&quot;credit&quot;:&quot;&quot;,&quot;camera&quot;:&quot;&quot;,&quot;caption&quot;:&quot;&quot;,&quot;created_timestamp&quot;:&quot;0&quot;,&quot;copyright&quot;:&quot;&quot;,&quot;focal_length&quot;:&quot;0&quot;,&quot;iso&quot;:&quot;0&quot;,&quot;shutter_speed&quot;:&quot;0&quot;,&quot;title&quot;:&quot;&quot;,&quot;orientation&quot;:&quot;0&quot;}\" data-image-title=\"remerafron-696&amp;#215;457\" data-image-description=\"\" data-image-caption=\"\" data-large-file=\"https:\/\/www.hoymercedes.com.ar\/principal\/wp-content\/uploads\/2019\/01\/remerafron-696x457-1.jpg\" src=\"https:\/\/www.hoymercedes.com.ar\/principal\/wp-content\/uploads\/2019\/01\/remerafron-696x457-1.jpg\" alt=\"\" class=\"wp-image-87378\" srcset=\"https:\/\/www.hoymercedes.com.ar\/principal\/wp-content\/uploads\/2019\/01\/remerafron-696x457-1.jpg 696w, https:\/\/www.hoymercedes.com.ar\/principal\/wp-content\/uploads\/2019\/01\/remerafron-696x457-1-150x98.jpg 150w, https:\/\/www.hoymercedes.com.ar\/principal\/wp-content\/uploads\/2019\/01\/remerafron-696x457-1-630x414.jpg 630w\" sizes=\"auto, (max-width: 696px) 100vw, 696px\" \/><\/figure>\n\n\n\n<figure class=\"wp-block-image\"><img loading=\"lazy\" decoding=\"async\" width=\"1024\" height=\"768\" data-attachment-id=\"87372\" data-permalink=\"https:\/\/www.hoymercedes.com.ar\/principal\/2019\/01\/25\/club-mercedes-y-trocha-dieron-a-conocer-las-camisetas-que-usaran-en-el-regional-amateur\/whatsapp-image-2019-01-25-at-18-49-14-1\/#main\" data-orig-file=\"https:\/\/www.hoymercedes.com.ar\/principal\/wp-content\/uploads\/2019\/01\/WhatsApp-Image-2019-01-25-at-18.49.14-1.jpeg\" data-orig-size=\"1024,768\" data-comments-opened=\"0\" data-image-meta=\"{&quot;aperture&quot;:&quot;0&quot;,&quot;credit&quot;:&quot;&quot;,&quot;camera&quot;:&quot;&quot;,&quot;caption&quot;:&quot;&quot;,&quot;created_timestamp&quot;:&quot;0&quot;,&quot;copyright&quot;:&quot;&quot;,&quot;focal_length&quot;:&quot;0&quot;,&quot;iso&quot;:&quot;0&quot;,&quot;shutter_speed&quot;:&quot;0&quot;,&quot;title&quot;:&quot;&quot;,&quot;orientation&quot;:&quot;0&quot;}\" data-image-title=\"WhatsApp Image 2019-01-25 at 18.49.14 (1)\" data-image-description=\"\" data-image-caption=\"\" data-large-file=\"https:\/\/www.hoymercedes.com.ar\/principal\/wp-content\/uploads\/2019\/01\/WhatsApp-Image-2019-01-25-at-18.49.14-1-1024x768.jpeg\" src=\"https:\/\/www.hoymercedes.com.ar\/principal\/wp-content\/uploads\/2019\/01\/WhatsApp-Image-2019-01-25-at-18.49.14-1-1024x768.jpeg\" alt=\"\" class=\"wp-image-87372\" srcset=\"https:\/\/www.hoymercedes.com.ar\/principal\/wp-content\/uploads\/2019\/01\/WhatsApp-Image-2019-01-25-at-18.49.14-1.jpeg 1024w, https:\/\/www.hoymercedes.com.ar\/principal\/wp-content\/uploads\/2019\/01\/WhatsApp-Image-2019-01-25-at-18.49.14-1-150x113.jpeg 150w, https:\/\/www.hoymercedes.com.ar\/principal\/wp-content\/uploads\/2019\/01\/WhatsApp-Image-2019-01-25-at-18.49.14-1-630x473.jpeg 630w, https:\/\/www.hoymercedes.com.ar\/principal\/wp-content\/uploads\/2019\/01\/WhatsApp-Image-2019-01-25-at-18.49.14-1-320x240.jpeg 320w, https:\/\/www.hoymercedes.com.ar\/principal\/wp-content\/uploads\/2019\/01\/WhatsApp-Image-2019-01-25-at-18.49.14-1-100x75.jpeg 100w\" sizes=\"auto, (max-width: 1024px) 100vw, 1024px\" \/><\/figure>\n\n\n\n<figure class=\"wp-block-image\"><img loading=\"lazy\" decoding=\"async\" width=\"768\" height=\"1024\" data-attachment-id=\"87373\" data-permalink=\"https:\/\/www.hoymercedes.com.ar\/principal\/2019\/01\/25\/club-mercedes-y-trocha-dieron-a-conocer-las-camisetas-que-usaran-en-el-regional-amateur\/whatsapp-image-2019-01-25-at-18-49-14\/#main\" data-orig-file=\"https:\/\/www.hoymercedes.com.ar\/principal\/wp-content\/uploads\/2019\/01\/WhatsApp-Image-2019-01-25-at-18.49.14.jpeg\" data-orig-size=\"768,1024\" data-comments-opened=\"0\" data-image-meta=\"{&quot;aperture&quot;:&quot;0&quot;,&quot;credit&quot;:&quot;&quot;,&quot;camera&quot;:&quot;&quot;,&quot;caption&quot;:&quot;&quot;,&quot;created_timestamp&quot;:&quot;0&quot;,&quot;copyright&quot;:&quot;&quot;,&quot;focal_length&quot;:&quot;0&quot;,&quot;iso&quot;:&quot;0&quot;,&quot;shutter_speed&quot;:&quot;0&quot;,&quot;title&quot;:&quot;&quot;,&quot;orientation&quot;:&quot;0&quot;}\" data-image-title=\"WhatsApp Image 2019-01-25 at 18.49.14\" data-image-description=\"\" data-image-caption=\"\" data-large-file=\"https:\/\/www.hoymercedes.com.ar\/principal\/wp-content\/uploads\/2019\/01\/WhatsApp-Image-2019-01-25-at-18.49.14-768x1024.jpeg\" src=\"https:\/\/www.hoymercedes.com.ar\/principal\/wp-content\/uploads\/2019\/01\/WhatsApp-Image-2019-01-25-at-18.49.14-768x1024.jpeg\" alt=\"\" class=\"wp-image-87373\" srcset=\"https:\/\/www.hoymercedes.com.ar\/principal\/wp-content\/uploads\/2019\/01\/WhatsApp-Image-2019-01-25-at-18.49.14.jpeg 768w, https:\/\/www.hoymercedes.com.ar\/principal\/wp-content\/uploads\/2019\/01\/WhatsApp-Image-2019-01-25-at-18.49.14-113x150.jpeg 113w, https:\/\/www.hoymercedes.com.ar\/principal\/wp-content\/uploads\/2019\/01\/WhatsApp-Image-2019-01-25-at-18.49.14-465x620.jpeg 465w\" sizes=\"auto, (max-width: 768px) 100vw, 768px\" \/><\/figure>\n\n\n\n<figure class=\"wp-block-image\"><img loading=\"lazy\" decoding=\"async\" width=\"768\" height=\"1024\" data-attachment-id=\"87374\" data-permalink=\"https:\/\/www.hoymercedes.com.ar\/principal\/2019\/01\/25\/club-mercedes-y-trocha-dieron-a-conocer-las-camisetas-que-usaran-en-el-regional-amateur\/whatsapp-image-2019-01-25-at-17-53-25\/#main\" data-orig-file=\"https:\/\/www.hoymercedes.com.ar\/principal\/wp-content\/uploads\/2019\/01\/WhatsApp-Image-2019-01-25-at-17.53.25.jpeg\" data-orig-size=\"774,1032\" data-comments-opened=\"0\" data-image-meta=\"{&quot;aperture&quot;:&quot;0&quot;,&quot;credit&quot;:&quot;&quot;,&quot;camera&quot;:&quot;&quot;,&quot;caption&quot;:&quot;&quot;,&quot;created_timestamp&quot;:&quot;0&quot;,&quot;copyright&quot;:&quot;&quot;,&quot;focal_length&quot;:&quot;0&quot;,&quot;iso&quot;:&quot;0&quot;,&quot;shutter_speed&quot;:&quot;0&quot;,&quot;title&quot;:&quot;&quot;,&quot;orientation&quot;:&quot;0&quot;}\" data-image-title=\"WhatsApp Image 2019-01-25 at 17.53.25\" data-image-description=\"\" data-image-caption=\"\" data-large-file=\"https:\/\/www.hoymercedes.com.ar\/principal\/wp-content\/uploads\/2019\/01\/WhatsApp-Image-2019-01-25-at-17.53.25-768x1024.jpeg\" src=\"https:\/\/www.hoymercedes.com.ar\/principal\/wp-content\/uploads\/2019\/01\/WhatsApp-Image-2019-01-25-at-17.53.25-768x1024.jpeg\" alt=\"\" class=\"wp-image-87374\" srcset=\"https:\/\/www.hoymercedes.com.ar\/principal\/wp-content\/uploads\/2019\/01\/WhatsApp-Image-2019-01-25-at-17.53.25-768x1024.jpeg 768w, https:\/\/www.hoymercedes.com.ar\/principal\/wp-content\/uploads\/2019\/01\/WhatsApp-Image-2019-01-25-at-17.53.25-113x150.jpeg 113w, https:\/\/www.hoymercedes.com.ar\/principal\/wp-content\/uploads\/2019\/01\/WhatsApp-Image-2019-01-25-at-17.53.25-465x620.jpeg 465w, https:\/\/www.hoymercedes.com.ar\/principal\/wp-content\/uploads\/2019\/01\/WhatsApp-Image-2019-01-25-at-17.53.25.jpeg 774w\" sizes=\"auto, (max-width: 768px) 100vw, 768px\" \/><\/figure>\n\n\n\n<figure class=\"wp-block-image\"><img loading=\"lazy\" decoding=\"async\" width=\"768\" height=\"1024\" data-attachment-id=\"87375\" data-permalink=\"https:\/\/www.hoymercedes.com.ar\/principal\/2019\/01\/25\/club-mercedes-y-trocha-dieron-a-conocer-las-camisetas-que-usaran-en-el-regional-amateur\/whatsapp-image-2019-01-25-at-17-53-25-1\/#main\" data-orig-file=\"https:\/\/www.hoymercedes.com.ar\/principal\/wp-content\/uploads\/2019\/01\/WhatsApp-Image-2019-01-25-at-17.53.25-1.jpeg\" data-orig-size=\"774,1032\" data-comments-opened=\"0\" data-image-meta=\"{&quot;aperture&quot;:&quot;0&quot;,&quot;credit&quot;:&quot;&quot;,&quot;camera&quot;:&quot;&quot;,&quot;caption&quot;:&quot;&quot;,&quot;created_timestamp&quot;:&quot;0&quot;,&quot;copyright&quot;:&quot;&quot;,&quot;focal_length&quot;:&quot;0&quot;,&quot;iso&quot;:&quot;0&quot;,&quot;shutter_speed&quot;:&quot;0&quot;,&quot;title&quot;:&quot;&quot;,&quot;orientation&quot;:&quot;0&quot;}\" data-image-title=\"WhatsApp Image 2019-01-25 at 17.53.25 (1)\" data-image-description=\"\" data-image-caption=\"\" data-large-file=\"https:\/\/www.hoymercedes.com.ar\/principal\/wp-content\/uploads\/2019\/01\/WhatsApp-Image-2019-01-25-at-17.53.25-1-768x1024.jpeg\" src=\"https:\/\/www.hoymercedes.com.ar\/principal\/wp-content\/uploads\/2019\/01\/WhatsApp-Image-2019-01-25-at-17.53.25-1-768x1024.jpeg\" alt=\"\" class=\"wp-image-87375\" srcset=\"https:\/\/www.hoymercedes.com.ar\/principal\/wp-content\/uploads\/2019\/01\/WhatsApp-Image-2019-01-25-at-17.53.25-1-768x1024.jpeg 768w, https:\/\/www.hoymercedes.com.ar\/principal\/wp-content\/uploads\/2019\/01\/WhatsApp-Image-2019-01-25-at-17.53.25-1-113x150.jpeg 113w, https:\/\/www.hoymercedes.com.ar\/principal\/wp-content\/uploads\/2019\/01\/WhatsApp-Image-2019-01-25-at-17.53.25-1-465x620.jpeg 465w, https:\/\/www.hoymercedes.com.ar\/principal\/wp-content\/uploads\/2019\/01\/WhatsApp-Image-2019-01-25-at-17.53.25-1.jpeg 774w\" sizes=\"auto, (max-width: 768px) 100vw, 768px\" \/><\/figure>\n","protected":false},"excerpt":{"rendered":"<p>Como cada a\u00f1o, los equipos de la Liga Mercedina realizan nuevos modelos para iniciar la temporada cuando tienen que hacerlo &#8230; <a title=\"Club Mercedes y Trocha dieron a conocer las camisetas que usar\u00e1n en el Regional Amateur\" class=\"read-more\" href=\"https:\/\/www.hoymercedes.com.ar\/principal\/2019\/01\/25\/club-mercedes-y-trocha-dieron-a-conocer-las-camisetas-que-usaran-en-el-regional-amateur\/\" aria-label=\"Leer m\u00e1s sobre Club Mercedes y Trocha dieron a conocer las camisetas que usar\u00e1n en el Regional Amateur\">Leer m\u00e1s<\/a><\/p>\n","protected":false},"author":1,"featured_media":87368,"comment_status":"closed","ping_status":"open","sticky":false,"template":"","format":"standard","meta":{"_monsterinsights_skip_tracking":false,"_monsterinsights_sitenote_active":false,"_monsterinsights_sitenote_note":"","_monsterinsights_sitenote_category":0,"jetpack_post_was_ever_published":false,"_jetpack_newsletter_access":"","_jetpack_dont_email_post_to_subs":false,"_jetpack_newsletter_tier_id":0,"_jetpack_memberships_contains_paywalled_content":false,"_jetpack_memberships_contains_paid_content":false,"footnotes":"","jetpack_publicize_message":"","jetpack_publicize_feature_enabled":true,"jetpack_social_post_already_shared":true,"jetpack_social_options":{"image_generator_settings":{"template":"highway","default_image_id":0,"font":"","enabled":false},"version":2},"_wpas_customize_per_network":false},"categories":[21],"tags":[13729,122],"class_list":["post-87367","post","type-post","status-publish","format-standard","has-post-thumbnail","hentry","category-deportes","tag-camisetas","tag-club-mercedes","generate-columns","tablet-grid-50","mobile-grid-100","grid-parent","grid-50"],"jetpack_publicize_connections":[],"jetpack_featured_media_url":"https:\/\/www.hoymercedes.com.ar\/principal\/wp-content\/uploads\/2019\/01\/WhatsApp-Image-2019-01-25-at-18.49.15.jpeg","wps_subtitle":"Regional Amateur","jetpack_sharing_enabled":true,"_links":{"self":[{"href":"https:\/\/www.hoymercedes.com.ar\/principal\/wp-json\/wp\/v2\/posts\/87367","targetHints":{"allow":["GET"]}}],"collection":[{"href":"https:\/\/www.hoymercedes.com.ar\/principal\/wp-json\/wp\/v2\/posts"}],"about":[{"href":"https:\/\/www.hoymercedes.com.ar\/principal\/wp-json\/wp\/v2\/types\/post"}],"author":[{"embeddable":true,"href":"https:\/\/www.hoymercedes.com.ar\/principal\/wp-json\/wp\/v2\/users\/1"}],"replies":[{"embeddable":true,"href":"https:\/\/www.hoymercedes.com.ar\/principal\/wp-json\/wp\/v2\/comments?post=87367"}],"version-history":[{"count":0,"href":"https:\/\/www.hoymercedes.com.ar\/principal\/wp-json\/wp\/v2\/posts\/87367\/revisions"}],"wp:featuredmedia":[{"embeddable":true,"href":"https:\/\/www.hoymercedes.com.ar\/principal\/wp-json\/wp\/v2\/media\/87368"}],"wp:attachment":[{"href":"https:\/\/www.hoymercedes.com.ar\/principal\/wp-json\/wp\/v2\/media?parent=87367"}],"wp:term":[{"taxonomy":"category","embeddable":true,"href":"https:\/\/www.hoymercedes.com.ar\/principal\/wp-json\/wp\/v2\/categories?post=87367"},{"taxonomy":"post_tag","embeddable":true,"href":"https:\/\/www.hoymercedes.com.ar\/principal\/wp-json\/wp\/v2\/tags?post=87367"}],"curies":[{"name":"wp","href":"https:\/\/api.w.org\/{rel}","templated":true}]}}