{"id":87399,"date":"2019-01-26T13:13:01","date_gmt":"2019-01-26T16:13:01","guid":{"rendered":"http:\/\/www.hoymercedes.com.ar\/principal\/?p=87399"},"modified":"2019-01-26T11:37:43","modified_gmt":"2019-01-26T14:37:43","slug":"el-ballet-estrella-del-sur-se-presentara-en-cosquin","status":"publish","type":"post","link":"https:\/\/www.hoymercedes.com.ar\/principal\/2019\/01\/26\/el-ballet-estrella-del-sur-se-presentara-en-cosquin\/","title":{"rendered":"El Ballet Estrella del Sur se presentar\u00e1 en Cosqu\u00edn"},"content":{"rendered":"\n<p>La escuela de danza municipal \u201cEstrella del Sur\u201d fue seleccionada para participar de la 59\u00aa edici\u00f3n del Festival Nacional de Folclore de Cosqu\u00edn (C\u00f3rdoba). Es as\u00ed que el Municipio entreg\u00f3 un subsidio para el viaje de las 45 personas que integran la comitiva. <\/p>\n\n\n\n<figure class=\"wp-block-image\"><img loading=\"lazy\" decoding=\"async\" width=\"750\" height=\"500\" data-attachment-id=\"87400\" data-permalink=\"https:\/\/www.hoymercedes.com.ar\/principal\/2019\/01\/26\/el-ballet-estrella-del-sur-se-presentara-en-cosquin\/26-muni-stella-betancour\/#main\" data-orig-file=\"https:\/\/www.hoymercedes.com.ar\/principal\/wp-content\/uploads\/2019\/01\/26-muni-stella-betancour.jpg\" data-orig-size=\"750,500\" data-comments-opened=\"0\" data-image-meta=\"{&quot;aperture&quot;:&quot;3.5&quot;,&quot;credit&quot;:&quot;&quot;,&quot;camera&quot;:&quot;Canon EOS 60D&quot;,&quot;caption&quot;:&quot;&quot;,&quot;created_timestamp&quot;:&quot;1548333869&quot;,&quot;copyright&quot;:&quot;&quot;,&quot;focal_length&quot;:&quot;18&quot;,&quot;iso&quot;:&quot;640&quot;,&quot;shutter_speed&quot;:&quot;0.033333333333333&quot;,&quot;title&quot;:&quot;&quot;,&quot;orientation&quot;:&quot;1&quot;}\" data-image-title=\"26 muni stella betancour\" data-image-description=\"\" data-image-caption=\"\" data-large-file=\"https:\/\/www.hoymercedes.com.ar\/principal\/wp-content\/uploads\/2019\/01\/26-muni-stella-betancour.jpg\" src=\"https:\/\/www.hoymercedes.com.ar\/principal\/wp-content\/uploads\/2019\/01\/26-muni-stella-betancour.jpg\" alt=\"\" class=\"wp-image-87400\" srcset=\"https:\/\/www.hoymercedes.com.ar\/principal\/wp-content\/uploads\/2019\/01\/26-muni-stella-betancour.jpg 750w, https:\/\/www.hoymercedes.com.ar\/principal\/wp-content\/uploads\/2019\/01\/26-muni-stella-betancour-150x100.jpg 150w, https:\/\/www.hoymercedes.com.ar\/principal\/wp-content\/uploads\/2019\/01\/26-muni-stella-betancour-630x420.jpg 630w, https:\/\/www.hoymercedes.com.ar\/principal\/wp-content\/uploads\/2019\/01\/26-muni-stella-betancour-720x480.jpg 720w, https:\/\/www.hoymercedes.com.ar\/principal\/wp-content\/uploads\/2019\/01\/26-muni-stella-betancour-360x240.jpg 360w\" sizes=\"auto, (max-width: 750px) 100vw, 750px\" \/><\/figure>\n\n\n\n<p>La entrega la realizaron el Intendente Interino Carlos Garro, y la Directora de Cultura, Lucia Capaccio. Stella Betancur Yaneselli, Directora del ballet, cont\u00f3 que fueron seleccionados entre cinco escuelas municipales de la provincia. \u00abMandamos nuestro material, y por nuestro nivel y trayectoria fuimos elegidos. Es un orgullo personal, y creo que para la ciudad, que esta escuela haya sido elegida entre muchos ballet y escuelas de danzas\u201d, agreg\u00f3. <\/p>\n\n\n\n<p>Por su parte, Garro les dese\u00f3 \u201cbuena suerte, sabemos que nos representar\u00e1n de la mejor manera\u201d y felicit\u00f3 una vez m\u00e1s \u201cpor el trabajo realizado\u201d. A lo que Capaccio agreg\u00f3 que era un \u00aborgullo\u00bb ayudar y subsidiar a la escuela de danzas. <\/p>\n","protected":false},"excerpt":{"rendered":"<p>La escuela de danza municipal \u201cEstrella del Sur\u201d fue seleccionada para participar de la 59\u00aa edici\u00f3n del Festival Nacional de &#8230; <a title=\"El Ballet Estrella del Sur se presentar\u00e1 en Cosqu\u00edn\" class=\"read-more\" href=\"https:\/\/www.hoymercedes.com.ar\/principal\/2019\/01\/26\/el-ballet-estrella-del-sur-se-presentara-en-cosquin\/\" aria-label=\"Leer m\u00e1s sobre El Ballet Estrella del Sur se presentar\u00e1 en Cosqu\u00edn\">Leer m\u00e1s<\/a><\/p>\n","protected":false},"author":1,"featured_media":87400,"comment_status":"closed","ping_status":"open","sticky":false,"template":"","format":"standard","meta":{"_monsterinsights_skip_tracking":false,"_monsterinsights_sitenote_active":false,"_monsterinsights_sitenote_note":"","_monsterinsights_sitenote_category":0,"jetpack_post_was_ever_published":false,"_jetpack_newsletter_access":"","_jetpack_dont_email_post_to_subs":false,"_jetpack_newsletter_tier_id":0,"_jetpack_memberships_contains_paywalled_content":false,"_jetpack_memberships_contains_paid_content":false,"footnotes":"","jetpack_publicize_message":"","jetpack_publicize_feature_enabled":true,"jetpack_social_post_already_shared":true,"jetpack_social_options":{"image_generator_settings":{"template":"highway","default_image_id":0,"font":"","enabled":false},"version":2},"_wpas_customize_per_network":false},"categories":[104],"tags":[10143,235,7805],"class_list":["post-87399","post","type-post","status-publish","format-standard","has-post-thumbnail","hentry","category-cultura","tag-ballet-estrella-del-sur","tag-cosquin","tag-cultura","generate-columns","tablet-grid-50","mobile-grid-100","grid-parent","grid-50"],"jetpack_publicize_connections":[],"jetpack_featured_media_url":"https:\/\/www.hoymercedes.com.ar\/principal\/wp-content\/uploads\/2019\/01\/26-muni-stella-betancour.jpg","wps_subtitle":"Viajar\u00e1n 45 personas","jetpack_sharing_enabled":true,"_links":{"self":[{"href":"https:\/\/www.hoymercedes.com.ar\/principal\/wp-json\/wp\/v2\/posts\/87399","targetHints":{"allow":["GET"]}}],"collection":[{"href":"https:\/\/www.hoymercedes.com.ar\/principal\/wp-json\/wp\/v2\/posts"}],"about":[{"href":"https:\/\/www.hoymercedes.com.ar\/principal\/wp-json\/wp\/v2\/types\/post"}],"author":[{"embeddable":true,"href":"https:\/\/www.hoymercedes.com.ar\/principal\/wp-json\/wp\/v2\/users\/1"}],"replies":[{"embeddable":true,"href":"https:\/\/www.hoymercedes.com.ar\/principal\/wp-json\/wp\/v2\/comments?post=87399"}],"version-history":[{"count":0,"href":"https:\/\/www.hoymercedes.com.ar\/principal\/wp-json\/wp\/v2\/posts\/87399\/revisions"}],"wp:featuredmedia":[{"embeddable":true,"href":"https:\/\/www.hoymercedes.com.ar\/principal\/wp-json\/wp\/v2\/media\/87400"}],"wp:attachment":[{"href":"https:\/\/www.hoymercedes.com.ar\/principal\/wp-json\/wp\/v2\/media?parent=87399"}],"wp:term":[{"taxonomy":"category","embeddable":true,"href":"https:\/\/www.hoymercedes.com.ar\/principal\/wp-json\/wp\/v2\/categories?post=87399"},{"taxonomy":"post_tag","embeddable":true,"href":"https:\/\/www.hoymercedes.com.ar\/principal\/wp-json\/wp\/v2\/tags?post=87399"}],"curies":[{"name":"wp","href":"https:\/\/api.w.org\/{rel}","templated":true}]}}