{"id":87419,"date":"2019-01-26T15:34:16","date_gmt":"2019-01-26T18:34:16","guid":{"rendered":"http:\/\/www.hoymercedes.com.ar\/principal\/?p=87419"},"modified":"2019-01-26T15:35:23","modified_gmt":"2019-01-26T18:35:23","slug":"ajb-despide-al-historico-dirigente-romeo-barco-firpo","status":"publish","type":"post","link":"https:\/\/www.hoymercedes.com.ar\/principal\/2019\/01\/26\/ajb-despide-al-historico-dirigente-romeo-barco-firpo\/","title":{"rendered":"AJB despide al hist\u00f3rico dirigente Romeo \u201cBarco\u201d Firpo"},"content":{"rendered":"\n<p><strong><em>A los 82 a\u00f1os falleci\u00f3 este importante gremialista, quien supo integrar Comisi\u00f3n Directiva Departamental y el Congreso Provincial de la Asociaci\u00f3n Judicial Bonaerense. Desde el sindicato lo despiden con dolor y record\u00e1ndolo como \u00abun gran dirigente y ejemplo de persona\u00bb <\/em><\/strong><\/p>\n\n\n\n<figure class=\"wp-block-image\"><img loading=\"lazy\" decoding=\"async\" width=\"750\" height=\"500\" data-attachment-id=\"87420\" data-permalink=\"https:\/\/www.hoymercedes.com.ar\/principal\/2019\/01\/26\/ajb-despide-al-historico-dirigente-romeo-barco-firpo\/26-firmo-ajb\/#main\" data-orig-file=\"https:\/\/www.hoymercedes.com.ar\/principal\/wp-content\/uploads\/2019\/01\/26-firmo-AJB.jpg\" data-orig-size=\"750,500\" data-comments-opened=\"0\" data-image-meta=\"{&quot;aperture&quot;:&quot;0&quot;,&quot;credit&quot;:&quot;&quot;,&quot;camera&quot;:&quot;&quot;,&quot;caption&quot;:&quot;&quot;,&quot;created_timestamp&quot;:&quot;0&quot;,&quot;copyright&quot;:&quot;&quot;,&quot;focal_length&quot;:&quot;0&quot;,&quot;iso&quot;:&quot;0&quot;,&quot;shutter_speed&quot;:&quot;0&quot;,&quot;title&quot;:&quot;&quot;,&quot;orientation&quot;:&quot;0&quot;}\" data-image-title=\"26 firmo AJB\" data-image-description=\"\" data-image-caption=\"\" data-large-file=\"https:\/\/www.hoymercedes.com.ar\/principal\/wp-content\/uploads\/2019\/01\/26-firmo-AJB.jpg\" src=\"https:\/\/www.hoymercedes.com.ar\/principal\/wp-content\/uploads\/2019\/01\/26-firmo-AJB.jpg\" alt=\"\" class=\"wp-image-87420\" srcset=\"https:\/\/www.hoymercedes.com.ar\/principal\/wp-content\/uploads\/2019\/01\/26-firmo-AJB.jpg 750w, https:\/\/www.hoymercedes.com.ar\/principal\/wp-content\/uploads\/2019\/01\/26-firmo-AJB-150x100.jpg 150w, https:\/\/www.hoymercedes.com.ar\/principal\/wp-content\/uploads\/2019\/01\/26-firmo-AJB-630x420.jpg 630w, https:\/\/www.hoymercedes.com.ar\/principal\/wp-content\/uploads\/2019\/01\/26-firmo-AJB-720x480.jpg 720w, https:\/\/www.hoymercedes.com.ar\/principal\/wp-content\/uploads\/2019\/01\/26-firmo-AJB-360x240.jpg 360w\" sizes=\"auto, (max-width: 750px) 100vw, 750px\" \/><\/figure>\n\n\n\n<p>Un clima de gran congoja y profundo\ndolor se vivi\u00f3 en la \u00faltima semana en el seno de la Asociaci\u00f3n Judicial\nBonaerense Departamental Mercedes. El martes 22, se conoc\u00eda la noticia del\nfallecimiento de Romeo Agust\u00edn Firpo, m\u00e1s conocido en el mundo judicial como\n\u00abBarco\u00bb. <\/p>\n\n\n\n<p>Firpo, de 82 a\u00f1os de edad, se\nencontraba ya jubilado del Poder Judicial, luego de haber abocado su vida al\ntrabajo y a la actividad sindical. Ten\u00eda un gran compromiso por la defensa y\nampliaci\u00f3n de derechos laborales de sus compa\u00f1eros judiciales, lo que lo llev\u00f3\na formar parte de la Comisi\u00f3n Directiva Departamental, como as\u00ed tambi\u00e9n a\nrepresentar a la misma como Congresal Provincial. Todo ello, lo llev\u00f3 a ser\nconsiderado y reconocido como un hist\u00f3rico dirigente.&nbsp; &nbsp;&nbsp;&nbsp;<\/p>\n\n\n\n<p>Desde la AJB Mercedes se expresaron\nsentida y respetuosamente, expresando: \u00abAdi\u00f3s compa\u00f1ero. Con mucho dolor\ntenemos que comunicar el fallecimiento del compa\u00f1ero jubilado Romeo Agust\u00edn\nFirpo. Ejemplo de persona, siempre medido y con la palabra justa en cualquier\ndiscusi\u00f3n. Solidario, luchador por los derechos de los trabajadores judiciales.\nC\u00f3mo lo conoc\u00edamos todos \u00abBarco Firpo\u00bb hasta siempre\u00bb.<\/p>\n","protected":false},"excerpt":{"rendered":"<p>A los 82 a\u00f1os falleci\u00f3 este importante gremialista, quien supo integrar Comisi\u00f3n Directiva Departamental y el Congreso Provincial de la &#8230; <a title=\"AJB despide al hist\u00f3rico dirigente Romeo \u201cBarco\u201d Firpo\" class=\"read-more\" href=\"https:\/\/www.hoymercedes.com.ar\/principal\/2019\/01\/26\/ajb-despide-al-historico-dirigente-romeo-barco-firpo\/\" aria-label=\"Leer m\u00e1s sobre AJB despide al hist\u00f3rico dirigente Romeo \u201cBarco\u201d Firpo\">Leer m\u00e1s<\/a><\/p>\n","protected":false},"author":1,"featured_media":87420,"comment_status":"closed","ping_status":"open","sticky":false,"template":"","format":"standard","meta":{"_monsterinsights_skip_tracking":false,"_monsterinsights_sitenote_active":false,"_monsterinsights_sitenote_note":"","_monsterinsights_sitenote_category":0,"jetpack_post_was_ever_published":false,"_jetpack_newsletter_access":"","_jetpack_dont_email_post_to_subs":false,"_jetpack_newsletter_tier_id":0,"_jetpack_memberships_contains_paywalled_content":false,"_jetpack_memberships_contains_paid_content":false,"footnotes":"","jetpack_publicize_message":"","jetpack_publicize_feature_enabled":true,"jetpack_social_post_already_shared":true,"jetpack_social_options":{"image_generator_settings":{"template":"highway","default_image_id":0,"font":"","enabled":false},"version":2},"_wpas_customize_per_network":false},"categories":[10563],"tags":[95,9744,1443],"class_list":["post-87419","post","type-post","status-publish","format-standard","has-post-thumbnail","hentry","category-gremios-sindicatos","tag-ajb","tag-recordatorio","tag-sindicatos","generate-columns","tablet-grid-50","mobile-grid-100","grid-parent","grid-50"],"jetpack_publicize_connections":[],"jetpack_featured_media_url":"https:\/\/www.hoymercedes.com.ar\/principal\/wp-content\/uploads\/2019\/01\/26-firmo-AJB.jpg","wps_subtitle":"Recordatorio","jetpack_sharing_enabled":true,"_links":{"self":[{"href":"https:\/\/www.hoymercedes.com.ar\/principal\/wp-json\/wp\/v2\/posts\/87419","targetHints":{"allow":["GET"]}}],"collection":[{"href":"https:\/\/www.hoymercedes.com.ar\/principal\/wp-json\/wp\/v2\/posts"}],"about":[{"href":"https:\/\/www.hoymercedes.com.ar\/principal\/wp-json\/wp\/v2\/types\/post"}],"author":[{"embeddable":true,"href":"https:\/\/www.hoymercedes.com.ar\/principal\/wp-json\/wp\/v2\/users\/1"}],"replies":[{"embeddable":true,"href":"https:\/\/www.hoymercedes.com.ar\/principal\/wp-json\/wp\/v2\/comments?post=87419"}],"version-history":[{"count":0,"href":"https:\/\/www.hoymercedes.com.ar\/principal\/wp-json\/wp\/v2\/posts\/87419\/revisions"}],"wp:featuredmedia":[{"embeddable":true,"href":"https:\/\/www.hoymercedes.com.ar\/principal\/wp-json\/wp\/v2\/media\/87420"}],"wp:attachment":[{"href":"https:\/\/www.hoymercedes.com.ar\/principal\/wp-json\/wp\/v2\/media?parent=87419"}],"wp:term":[{"taxonomy":"category","embeddable":true,"href":"https:\/\/www.hoymercedes.com.ar\/principal\/wp-json\/wp\/v2\/categories?post=87419"},{"taxonomy":"post_tag","embeddable":true,"href":"https:\/\/www.hoymercedes.com.ar\/principal\/wp-json\/wp\/v2\/tags?post=87419"}],"curies":[{"name":"wp","href":"https:\/\/api.w.org\/{rel}","templated":true}]}}