{"id":87433,"date":"2019-01-28T09:31:29","date_gmt":"2019-01-28T12:31:29","guid":{"rendered":"http:\/\/www.hoymercedes.com.ar\/principal\/?p=87433"},"modified":"2019-01-28T09:57:55","modified_gmt":"2019-01-28T12:57:55","slug":"la-musica-en-las-plazas-comenzo-el-domingo","status":"publish","type":"post","link":"https:\/\/www.hoymercedes.com.ar\/principal\/2019\/01\/28\/la-musica-en-las-plazas-comenzo-el-domingo\/","title":{"rendered":"La M\u00fasica en las Plazas comenz\u00f3 el domingo"},"content":{"rendered":"\n<p>La lluvia y el clima jug\u00f3 una mala pasada al ciclo M\u00fasica en las Plazas por lo cual debi\u00f3 aplazarse las primeras jornadas y reprogramarse para la semana pr\u00f3xima. Sin embargo, el d\u00eda domingo, en simult\u00e1neo, el ciclo se realiz\u00f3 en el Barrio Santa Teresita y la zona rural m\u00e1s precisamente en Gowland. <\/p>\n\n\n\n<figure class=\"wp-block-image\"><img loading=\"lazy\" decoding=\"async\" width=\"750\" height=\"500\" data-attachment-id=\"87435\" data-permalink=\"https:\/\/www.hoymercedes.com.ar\/principal\/2019\/01\/28\/la-musica-en-las-plazas-comenzo-el-domingo\/28-plaza-sta-teresita-1\/#main\" data-orig-file=\"https:\/\/www.hoymercedes.com.ar\/principal\/wp-content\/uploads\/2019\/01\/28-plaza-sta-teresita-1.jpg\" data-orig-size=\"750,500\" data-comments-opened=\"0\" data-image-meta=\"{&quot;aperture&quot;:&quot;2&quot;,&quot;credit&quot;:&quot;&quot;,&quot;camera&quot;:&quot;Moto G (5S) Plus&quot;,&quot;caption&quot;:&quot;&quot;,&quot;created_timestamp&quot;:&quot;1548625932&quot;,&quot;copyright&quot;:&quot;&quot;,&quot;focal_length&quot;:&quot;3.59&quot;,&quot;iso&quot;:&quot;943&quot;,&quot;shutter_speed&quot;:&quot;0.05&quot;,&quot;title&quot;:&quot;&quot;,&quot;orientation&quot;:&quot;1&quot;}\" data-image-title=\"28 plaza sta teresita 1\" data-image-description=\"\" data-image-caption=\"\" data-large-file=\"https:\/\/www.hoymercedes.com.ar\/principal\/wp-content\/uploads\/2019\/01\/28-plaza-sta-teresita-1.jpg\" src=\"https:\/\/www.hoymercedes.com.ar\/principal\/wp-content\/uploads\/2019\/01\/28-plaza-sta-teresita-1.jpg\" alt=\"\" class=\"wp-image-87435\" srcset=\"https:\/\/www.hoymercedes.com.ar\/principal\/wp-content\/uploads\/2019\/01\/28-plaza-sta-teresita-1.jpg 750w, https:\/\/www.hoymercedes.com.ar\/principal\/wp-content\/uploads\/2019\/01\/28-plaza-sta-teresita-1-150x100.jpg 150w, https:\/\/www.hoymercedes.com.ar\/principal\/wp-content\/uploads\/2019\/01\/28-plaza-sta-teresita-1-630x420.jpg 630w, https:\/\/www.hoymercedes.com.ar\/principal\/wp-content\/uploads\/2019\/01\/28-plaza-sta-teresita-1-720x480.jpg 720w, https:\/\/www.hoymercedes.com.ar\/principal\/wp-content\/uploads\/2019\/01\/28-plaza-sta-teresita-1-360x240.jpg 360w\" sizes=\"auto, (max-width: 750px) 100vw, 750px\" \/><figcaption>En el barrio Santa Teresita arranc\u00f3 el ciclo despu\u00e9s de dos fechas suspendidas<\/figcaption><\/figure>\n\n\n\n<p>En la plaza de 105 y 26 bis, hubo una representaci\u00f3n teatral con Gabriela Lorusso y despu\u00e9s la m\u00fasica a cargo de Gonzalo Jes\u00fas y Menta y Lim\u00f3n incluyendo la primera jornada del concurso de cumbia. El concurso se repiti\u00f3 en Gowland. All\u00ed tambi\u00e9n actuaron Hern\u00e1n Cruz, Mart\u00edn Soler y Mi Cumbia Suena.<\/p>\n\n\n\n<p>El ciclo continuar\u00e1 este viernes 1 de febrero. Tambi\u00e9n en dos lugares en paralelo. En la Plaza San Luis (calle 24 entre 15 y 13) con Circo al Pie; Patota Aschero (tango); y Oscar Rosello (Folclore). Adem\u00e1s se realizar\u00e1 la fecha reprogramada en la plaza del Barrio San Mart\u00edn (en calles 67 y 104) estar\u00e1n Titiriteros; Ponce de Le\u00f3n (folclore), Mati Navarro (cumbia); y El Principiante (cumbia). <\/p>\n\n\n\n<p>El 2 de febrero tambi\u00e9n habr\u00e1 doblete. En la Plaza de Barrio Unidad y Progreso (en calles 26 y 55) actuar\u00e1n H\u00e9ctor G\u00f3mez (folclore) y La Clave (cumbia). La fecha reprogramada del Barrio San Jos\u00e9 ser\u00e1 el s\u00e1bado 2 donde actuar\u00e1n Comedia Acrob\u00e1tica \u00abCual para Tal\u00bb, Sebasti\u00e1n Giovanetone (folclore) y Orquesta Org\u00e1nica (cumbia). <\/p>\n\n\n\n<p>El cronograma siguiente contin\u00faa sin modificaciones: <br>-Domingo 3\/2 Plaza Barrio Blandengues (en calles 1 y 12): Circo al Pie; Ale Santana (rap); Matias Navarro (cumbia) y La Banda del Bondi\u00a0 (cumbia)<br>-Viernes 8\/2 Plaza San Mart\u00edn (en calle 27, entre 24 y 26): Improvisaciones Teatrales; Payaso Tertulio\u201d; Pablo Aschero (tango); Sachapampa (folclore); y Disritmia.<br>-Viernes 9\/2 Plaza Silvano en Tom\u00e1s Jofr\u00e9: Nahuel Fusco (tango), Fernando Pazos (Folkore); y La Banda Norte\u00f1a (cumbia)<br>-Domingo 10\/2 Complejo Cultural La Trocha (avenida 40 y 21): Circo al Pie; L\u00f3pez Heredia (folclore) y Fernanda Ottolini y su banda (cumbia). Este d\u00eda se har\u00e1 el final del concurso de baile con la entrega de premios.<\/p>\n","protected":false},"excerpt":{"rendered":"<p>La lluvia y el clima jug\u00f3 una mala pasada al ciclo M\u00fasica en las Plazas por lo cual debi\u00f3 aplazarse &#8230; <a title=\"La M\u00fasica en las Plazas comenz\u00f3 el domingo\" class=\"read-more\" href=\"https:\/\/www.hoymercedes.com.ar\/principal\/2019\/01\/28\/la-musica-en-las-plazas-comenzo-el-domingo\/\" aria-label=\"Leer m\u00e1s sobre La M\u00fasica en las Plazas comenz\u00f3 el domingo\">Leer m\u00e1s<\/a><\/p>\n","protected":false},"author":1,"featured_media":87435,"comment_status":"closed","ping_status":"open","sticky":false,"template":"","format":"standard","meta":{"_monsterinsights_skip_tracking":false,"_monsterinsights_sitenote_active":false,"_monsterinsights_sitenote_note":"","_monsterinsights_sitenote_category":0,"jetpack_post_was_ever_published":false,"_jetpack_newsletter_access":"","_jetpack_dont_email_post_to_subs":false,"_jetpack_newsletter_tier_id":0,"_jetpack_memberships_contains_paywalled_content":false,"_jetpack_memberships_contains_paid_content":false,"footnotes":"","jetpack_publicize_message":"","jetpack_publicize_feature_enabled":true,"jetpack_social_post_already_shared":true,"jetpack_social_options":{"image_generator_settings":{"template":"highway","default_image_id":0,"font":"","enabled":false},"version":2},"_wpas_customize_per_network":false},"categories":[104],"tags":[11336,7805,244,10455],"class_list":["post-87433","post","type-post","status-publish","format-standard","has-post-thumbnail","hentry","category-cultura","tag-barrio","tag-cultura","tag-municipio-2","tag-musica-en-las-plazas","generate-columns","tablet-grid-50","mobile-grid-100","grid-parent","grid-50"],"jetpack_publicize_connections":[],"jetpack_featured_media_url":"https:\/\/www.hoymercedes.com.ar\/principal\/wp-content\/uploads\/2019\/01\/28-plaza-sta-teresita-1.jpg","wps_subtitle":"Ciclo musical","jetpack_sharing_enabled":true,"_links":{"self":[{"href":"https:\/\/www.hoymercedes.com.ar\/principal\/wp-json\/wp\/v2\/posts\/87433","targetHints":{"allow":["GET"]}}],"collection":[{"href":"https:\/\/www.hoymercedes.com.ar\/principal\/wp-json\/wp\/v2\/posts"}],"about":[{"href":"https:\/\/www.hoymercedes.com.ar\/principal\/wp-json\/wp\/v2\/types\/post"}],"author":[{"embeddable":true,"href":"https:\/\/www.hoymercedes.com.ar\/principal\/wp-json\/wp\/v2\/users\/1"}],"replies":[{"embeddable":true,"href":"https:\/\/www.hoymercedes.com.ar\/principal\/wp-json\/wp\/v2\/comments?post=87433"}],"version-history":[{"count":0,"href":"https:\/\/www.hoymercedes.com.ar\/principal\/wp-json\/wp\/v2\/posts\/87433\/revisions"}],"wp:featuredmedia":[{"embeddable":true,"href":"https:\/\/www.hoymercedes.com.ar\/principal\/wp-json\/wp\/v2\/media\/87435"}],"wp:attachment":[{"href":"https:\/\/www.hoymercedes.com.ar\/principal\/wp-json\/wp\/v2\/media?parent=87433"}],"wp:term":[{"taxonomy":"category","embeddable":true,"href":"https:\/\/www.hoymercedes.com.ar\/principal\/wp-json\/wp\/v2\/categories?post=87433"},{"taxonomy":"post_tag","embeddable":true,"href":"https:\/\/www.hoymercedes.com.ar\/principal\/wp-json\/wp\/v2\/tags?post=87433"}],"curies":[{"name":"wp","href":"https:\/\/api.w.org\/{rel}","templated":true}]}}