{"id":8746,"date":"2011-10-30T01:47:01","date_gmt":"2011-10-30T01:47:01","guid":{"rendered":"http:\/\/www.hoymercedes.com.ar\/principal\/?p=8746"},"modified":"2011-10-30T18:48:25","modified_gmt":"2011-10-30T18:48:25","slug":"spina-carlos-selva-gano-las-elecciones-en-mercedes-gracia-al-voto-no-kirchnerista","status":"publish","type":"post","link":"https:\/\/www.hoymercedes.com.ar\/principal\/2011\/10\/30\/spina-carlos-selva-gano-las-elecciones-en-mercedes-gracia-al-voto-no-kirchnerista\/","title":{"rendered":"Spina: \u00abCarlos Selva gan\u00f3 las elecciones en Mercedes gracias al voto no kirchnerista\u00bb"},"content":{"rendered":"<p>Para Jos\u00e9 \u00c1ngel Spina Selva supo capitalizar el voto \u201cno cristinista\u201d de quienes a nivel nacional votaron a Duhalde, Binner, Carri\u00f3 y a Ricardo Alfons\u00edn pero al ver que sus candidato locales no pod\u00edan llegar optaron por el actual intendente a quien ya conocen<\/p>\n<p>A pesar de los d\u00edas que ya han pasado no son pocos los que aun tratan de encontrar una explicaci\u00f3n al porque de la victoria de Carlos Selva el domingo \u00faltimo en las elecciones en nuestra ciudad cuando todos los indicadores en principio daban por asegurado que la gesti\u00f3n al frente del municipio iba a cambiar de manos.<\/p>\n<p>Jos\u00e9 Pocho Spina con su cl\u00e1sica manera de analizar la realidad diaria de la ciudad sostuvo \u201ccreo que es muy sencillo poder determinar sin temor a equivocaci\u00f3n poder determinar porque gan\u00f3 Carlos Selva, se debi\u00f3 a que adem\u00e1s de sus seguidores o simpatizantes terminaron vot\u00e1ndolo radicales, gente de Binner, de la Coalici\u00f3n C\u00edvica, de Duhalde, es decir aquellos que siempre pensaron en definitiva no votar a Cristina para la presidencia de la naci\u00f3n pero no tem\u00edan pensado votar a Selva sino hacerlo por su propio candidato pero al ver que todo finalmente se polariz\u00f3 comenz\u00f3 a preguntarse a qui\u00e9n conven\u00eda m\u00e1s dar su voto, si a Selva \u00f3 a Ustarroz.<\/p>\n<p>Es decir si bien no compart\u00eda la idea de ninguno de ellos prefiri\u00f3 elegir al que ya conoc\u00eda, por eso termin\u00f3 votando, al menos la mayor\u00eda, a Carlos Selva.<\/p>\n<p>Por otra parte tengo que decir que el frente Mercedino para la Victoria cometi\u00f3 el error especialmente de dirigir su mensaje hacia los ya decididos a estar con el kirchnerismo y no apuntaron a los no kirchneristas que en definitiva eran los que ellos verdaderamente necesitaban porque al reto ya lo ten\u00eda.<\/p>\n<p>Para que el voto no kirchnerista no llegara a Juan Ignacio Ustarroz, esa fracci\u00f3n del electorado pens\u00f3 en primer lugar en la manera en que \u201cjuani\u201d exageraba todo, especialmente la gran cantidad de cosas que prometi\u00f3 traer a Mercedes si ganaba el domingo pasado, la gente no crey\u00f3 todo porque insisto era exagerado y al mismo tiempo se preguntaron como iba a hacer si no ten\u00eda una experiencia de gesti\u00f3n como para poder llegar a un buen destino, entonces prefiri\u00f3 quedarse con quien ya conoc\u00eda m\u00e1s all\u00e1 de reprocharle muchas deficiencias puestas en evidencia en las dos oportunidades que lleva gobernando.<\/p>\n<p>Entiendo que jug\u00f3 a favor de Selva que, si as\u00ed se lo puede definir, se despert\u00f3 despu\u00e9s de lo ocurrido en agosto en las Primarias, vio que la gente le ped\u00eda una gesti\u00f3n m\u00e1s eficiente entonces reacciono y comenz\u00f3 por ejemplo a caminar los barrios en forma personal, algo que nunca hab\u00eda hecho desde que asumi\u00f3 en el 2003.<\/p>\n<p>Pero atenci\u00f3n que Selva debe entender que si bien la gente le dio su voto, ahora le va a pedir que realmente gestiones de una mejor manera que hasta lo que ha venido haciendo al frente de la municipalidad, lo vot\u00f3 pero quiere un cambio, quiere cosas nuevas y no que se vuelva a dormir como lo estaba antes de las primarias, por eso tenemos que aguardar hasta los primeros meses del 2012, es decir no nos queda m\u00e1s que esperar que cambios puede realizar para mejorar todo lo hecho y de esa manera devolver la confianza que le ha dado la gente que en la primaria no lo vot\u00f3 y ahora si lo hizo.<\/p>\n<p>Al Frente Mercedino le espera tambi\u00e9n una misi\u00f3n dif\u00edcil, mantener latente toda la esperanza que gener\u00f3 en muchos y que no supo cristalizar por las deficiencias que ya explique, ahora van a contar con cuatro concejales que seguramente van a realizar desde sus bancas un significativo aporte para la ciudad trabajando fundamentalmente para que dentro de dos a\u00f1os las elecciones legislativas los encuentre bien armados en nuestra ciudad por que en definitiva ellos son los que van a seguir teniendo el poder central con la presidente de la naci\u00f3n jugando para ellos.<\/p>\n<p>Entonces, para que definitivamente me entiendan, desde mi punto de vista Carlos Selva gan\u00f3 las elecciones del domingo gracias pura y exclusivamente a los votos del sector no kirchnerista de nuestra ciudad\u201d.<\/p>\n","protected":false},"excerpt":{"rendered":"<p>Para Jos\u00e9 \u00c1ngel Spina Selva supo capitalizar el voto \u201cno cristinista\u201d de quienes a nivel nacional votaron a Duhalde, Binner, &#8230; <a title=\"Spina: \u00abCarlos Selva gan\u00f3 las elecciones en Mercedes gracias al voto no kirchnerista\u00bb\" class=\"read-more\" href=\"https:\/\/www.hoymercedes.com.ar\/principal\/2011\/10\/30\/spina-carlos-selva-gano-las-elecciones-en-mercedes-gracia-al-voto-no-kirchnerista\/\" aria-label=\"Leer m\u00e1s sobre Spina: \u00abCarlos Selva gan\u00f3 las elecciones en Mercedes gracias al voto no kirchnerista\u00bb\">Leer m\u00e1s<\/a><\/p>\n","protected":false},"author":1,"featured_media":0,"comment_status":"open","ping_status":"open","sticky":false,"template":"","format":"standard","meta":{"_monsterinsights_skip_tracking":false,"_monsterinsights_sitenote_active":false,"_monsterinsights_sitenote_note":"","_monsterinsights_sitenote_category":0,"jetpack_post_was_ever_published":false,"_jetpack_newsletter_access":"","_jetpack_dont_email_post_to_subs":false,"_jetpack_newsletter_tier_id":0,"_jetpack_memberships_contains_paywalled_content":false,"_jetpack_memberships_contains_paid_content":false,"footnotes":"","jetpack_publicize_message":"","jetpack_publicize_feature_enabled":true,"jetpack_social_post_already_shared":false,"jetpack_social_options":{"image_generator_settings":{"template":"highway","default_image_id":0,"font":"","enabled":false},"version":2},"_wpas_customize_per_network":false},"categories":[8],"tags":[957,1528,18],"class_list":["post-8746","post","type-post","status-publish","format-standard","hentry","category-sociedad","tag-elecciones-2011-2","tag-pocho-spina","tag-selva","generate-columns","tablet-grid-50","mobile-grid-100","grid-parent","grid-50"],"jetpack_publicize_connections":[],"jetpack_featured_media_url":"","wps_subtitle":"","jetpack_sharing_enabled":true,"_links":{"self":[{"href":"https:\/\/www.hoymercedes.com.ar\/principal\/wp-json\/wp\/v2\/posts\/8746","targetHints":{"allow":["GET"]}}],"collection":[{"href":"https:\/\/www.hoymercedes.com.ar\/principal\/wp-json\/wp\/v2\/posts"}],"about":[{"href":"https:\/\/www.hoymercedes.com.ar\/principal\/wp-json\/wp\/v2\/types\/post"}],"author":[{"embeddable":true,"href":"https:\/\/www.hoymercedes.com.ar\/principal\/wp-json\/wp\/v2\/users\/1"}],"replies":[{"embeddable":true,"href":"https:\/\/www.hoymercedes.com.ar\/principal\/wp-json\/wp\/v2\/comments?post=8746"}],"version-history":[{"count":0,"href":"https:\/\/www.hoymercedes.com.ar\/principal\/wp-json\/wp\/v2\/posts\/8746\/revisions"}],"wp:attachment":[{"href":"https:\/\/www.hoymercedes.com.ar\/principal\/wp-json\/wp\/v2\/media?parent=8746"}],"wp:term":[{"taxonomy":"category","embeddable":true,"href":"https:\/\/www.hoymercedes.com.ar\/principal\/wp-json\/wp\/v2\/categories?post=8746"},{"taxonomy":"post_tag","embeddable":true,"href":"https:\/\/www.hoymercedes.com.ar\/principal\/wp-json\/wp\/v2\/tags?post=8746"}],"curies":[{"name":"wp","href":"https:\/\/api.w.org\/{rel}","templated":true}]}}