{"id":87471,"date":"2019-01-29T10:10:41","date_gmt":"2019-01-29T13:10:41","guid":{"rendered":"http:\/\/www.hoymercedes.com.ar\/principal\/?p=87471"},"modified":"2019-01-29T15:21:23","modified_gmt":"2019-01-29T18:21:23","slug":"amplian-el-caps-del-bo-san-francisco","status":"publish","type":"post","link":"https:\/\/www.hoymercedes.com.ar\/principal\/2019\/01\/29\/amplian-el-caps-del-bo-san-francisco\/","title":{"rendered":"Ampl\u00edan el CAPS del Bo. San Francisco"},"content":{"rendered":"\n<p>El Centro de Atenci\u00f3n Primaria de la Salud (CAPS) del barrio San Francisco est\u00e1 en obras con trabajos de ampliaci\u00f3n y mejora de sistema tecnol\u00f3gico que mejorar[a la atenci\u00f3n a los vecinos y la intercomunicaci\u00f3n de los profesionales con la Secretar\u00eda de Salud. <\/p>\n\n\n\n<figure class=\"wp-block-image\"><img loading=\"lazy\" decoding=\"async\" width=\"750\" height=\"500\" data-attachment-id=\"87473\" data-permalink=\"https:\/\/www.hoymercedes.com.ar\/principal\/2019\/01\/29\/amplian-el-caps-del-bo-san-francisco\/29-muni-caps\/#main\" data-orig-file=\"https:\/\/www.hoymercedes.com.ar\/principal\/wp-content\/uploads\/2019\/01\/29-muni-caps.jpg\" data-orig-size=\"750,500\" data-comments-opened=\"0\" data-image-meta=\"{&quot;aperture&quot;:&quot;5.6&quot;,&quot;credit&quot;:&quot;&quot;,&quot;camera&quot;:&quot;NIKON D5500&quot;,&quot;caption&quot;:&quot;&quot;,&quot;created_timestamp&quot;:&quot;1548673294&quot;,&quot;copyright&quot;:&quot;&quot;,&quot;focal_length&quot;:&quot;18&quot;,&quot;iso&quot;:&quot;200&quot;,&quot;shutter_speed&quot;:&quot;0.000625&quot;,&quot;title&quot;:&quot;&quot;,&quot;orientation&quot;:&quot;1&quot;}\" data-image-title=\"29 muni caps\" data-image-description=\"\" data-image-caption=\"\" data-large-file=\"https:\/\/www.hoymercedes.com.ar\/principal\/wp-content\/uploads\/2019\/01\/29-muni-caps.jpg\" src=\"https:\/\/www.hoymercedes.com.ar\/principal\/wp-content\/uploads\/2019\/01\/29-muni-caps.jpg\" alt=\"\" class=\"wp-image-87473\" srcset=\"https:\/\/www.hoymercedes.com.ar\/principal\/wp-content\/uploads\/2019\/01\/29-muni-caps.jpg 750w, https:\/\/www.hoymercedes.com.ar\/principal\/wp-content\/uploads\/2019\/01\/29-muni-caps-150x100.jpg 150w, https:\/\/www.hoymercedes.com.ar\/principal\/wp-content\/uploads\/2019\/01\/29-muni-caps-630x420.jpg 630w, https:\/\/www.hoymercedes.com.ar\/principal\/wp-content\/uploads\/2019\/01\/29-muni-caps-720x480.jpg 720w, https:\/\/www.hoymercedes.com.ar\/principal\/wp-content\/uploads\/2019\/01\/29-muni-caps-360x240.jpg 360w\" sizes=\"auto, (max-width: 750px) 100vw, 750px\" \/><\/figure>\n\n\n\n<p>El intendente interino, Carlos Garro, durante la recorrida dijo \u201ces una ampliaci\u00f3n pensando tanto en el vecino que concurre a este centro de salud, como as\u00ed tambi\u00e9n en los profesionales que aqu\u00ed realizan su trabajo\u201d y aclar\u00f3 \u201clos profesionales que atienden aqu\u00ed, mientras dure la obra, estar\u00e1n brindando servicios en el CAPS del barrio Hip\u00f3lito Yrigoyen\u201d.<\/p>\n\n\n\n<p>Mat\u00edas Dematei, jefe de gabinete indic\u00f3 \u201cesta es una obra que beneficiar\u00e1 a los vecinos en algo muy importante como lo es la salud\u201d y agreg\u00f3 \u201cun trabajo m\u00e1s de todos los que se vienen haciendo en la ciudad, realmente es una alegr\u00eda que Mercedes en \u00e9pocas complicadas siga apostando a la obra p\u00fablica con recursos cien por ciento municipales\u201d.<\/p>\n","protected":false},"excerpt":{"rendered":"<p>El Centro de Atenci\u00f3n Primaria de la Salud (CAPS) del barrio San Francisco est\u00e1 en obras con trabajos de ampliaci\u00f3n &#8230; <a title=\"Ampl\u00edan el CAPS del Bo. San Francisco\" class=\"read-more\" href=\"https:\/\/www.hoymercedes.com.ar\/principal\/2019\/01\/29\/amplian-el-caps-del-bo-san-francisco\/\" aria-label=\"Leer m\u00e1s sobre Ampl\u00edan el CAPS del Bo. San Francisco\">Leer m\u00e1s<\/a><\/p>\n","protected":false},"author":1,"featured_media":87473,"comment_status":"closed","ping_status":"open","sticky":false,"template":"","format":"standard","meta":{"_monsterinsights_skip_tracking":false,"_monsterinsights_sitenote_active":false,"_monsterinsights_sitenote_note":"","_monsterinsights_sitenote_category":0,"jetpack_post_was_ever_published":false,"_jetpack_newsletter_access":"","_jetpack_dont_email_post_to_subs":false,"_jetpack_newsletter_tier_id":0,"_jetpack_memberships_contains_paywalled_content":false,"_jetpack_memberships_contains_paid_content":false,"footnotes":"","jetpack_publicize_message":"","jetpack_publicize_feature_enabled":true,"jetpack_social_post_already_shared":true,"jetpack_social_options":{"image_generator_settings":{"template":"highway","default_image_id":0,"font":"","enabled":false},"version":2},"_wpas_customize_per_network":false},"categories":[30],"tags":[1078,244,1014,134],"class_list":["post-87471","post","type-post","status-publish","format-standard","has-post-thumbnail","hentry","category-municipio","tag-caps","tag-municipio-2","tag-obras","tag-salud","generate-columns","tablet-grid-50","mobile-grid-100","grid-parent","grid-50"],"jetpack_publicize_connections":[],"jetpack_featured_media_url":"https:\/\/www.hoymercedes.com.ar\/principal\/wp-content\/uploads\/2019\/01\/29-muni-caps.jpg","wps_subtitle":"Obras en salud","jetpack_sharing_enabled":true,"_links":{"self":[{"href":"https:\/\/www.hoymercedes.com.ar\/principal\/wp-json\/wp\/v2\/posts\/87471","targetHints":{"allow":["GET"]}}],"collection":[{"href":"https:\/\/www.hoymercedes.com.ar\/principal\/wp-json\/wp\/v2\/posts"}],"about":[{"href":"https:\/\/www.hoymercedes.com.ar\/principal\/wp-json\/wp\/v2\/types\/post"}],"author":[{"embeddable":true,"href":"https:\/\/www.hoymercedes.com.ar\/principal\/wp-json\/wp\/v2\/users\/1"}],"replies":[{"embeddable":true,"href":"https:\/\/www.hoymercedes.com.ar\/principal\/wp-json\/wp\/v2\/comments?post=87471"}],"version-history":[{"count":0,"href":"https:\/\/www.hoymercedes.com.ar\/principal\/wp-json\/wp\/v2\/posts\/87471\/revisions"}],"wp:featuredmedia":[{"embeddable":true,"href":"https:\/\/www.hoymercedes.com.ar\/principal\/wp-json\/wp\/v2\/media\/87473"}],"wp:attachment":[{"href":"https:\/\/www.hoymercedes.com.ar\/principal\/wp-json\/wp\/v2\/media?parent=87471"}],"wp:term":[{"taxonomy":"category","embeddable":true,"href":"https:\/\/www.hoymercedes.com.ar\/principal\/wp-json\/wp\/v2\/categories?post=87471"},{"taxonomy":"post_tag","embeddable":true,"href":"https:\/\/www.hoymercedes.com.ar\/principal\/wp-json\/wp\/v2\/tags?post=87471"}],"curies":[{"name":"wp","href":"https:\/\/api.w.org\/{rel}","templated":true}]}}