{"id":8749,"date":"2011-10-30T16:38:47","date_gmt":"2011-10-30T16:38:47","guid":{"rendered":"http:\/\/www.hoymercedes.com.ar\/principal\/?p=8749"},"modified":"2011-10-30T16:38:47","modified_gmt":"2011-10-30T16:38:47","slug":"el-despues-de-las-elecciones","status":"publish","type":"post","link":"https:\/\/www.hoymercedes.com.ar\/principal\/2011\/10\/30\/el-despues-de-las-elecciones\/","title":{"rendered":"El  despu\u00e9s de las elecciones"},"content":{"rendered":"<p><span style=\"color: #000080;\"><strong>Por Sebasti\u00e1n Varcel\u00f3<\/strong><\/span><\/p>\n<p>El Frente Mercedino intent\u00f3 mostrar a la ciudad un perfil progresista, moderno y de centro izquierda partiendo de una base puramente de Derecha.<\/p>\n<p>Justamente, el n\u00facleo del Frente, tiene sobras sospechas de no ser puramente Kircnerista, sino, m\u00e1s bien, circunstancialmente adaptado.<\/p>\n<p>El poder del Frente ahora quedar\u00e1 en dos campos a saber:<\/p>\n<p>a) el colocado a nivel nacional<\/p>\n<p>b) el colocado a nivel local<\/p>\n<p>La mesa de conducci\u00f3n puede, o no, responder a la primera. Aclaremos un poco.<\/p>\n<p>El poder que quede en la esfera pol\u00edtica del Frente se concretar\u00e1 en el Concejo Deliberante. Ah\u00ed estar\u00e1 representado por: Juan Pablo L\u00f3pez, Pablo Perrazo, Celeste Burone y Eduardo Cirillo. Tres de ellos son viejos exponentes del peronismo tradicional. El aparato, como bien lo llam\u00f3 el fil\u00f3sofo Pablo Feinmann en el libro \u201cEl flaco\u201d. Cercanos a la tradici\u00f3n partidaria, a la iglesia, a la burocracia del Estado. Es decir, nada de lo novedoso que plantean desde dicho espacio pol\u00edtico.<\/p>\n<p>Ustarroz seguir\u00e1 en el Ansses y De Pedro estar\u00e1 en la C\u00e1mara de Diputados. All\u00ed puede darse el poder de conducci\u00f3n y sobre todo el \u00faltimo, De Pedro, puede ser desde un perfil cr\u00edtico en tanto y en cuanto es del coraz\u00f3n puro del kirchnerismo. De Ustarroz se puede esperar similar conducta gracias a la iluminaci\u00f3n de Wado, pero, del resto, como dice el dicho: las ma\u00f1as pueden m\u00e1s. Ser\u00e1n ellos los portadores del poder real. \u00bfQu\u00e9 har\u00e1n? Se basaran en la vieja guardia o tratar\u00e1n de ser \u201cnovedosamente cr\u00edticos\u201d.<\/p>\n<p>Como vemos, el Frente y La C\u00e1mpora no son lo mismo. Lo local, en fuerza, qued\u00f3 en el Frente. Lo simb\u00f3lico en La C\u00e1mpora.<\/p>\n<p>&nbsp;<\/p>\n<p>Desde el selvismo la mesura ha sido sorprendente luego de las elecciones, m\u00e1s all\u00e1 de la exposici\u00f3n hecha por el intendente sobre personajes como Bertera y Basavilvaso a quines mencion\u00f3 desde el mini balc\u00f3n de avenida 29 casi 22.<\/p>\n<p>Muchos pasaban por las oficinas del municipio, del Anses y Tribunales cargando a los oficialistas. Les dec\u00edan cosas como: \u201cprep\u00e1rate para ir a contar huesos, barrer o ese folleto habr\u00e1 que tirarlo por el logo de Selva que tiene\u201d. Ante eso la militancia le pidi\u00f3 a Selva act\u00fae, pero, este se neg\u00f3 rotundamente. No ir\u00e1 tras ninguna bravata. La militancia, por el momento, en paz.<\/p>\n<p>Selva no gan\u00f3 precisamente por si mismo. Su techo es apenas un pu\u00f1ado de votos m\u00e1s que las primarias del 14 de agosto. Sin embargo, eso no invalida su victoria. El desahogo posterior y la calma actual. Todo lo contrario, le da m\u00e1s plaf\u00f3n.<\/p>\n<p>La actual conducci\u00f3n ser\u00e1, b\u00e1sicamente, lo mismo que se conoce. Los funcionarios de Selva nunca son despedidos, sino, pasados a oficinas menos iluminadas. Cambian nombres, rara vez las conductas.<\/p>\n<p>De echo, basta ver el desatino del Secretario de Gobierno que utiliza el Blog institucional, es decir, el que corresponde a informaci\u00f3n municipal, para hacer campa\u00f1a por el actual intendente usando palabras como fraude y asegurando hubo trampa el 14 de agosto. http:\/\/www.mercedes.gob.ar\/blogs\/gobierno\/?p=343 Usted y yo pagamos el sostenimiento de ese servicio. Casualmente fueron ellos quienes dec\u00edan que el Frente usaba aparato del Estado para propaganda. Ac\u00e1, lo mismo.<\/p>\n<p>Generalmente cuando alguien asume se le da un per\u00edodo de licencia para que arme su estructura. Selva ya la tiene. Lo que debe mejorar tiene que verse muy pronto. Los funcionarios con doble filo, es decir, que estuvieron buscando su desembarco en al Frente ante la potencial derrota deber\u00edan ser puestos en evidencia no por la integridad selvista, sino, porque claramente no le hacen bien a la sociedad. M\u00e1s de uno deber\u00eda rendir cuenta.<\/p>\n<p>El selvismo tiene poco margen para mostrar comprendi\u00f3 el sacud\u00f3n de las elecciones y pasar r\u00e1pidamente de la euforia al trabajo, de lo contrario, ser\u00e1 una falta frontal de respeto a la sociedad.<\/p>\n<p>&nbsp;<\/p>\n","protected":false},"excerpt":{"rendered":"<p>Por Sebasti\u00e1n Varcel\u00f3 El Frente Mercedino intent\u00f3 mostrar a la ciudad un perfil progresista, moderno y de centro izquierda partiendo &#8230; <a title=\"El  despu\u00e9s de las elecciones\" class=\"read-more\" href=\"https:\/\/www.hoymercedes.com.ar\/principal\/2011\/10\/30\/el-despues-de-las-elecciones\/\" aria-label=\"Leer m\u00e1s sobre El  despu\u00e9s de las elecciones\">Leer m\u00e1s<\/a><\/p>\n","protected":false},"author":1,"featured_media":0,"comment_status":"open","ping_status":"open","sticky":false,"template":"","format":"standard","meta":{"_monsterinsights_skip_tracking":false,"_monsterinsights_sitenote_active":false,"_monsterinsights_sitenote_note":"","_monsterinsights_sitenote_category":0,"jetpack_post_was_ever_published":false,"_jetpack_newsletter_access":"","_jetpack_dont_email_post_to_subs":false,"_jetpack_newsletter_tier_id":0,"_jetpack_memberships_contains_paywalled_content":false,"_jetpack_memberships_contains_paid_content":false,"footnotes":"","jetpack_publicize_message":"","jetpack_publicize_feature_enabled":true,"jetpack_social_post_already_shared":false,"jetpack_social_options":{"image_generator_settings":{"template":"highway","default_image_id":0,"font":"","enabled":false},"version":2},"_wpas_customize_per_network":false},"categories":[1],"tags":[957],"class_list":["post-8749","post","type-post","status-publish","format-standard","hentry","category-opinion","tag-elecciones-2011-2","generate-columns","tablet-grid-50","mobile-grid-100","grid-parent","grid-50"],"jetpack_publicize_connections":[],"jetpack_featured_media_url":"","wps_subtitle":"","jetpack_sharing_enabled":true,"_links":{"self":[{"href":"https:\/\/www.hoymercedes.com.ar\/principal\/wp-json\/wp\/v2\/posts\/8749","targetHints":{"allow":["GET"]}}],"collection":[{"href":"https:\/\/www.hoymercedes.com.ar\/principal\/wp-json\/wp\/v2\/posts"}],"about":[{"href":"https:\/\/www.hoymercedes.com.ar\/principal\/wp-json\/wp\/v2\/types\/post"}],"author":[{"embeddable":true,"href":"https:\/\/www.hoymercedes.com.ar\/principal\/wp-json\/wp\/v2\/users\/1"}],"replies":[{"embeddable":true,"href":"https:\/\/www.hoymercedes.com.ar\/principal\/wp-json\/wp\/v2\/comments?post=8749"}],"version-history":[{"count":0,"href":"https:\/\/www.hoymercedes.com.ar\/principal\/wp-json\/wp\/v2\/posts\/8749\/revisions"}],"wp:attachment":[{"href":"https:\/\/www.hoymercedes.com.ar\/principal\/wp-json\/wp\/v2\/media?parent=8749"}],"wp:term":[{"taxonomy":"category","embeddable":true,"href":"https:\/\/www.hoymercedes.com.ar\/principal\/wp-json\/wp\/v2\/categories?post=8749"},{"taxonomy":"post_tag","embeddable":true,"href":"https:\/\/www.hoymercedes.com.ar\/principal\/wp-json\/wp\/v2\/tags?post=8749"}],"curies":[{"name":"wp","href":"https:\/\/api.w.org\/{rel}","templated":true}]}}