{"id":87491,"date":"2019-01-29T18:04:53","date_gmt":"2019-01-29T21:04:53","guid":{"rendered":"http:\/\/www.hoymercedes.com.ar\/principal\/?p=87491"},"modified":"2019-01-29T17:24:02","modified_gmt":"2019-01-29T20:24:02","slug":"comenzaron-obras-de-bacheo-en-distintos-puntos-de-la-ciudad","status":"publish","type":"post","link":"https:\/\/www.hoymercedes.com.ar\/principal\/2019\/01\/29\/comenzaron-obras-de-bacheo-en-distintos-puntos-de-la-ciudad\/","title":{"rendered":"Comenzaron obras de bacheo en distintos puntos de la ciudad"},"content":{"rendered":"\n<p>En el inicio de este a\u00f1o se licitaron dos obras, una que solucionar\u00e1 dos mil metros de baches, y otra que resolver\u00e1 problemas estructurales de menor di\u00e1metro. El plan de bacheo comenz\u00f3 y varias calles se encuentran cortadas al tr\u00e1nsito hasta que se concluyan las obras. <\/p>\n\n\n\n<figure class=\"wp-block-image\"><img loading=\"lazy\" decoding=\"async\" width=\"750\" height=\"500\" data-attachment-id=\"87492\" data-permalink=\"https:\/\/www.hoymercedes.com.ar\/principal\/2019\/01\/29\/comenzaron-obras-de-bacheo-en-distintos-puntos-de-la-ciudad\/29-muni-bacheo\/#main\" data-orig-file=\"https:\/\/www.hoymercedes.com.ar\/principal\/wp-content\/uploads\/2019\/01\/29-muni-bacheo.jpg\" data-orig-size=\"750,500\" data-comments-opened=\"0\" data-image-meta=\"{&quot;aperture&quot;:&quot;8&quot;,&quot;credit&quot;:&quot;&quot;,&quot;camera&quot;:&quot;NIKON D5500&quot;,&quot;caption&quot;:&quot;&quot;,&quot;created_timestamp&quot;:&quot;1548757191&quot;,&quot;copyright&quot;:&quot;&quot;,&quot;focal_length&quot;:&quot;18&quot;,&quot;iso&quot;:&quot;200&quot;,&quot;shutter_speed&quot;:&quot;0.004&quot;,&quot;title&quot;:&quot;&quot;,&quot;orientation&quot;:&quot;1&quot;}\" data-image-title=\"29 muni bacheo\" data-image-description=\"\" data-image-caption=\"&lt;p&gt;La calle 25, entre 26 y 30, estar\u00e1 cerrada por arreglos en el asfalto. &lt;\/p&gt;\n\" data-large-file=\"https:\/\/www.hoymercedes.com.ar\/principal\/wp-content\/uploads\/2019\/01\/29-muni-bacheo.jpg\" src=\"https:\/\/www.hoymercedes.com.ar\/principal\/wp-content\/uploads\/2019\/01\/29-muni-bacheo.jpg\" alt=\"\" class=\"wp-image-87492\" srcset=\"https:\/\/www.hoymercedes.com.ar\/principal\/wp-content\/uploads\/2019\/01\/29-muni-bacheo.jpg 750w, https:\/\/www.hoymercedes.com.ar\/principal\/wp-content\/uploads\/2019\/01\/29-muni-bacheo-150x100.jpg 150w, https:\/\/www.hoymercedes.com.ar\/principal\/wp-content\/uploads\/2019\/01\/29-muni-bacheo-630x420.jpg 630w, https:\/\/www.hoymercedes.com.ar\/principal\/wp-content\/uploads\/2019\/01\/29-muni-bacheo-720x480.jpg 720w, https:\/\/www.hoymercedes.com.ar\/principal\/wp-content\/uploads\/2019\/01\/29-muni-bacheo-360x240.jpg 360w\" sizes=\"auto, (max-width: 750px) 100vw, 750px\" \/><figcaption>La calle 25, entre 26 y 30, estar\u00e1 cerrada por arreglos en el asfalto. <\/figcaption><\/figure>\n\n\n\n<p>En esta primera etapa comenz\u00f3 el lunes pasado. Las zonas afectadas en este plan de obra son: <br>&#8211; Gowland (diagonal oeste entre rotonda y 506; calle 506 entre diagonal oeste y 505)<br>&#8211; Calles 24 entre 1 y 119, calle 119 entre 24 y 30 <br>&#8211; Calles 25 entre 26 y 30 <br>&#8211; Calle 11 entre 2 y 114 <br>&#8211; Esquina 29 y 44 <br>&#8211; Calle 43 entre 32 y 34 <br>&#8211; Calle 10 entre 9 y 3<\/p>\n\n\n\n<p> \u201cLos inconvenientes siempre surgen y debemos remediarlos. De hecho, ya hemos arreglado muchos metros y lo seguiremos haciendo\u201d expres\u00f3 Mat\u00edas Dematei, Jefe de Gabinete. El plan incluye la realizaci\u00f3n de 2 mil metros de bacheo en 6 meses. Los arreglos se har\u00e1n en hormig\u00f3n. La inversi\u00f3n es de 6.850.000 pesos (seis millones ocho ciento cincuenta mil) con la empresa Usimix SRL. \u00abUna empresa de la ciudad, algo que para nosotros es muy importante ya que significar\u00e1 trabajo para los mercedinos\u201d agreg\u00f3 Dematei.<br><\/p>\n","protected":false},"excerpt":{"rendered":"<p>En el inicio de este a\u00f1o se licitaron dos obras, una que solucionar\u00e1 dos mil metros de baches, y otra &#8230; <a title=\"Comenzaron obras de bacheo en distintos puntos de la ciudad\" class=\"read-more\" href=\"https:\/\/www.hoymercedes.com.ar\/principal\/2019\/01\/29\/comenzaron-obras-de-bacheo-en-distintos-puntos-de-la-ciudad\/\" aria-label=\"Leer m\u00e1s sobre Comenzaron obras de bacheo en distintos puntos de la ciudad\">Leer m\u00e1s<\/a><\/p>\n","protected":false},"author":1,"featured_media":87492,"comment_status":"closed","ping_status":"open","sticky":false,"template":"","format":"standard","meta":{"_monsterinsights_skip_tracking":false,"_monsterinsights_sitenote_active":false,"_monsterinsights_sitenote_note":"","_monsterinsights_sitenote_category":0,"jetpack_post_was_ever_published":false,"_jetpack_newsletter_access":"","_jetpack_dont_email_post_to_subs":false,"_jetpack_newsletter_tier_id":0,"_jetpack_memberships_contains_paywalled_content":false,"_jetpack_memberships_contains_paid_content":false,"footnotes":"","jetpack_publicize_message":"","jetpack_publicize_feature_enabled":true,"jetpack_social_post_already_shared":true,"jetpack_social_options":{"image_generator_settings":{"template":"highway","default_image_id":0,"font":"","enabled":false},"version":2},"_wpas_customize_per_network":false},"categories":[30],"tags":[10279,244,5947],"class_list":["post-87491","post","type-post","status-publish","format-standard","has-post-thumbnail","hentry","category-municipio","tag-bacheo","tag-municipio-2","tag-obras-publicas","generate-columns","tablet-grid-50","mobile-grid-100","grid-parent","grid-50"],"jetpack_publicize_connections":[],"jetpack_featured_media_url":"https:\/\/www.hoymercedes.com.ar\/principal\/wp-content\/uploads\/2019\/01\/29-muni-bacheo.jpg","wps_subtitle":"Obras p\u00fablicas","jetpack_sharing_enabled":true,"_links":{"self":[{"href":"https:\/\/www.hoymercedes.com.ar\/principal\/wp-json\/wp\/v2\/posts\/87491","targetHints":{"allow":["GET"]}}],"collection":[{"href":"https:\/\/www.hoymercedes.com.ar\/principal\/wp-json\/wp\/v2\/posts"}],"about":[{"href":"https:\/\/www.hoymercedes.com.ar\/principal\/wp-json\/wp\/v2\/types\/post"}],"author":[{"embeddable":true,"href":"https:\/\/www.hoymercedes.com.ar\/principal\/wp-json\/wp\/v2\/users\/1"}],"replies":[{"embeddable":true,"href":"https:\/\/www.hoymercedes.com.ar\/principal\/wp-json\/wp\/v2\/comments?post=87491"}],"version-history":[{"count":0,"href":"https:\/\/www.hoymercedes.com.ar\/principal\/wp-json\/wp\/v2\/posts\/87491\/revisions"}],"wp:featuredmedia":[{"embeddable":true,"href":"https:\/\/www.hoymercedes.com.ar\/principal\/wp-json\/wp\/v2\/media\/87492"}],"wp:attachment":[{"href":"https:\/\/www.hoymercedes.com.ar\/principal\/wp-json\/wp\/v2\/media?parent=87491"}],"wp:term":[{"taxonomy":"category","embeddable":true,"href":"https:\/\/www.hoymercedes.com.ar\/principal\/wp-json\/wp\/v2\/categories?post=87491"},{"taxonomy":"post_tag","embeddable":true,"href":"https:\/\/www.hoymercedes.com.ar\/principal\/wp-json\/wp\/v2\/tags?post=87491"}],"curies":[{"name":"wp","href":"https:\/\/api.w.org\/{rel}","templated":true}]}}