{"id":87501,"date":"2019-01-29T19:43:19","date_gmt":"2019-01-29T22:43:19","guid":{"rendered":"http:\/\/www.hoymercedes.com.ar\/principal\/?p=87501"},"modified":"2019-01-30T15:22:04","modified_gmt":"2019-01-30T18:22:04","slug":"finalmente-vidal-decidio-no-desdoblar-las-elecciones","status":"publish","type":"post","link":"https:\/\/www.hoymercedes.com.ar\/principal\/2019\/01\/29\/finalmente-vidal-decidio-no-desdoblar-las-elecciones\/","title":{"rendered":"Finalmente Vidal decidi\u00f3 no desdoblar las elecciones"},"content":{"rendered":"\n<figure class=\"wp-block-image\"><img decoding=\"async\" src=\"https:\/\/www.hoymercedes.com.ar\/principal\/wp-content\/uploads\/2017\/08\/macri-vidal-tarifazos.jpg\" alt=\"\" class=\"wp-image-65834\"\/><\/figure>\n\n\n\n<p>Las <strong>elecciones de la Provincia de Buenos Aires<\/strong> finalmente no ser\u00e1n desdobladas de las elecciones nacionales. En las mismas se renuevan las principales autoridades ejecutivas: presidente, gobernador e intendente. Adem\u00e1s tambi\u00e9n bancas legislativas.<\/p>\n\n\n\n<p>En los distintos medios nacionales se confirm\u00f3 lo que desde temprano circulaba en redes sociales. La gobernadora <strong>Mar\u00eda Eugenia Vidal<\/strong> se aline\u00f3 al <strong>presidente Macri<\/strong> y decidi\u00f3 <strong>no desdoblar<\/strong> en la Provincia de Buenos Aires las elecciones para renovaci\u00f3n de autoridades. <\/p>\n\n\n\n<p>D\u00edas atr\u00e1s al visitar la\nlocalidad de Suipacha se dijo que estuvieron dialogando el tema y ahora se\nconoci\u00f3 la confirmaci\u00f3n que, finalmente, no habr\u00e1 que votar dos veces sino que\nser\u00e1 en l\u00ednea con el calendario nacional. <\/p>\n","protected":false},"excerpt":{"rendered":"<p>Las elecciones de la Provincia de Buenos Aires finalmente no ser\u00e1n desdobladas de las elecciones nacionales. En las mismas se &#8230; <a title=\"Finalmente Vidal decidi\u00f3 no desdoblar las elecciones\" class=\"read-more\" href=\"https:\/\/www.hoymercedes.com.ar\/principal\/2019\/01\/29\/finalmente-vidal-decidio-no-desdoblar-las-elecciones\/\" aria-label=\"Leer m\u00e1s sobre Finalmente Vidal decidi\u00f3 no desdoblar las elecciones\">Leer m\u00e1s<\/a><\/p>\n","protected":false},"author":1,"featured_media":0,"comment_status":"closed","ping_status":"open","sticky":false,"template":"","format":"standard","meta":{"_monsterinsights_skip_tracking":false,"_monsterinsights_sitenote_active":false,"_monsterinsights_sitenote_note":"","_monsterinsights_sitenote_category":0,"jetpack_post_was_ever_published":false,"_jetpack_newsletter_access":"","_jetpack_dont_email_post_to_subs":false,"_jetpack_newsletter_tier_id":0,"_jetpack_memberships_contains_paywalled_content":false,"_jetpack_memberships_contains_paid_content":false,"footnotes":"","jetpack_publicize_message":"","jetpack_publicize_feature_enabled":true,"jetpack_social_post_already_shared":true,"jetpack_social_options":{"image_generator_settings":{"template":"highway","default_image_id":0,"font":"","enabled":false},"version":2},"_wpas_customize_per_network":false},"categories":[8881],"tags":[14403,8882,5319,1803],"class_list":["post-87501","post","type-post","status-publish","format-standard","hentry","category-provincia","tag-elecciones-2019","tag-gobernacion","tag-politica-2","tag-provincia","generate-columns","tablet-grid-50","mobile-grid-100","grid-parent","grid-50"],"jetpack_publicize_connections":[],"jetpack_featured_media_url":"","wps_subtitle":"Pulso Pol\u00edtico","jetpack_sharing_enabled":true,"_links":{"self":[{"href":"https:\/\/www.hoymercedes.com.ar\/principal\/wp-json\/wp\/v2\/posts\/87501","targetHints":{"allow":["GET"]}}],"collection":[{"href":"https:\/\/www.hoymercedes.com.ar\/principal\/wp-json\/wp\/v2\/posts"}],"about":[{"href":"https:\/\/www.hoymercedes.com.ar\/principal\/wp-json\/wp\/v2\/types\/post"}],"author":[{"embeddable":true,"href":"https:\/\/www.hoymercedes.com.ar\/principal\/wp-json\/wp\/v2\/users\/1"}],"replies":[{"embeddable":true,"href":"https:\/\/www.hoymercedes.com.ar\/principal\/wp-json\/wp\/v2\/comments?post=87501"}],"version-history":[{"count":0,"href":"https:\/\/www.hoymercedes.com.ar\/principal\/wp-json\/wp\/v2\/posts\/87501\/revisions"}],"wp:attachment":[{"href":"https:\/\/www.hoymercedes.com.ar\/principal\/wp-json\/wp\/v2\/media?parent=87501"}],"wp:term":[{"taxonomy":"category","embeddable":true,"href":"https:\/\/www.hoymercedes.com.ar\/principal\/wp-json\/wp\/v2\/categories?post=87501"},{"taxonomy":"post_tag","embeddable":true,"href":"https:\/\/www.hoymercedes.com.ar\/principal\/wp-json\/wp\/v2\/tags?post=87501"}],"curies":[{"name":"wp","href":"https:\/\/api.w.org\/{rel}","templated":true}]}}