{"id":87502,"date":"2019-01-29T20:33:41","date_gmt":"2019-01-29T23:33:41","guid":{"rendered":"http:\/\/www.hoymercedes.com.ar\/principal\/?p=87502"},"modified":"2019-01-29T20:33:49","modified_gmt":"2019-01-29T23:33:49","slug":"los-partidos-de-la-segunda-fecha-del-regional-ya-tienen-horarios-confirmados","status":"publish","type":"post","link":"https:\/\/www.hoymercedes.com.ar\/principal\/2019\/01\/29\/los-partidos-de-la-segunda-fecha-del-regional-ya-tienen-horarios-confirmados\/","title":{"rendered":"Los partidos de la segunda fecha del Regional ya tienen horarios confirmados"},"content":{"rendered":"\n<p>Los encuentros de la segunda fecha de la Zona 1 de la Region Pampeana Norte del torneo Regional Amateur ya tienen fecha y hora de juego. Sabiendo que queda Club Mercedes libre, los otros dos equipos representantes de la Liga Mercedina ser\u00e1n los que jueguen y lo har\u00e1n el domingo.<\/p>\n\n\n\n<figure class=\"wp-block-image\"><img loading=\"lazy\" decoding=\"async\" width=\"1024\" height=\"768\" data-attachment-id=\"87444\" data-permalink=\"https:\/\/www.hoymercedes.com.ar\/principal\/2019\/01\/28\/trocha-fue-mejor-pero-los-puntos-quedaron-en-carmen-de-areco\/whatsapp-image-2019-01-28-at-13-52-50\/#main\" data-orig-file=\"https:\/\/www.hoymercedes.com.ar\/principal\/wp-content\/uploads\/2019\/01\/WhatsApp-Image-2019-01-28-at-13.52.50.jpeg\" data-orig-size=\"1280,960\" data-comments-opened=\"0\" data-image-meta=\"{&quot;aperture&quot;:&quot;0&quot;,&quot;credit&quot;:&quot;&quot;,&quot;camera&quot;:&quot;&quot;,&quot;caption&quot;:&quot;&quot;,&quot;created_timestamp&quot;:&quot;0&quot;,&quot;copyright&quot;:&quot;&quot;,&quot;focal_length&quot;:&quot;0&quot;,&quot;iso&quot;:&quot;0&quot;,&quot;shutter_speed&quot;:&quot;0&quot;,&quot;title&quot;:&quot;&quot;,&quot;orientation&quot;:&quot;0&quot;}\" data-image-title=\"WhatsApp Image 2019-01-28 at 13.52.50\" data-image-description=\"\" data-image-caption=\"\" data-large-file=\"https:\/\/www.hoymercedes.com.ar\/principal\/wp-content\/uploads\/2019\/01\/WhatsApp-Image-2019-01-28-at-13.52.50-1024x768.jpeg\" src=\"https:\/\/www.hoymercedes.com.ar\/principal\/wp-content\/uploads\/2019\/01\/WhatsApp-Image-2019-01-28-at-13.52.50-1024x768.jpeg\" alt=\"\" class=\"wp-image-87444\" srcset=\"https:\/\/www.hoymercedes.com.ar\/principal\/wp-content\/uploads\/2019\/01\/WhatsApp-Image-2019-01-28-at-13.52.50-1024x768.jpeg 1024w, https:\/\/www.hoymercedes.com.ar\/principal\/wp-content\/uploads\/2019\/01\/WhatsApp-Image-2019-01-28-at-13.52.50-150x113.jpeg 150w, https:\/\/www.hoymercedes.com.ar\/principal\/wp-content\/uploads\/2019\/01\/WhatsApp-Image-2019-01-28-at-13.52.50-630x473.jpeg 630w, https:\/\/www.hoymercedes.com.ar\/principal\/wp-content\/uploads\/2019\/01\/WhatsApp-Image-2019-01-28-at-13.52.50-320x240.jpeg 320w, https:\/\/www.hoymercedes.com.ar\/principal\/wp-content\/uploads\/2019\/01\/WhatsApp-Image-2019-01-28-at-13.52.50-100x75.jpeg 100w, https:\/\/www.hoymercedes.com.ar\/principal\/wp-content\/uploads\/2019\/01\/WhatsApp-Image-2019-01-28-at-13.52.50.jpeg 1280w\" sizes=\"auto, (max-width: 1024px) 100vw, 1024px\" \/><\/figure>\n\n\n\n<p>En el caso de El Front\u00f3n, ser\u00e1 el primero que salga a la cancha cuando desde las 17.30 en su campo de juego \u00abTito Crosetti\u00bb reciba a Sportsman de Carmen de Areco. El equipo de Germ\u00e1n Stopiello buscar\u00e1 un triunfo para recuperarse de la derrota ante Mercedes, mientras que el aurinegro querr\u00e1 un buen resultado que lo mantenga en lo alto de la tabla.<\/p>\n\n\n\n<p>Luego, ser\u00e1 el turno de Trocha, que en cancha de la Liga Mercedina recibir\u00e1 a Bragado Club, equipo que qued\u00f3 libre en la primera jornada. El partido se jugar\u00e1 a partir de las 18.15 y la Carbonilla deber\u00e1 buscar el triunfo luego del traspi\u00e9s de la primera fecha ante Sportsman.<\/p>\n","protected":false},"excerpt":{"rendered":"<p>Los encuentros de la segunda fecha de la Zona 1 de la Region Pampeana Norte del torneo Regional Amateur ya &#8230; <a title=\"Los partidos de la segunda fecha del Regional ya tienen horarios confirmados\" class=\"read-more\" href=\"https:\/\/www.hoymercedes.com.ar\/principal\/2019\/01\/29\/los-partidos-de-la-segunda-fecha-del-regional-ya-tienen-horarios-confirmados\/\" aria-label=\"Leer m\u00e1s sobre Los partidos de la segunda fecha del Regional ya tienen horarios confirmados\">Leer m\u00e1s<\/a><\/p>\n","protected":false},"author":1,"featured_media":87444,"comment_status":"closed","ping_status":"open","sticky":false,"template":"","format":"standard","meta":{"_monsterinsights_skip_tracking":false,"_monsterinsights_sitenote_active":false,"_monsterinsights_sitenote_note":"","_monsterinsights_sitenote_category":0,"jetpack_post_was_ever_published":false,"_jetpack_newsletter_access":"","_jetpack_dont_email_post_to_subs":false,"_jetpack_newsletter_tier_id":0,"_jetpack_memberships_contains_paywalled_content":false,"_jetpack_memberships_contains_paid_content":false,"footnotes":"","jetpack_publicize_message":"","jetpack_publicize_feature_enabled":true,"jetpack_social_post_already_shared":true,"jetpack_social_options":{"image_generator_settings":{"template":"highway","default_image_id":0,"font":"","enabled":false},"version":2},"_wpas_customize_per_network":false},"categories":[21],"tags":[14255,1379],"class_list":["post-87502","post","type-post","status-publish","format-standard","has-post-thumbnail","hentry","category-deportes","tag-regional-amateur","tag-trocha","generate-columns","tablet-grid-50","mobile-grid-100","grid-parent","grid-50"],"jetpack_publicize_connections":[],"jetpack_featured_media_url":"https:\/\/www.hoymercedes.com.ar\/principal\/wp-content\/uploads\/2019\/01\/WhatsApp-Image-2019-01-28-at-13.52.50.jpeg","wps_subtitle":"Regional Amateur","jetpack_sharing_enabled":true,"_links":{"self":[{"href":"https:\/\/www.hoymercedes.com.ar\/principal\/wp-json\/wp\/v2\/posts\/87502","targetHints":{"allow":["GET"]}}],"collection":[{"href":"https:\/\/www.hoymercedes.com.ar\/principal\/wp-json\/wp\/v2\/posts"}],"about":[{"href":"https:\/\/www.hoymercedes.com.ar\/principal\/wp-json\/wp\/v2\/types\/post"}],"author":[{"embeddable":true,"href":"https:\/\/www.hoymercedes.com.ar\/principal\/wp-json\/wp\/v2\/users\/1"}],"replies":[{"embeddable":true,"href":"https:\/\/www.hoymercedes.com.ar\/principal\/wp-json\/wp\/v2\/comments?post=87502"}],"version-history":[{"count":0,"href":"https:\/\/www.hoymercedes.com.ar\/principal\/wp-json\/wp\/v2\/posts\/87502\/revisions"}],"wp:featuredmedia":[{"embeddable":true,"href":"https:\/\/www.hoymercedes.com.ar\/principal\/wp-json\/wp\/v2\/media\/87444"}],"wp:attachment":[{"href":"https:\/\/www.hoymercedes.com.ar\/principal\/wp-json\/wp\/v2\/media?parent=87502"}],"wp:term":[{"taxonomy":"category","embeddable":true,"href":"https:\/\/www.hoymercedes.com.ar\/principal\/wp-json\/wp\/v2\/categories?post=87502"},{"taxonomy":"post_tag","embeddable":true,"href":"https:\/\/www.hoymercedes.com.ar\/principal\/wp-json\/wp\/v2\/tags?post=87502"}],"curies":[{"name":"wp","href":"https:\/\/api.w.org\/{rel}","templated":true}]}}