{"id":87512,"date":"2019-01-29T21:45:28","date_gmt":"2019-01-30T00:45:28","guid":{"rendered":"http:\/\/www.hoymercedes.com.ar\/principal\/?p=87512"},"modified":"2019-01-29T21:45:36","modified_gmt":"2019-01-30T00:45:36","slug":"dieron-a-conocer-los-horarios-de-cada-etapa-de-la-84-doble-bragado","status":"publish","type":"post","link":"https:\/\/www.hoymercedes.com.ar\/principal\/2019\/01\/29\/dieron-a-conocer-los-horarios-de-cada-etapa-de-la-84-doble-bragado\/","title":{"rendered":"Dieron a conocer los horarios de cada etapa de la 84\u00b0 Doble Bragado"},"content":{"rendered":"\n<p>Luego de saberse como ser\u00e1n las etapas, los kil\u00f3metros de cada una y los equipos que participar\u00e1n de la edici\u00f3n 84 edici\u00f3n de la Doble Bragado en estos d\u00edas se supieron los dorsales de cada uno de los competidores y los horarios en que van a comenzar cada una de las etapas.<\/p>\n\n\n\n<p><strong>Etapas<br>1\u00aa Etapa &#8211; Domingo 3 &#8211; 15.00:<\/strong>&nbsp;Luj\u00e1n \u2013 San Andr\u00e9s de Giles \u2013 Mercedes \u2013 Suipacha \u2013 Chivilcoy (149,4 Km). Metas Sprint en Giles, Mercedes y Suipacha.<br><strong>2\u00aa Etapa &#8211; Lunes 4 &#8211; 16.30:<\/strong>&nbsp;Circuito Chivilcoy (108 Km \u2013 30 Vueltas). Metas Sprint en la vuelta 10 y en la 20.<br><strong>3\u00aa Etapa &#8211; Martes 5 &#8211; 15.00:<\/strong>&nbsp;Chivilcoy \u2013 Chacabuco \u2013 Salto \u2013 Pergamino (169,8 Km). Metas Sprint en Chacabuco y Salto.<br><strong>4\u00aa Etapa &#8211; Mi\u00e9rcoles 6 &#8211; 16.00:<\/strong>&nbsp;Circuito 4 Avenidas de Pergamino (114 Km \u2013 30 Vueltas) Metas Sprint en la vuelta 10 y 20.<br><strong>5\u00aa Etapa &#8211; Jueves 7 &#8211; 15.00:<\/strong>&nbsp;Pergamino \u2013 Salto \u2013 Rojas \u2013 Jun\u00edn (192,3 Km) Metas Sprint en Salto y Rojas.<br><strong>6\u00aa Etapa &#8211; Viernes 8 &#8211; 15.00:<\/strong>&nbsp;Jun\u00edn \u2013 9 De Julio \u2013 Bragado (181,8 Km) Metas Sprint en Los Toldos y 9 de Julio.<br><strong>Etapa CRI &#8211; S\u00e1bado 9 &#8211; 9.00:<\/strong>&nbsp;Bragado (15,9 Km).<br><strong>7\u00aa Etapa &#8211; S\u00e1bado 9 &#8211; 16.30:<\/strong>&nbsp;Circuito Bragado (108 Km \u2013 18 Vueltas) Meta Sprint en la vuelta 9.<br><strong>8\u00aa Etapa &#8211; Domingo 10 &#8211; 8.30:<\/strong>&nbsp;Bragado \u2013 Chivilcoy \u2013 Suipacha \u2013 Mercedes (150 km) Metas Sprint en Chivilcoy y Suipacha. Llegando aproximadamente a la meta al mediod\u00eda.<\/p>\n\n\n\n<p><strong>Equipos<\/strong><br>Ciudad de Chivilcoy.<br>SAT.<br>Ciudad de Pehuaj\u00f3.<br>Giant.<br>Bragado Cicles Club.<br>Ciudad de Lan\u00fas.<br>Municipalidad de Carlos Casares.<br>Transporte El Sol (9 de Julio).<br>Mirasal Citi Bikes.<br>Shania Competici\u00f3n.<br>Mini Mani Zabala.<br>Club Ciclista Cerro Largo (Uruguay).<br>Club Ciclista Tacuaremb\u00f3 (Uruguay).<br>Clube SMEL Foz Iguaz\u00fa (Brasil).<br>San Francisco Sa\u00fade \u2013 Klabin \u2013 Ribeirao (Brasil).<\/p>\n\n\n\n<figure class=\"wp-block-image\"><img loading=\"lazy\" decoding=\"async\" width=\"698\" height=\"824\" data-attachment-id=\"87513\" data-permalink=\"https:\/\/www.hoymercedes.com.ar\/principal\/2019\/01\/29\/dieron-a-conocer-los-horarios-de-cada-etapa-de-la-84-doble-bragado\/dorsales-1\/#main\" data-orig-file=\"https:\/\/www.hoymercedes.com.ar\/principal\/wp-content\/uploads\/2019\/01\/dorsales-1.png\" data-orig-size=\"698,824\" data-comments-opened=\"0\" data-image-meta=\"{&quot;aperture&quot;:&quot;0&quot;,&quot;credit&quot;:&quot;&quot;,&quot;camera&quot;:&quot;&quot;,&quot;caption&quot;:&quot;&quot;,&quot;created_timestamp&quot;:&quot;0&quot;,&quot;copyright&quot;:&quot;&quot;,&quot;focal_length&quot;:&quot;0&quot;,&quot;iso&quot;:&quot;0&quot;,&quot;shutter_speed&quot;:&quot;0&quot;,&quot;title&quot;:&quot;&quot;,&quot;orientation&quot;:&quot;0&quot;}\" data-image-title=\"dorsales 1\" data-image-description=\"\" data-image-caption=\"\" data-large-file=\"https:\/\/www.hoymercedes.com.ar\/principal\/wp-content\/uploads\/2019\/01\/dorsales-1.png\" src=\"https:\/\/www.hoymercedes.com.ar\/principal\/wp-content\/uploads\/2019\/01\/dorsales-1.png\" alt=\"\" class=\"wp-image-87513\" srcset=\"https:\/\/www.hoymercedes.com.ar\/principal\/wp-content\/uploads\/2019\/01\/dorsales-1.png 698w, https:\/\/www.hoymercedes.com.ar\/principal\/wp-content\/uploads\/2019\/01\/dorsales-1-127x150.png 127w, https:\/\/www.hoymercedes.com.ar\/principal\/wp-content\/uploads\/2019\/01\/dorsales-1-525x620.png 525w\" sizes=\"auto, (max-width: 698px) 100vw, 698px\" \/><\/figure>\n\n\n\n<figure class=\"wp-block-image\"><img loading=\"lazy\" decoding=\"async\" width=\"699\" height=\"829\" data-attachment-id=\"87514\" data-permalink=\"https:\/\/www.hoymercedes.com.ar\/principal\/2019\/01\/29\/dieron-a-conocer-los-horarios-de-cada-etapa-de-la-84-doble-bragado\/dorsales-2\/#main\" data-orig-file=\"https:\/\/www.hoymercedes.com.ar\/principal\/wp-content\/uploads\/2019\/01\/dorsales-2.png\" data-orig-size=\"699,829\" data-comments-opened=\"0\" data-image-meta=\"{&quot;aperture&quot;:&quot;0&quot;,&quot;credit&quot;:&quot;&quot;,&quot;camera&quot;:&quot;&quot;,&quot;caption&quot;:&quot;&quot;,&quot;created_timestamp&quot;:&quot;0&quot;,&quot;copyright&quot;:&quot;&quot;,&quot;focal_length&quot;:&quot;0&quot;,&quot;iso&quot;:&quot;0&quot;,&quot;shutter_speed&quot;:&quot;0&quot;,&quot;title&quot;:&quot;&quot;,&quot;orientation&quot;:&quot;0&quot;}\" data-image-title=\"dorsales 2\" data-image-description=\"\" data-image-caption=\"\" data-large-file=\"https:\/\/www.hoymercedes.com.ar\/principal\/wp-content\/uploads\/2019\/01\/dorsales-2.png\" src=\"https:\/\/www.hoymercedes.com.ar\/principal\/wp-content\/uploads\/2019\/01\/dorsales-2.png\" alt=\"\" class=\"wp-image-87514\" srcset=\"https:\/\/www.hoymercedes.com.ar\/principal\/wp-content\/uploads\/2019\/01\/dorsales-2.png 699w, https:\/\/www.hoymercedes.com.ar\/principal\/wp-content\/uploads\/2019\/01\/dorsales-2-126x150.png 126w, https:\/\/www.hoymercedes.com.ar\/principal\/wp-content\/uploads\/2019\/01\/dorsales-2-523x620.png 523w\" sizes=\"auto, (max-width: 699px) 100vw, 699px\" \/><\/figure>\n\n\n\n<figure class=\"wp-block-image\"><img loading=\"lazy\" decoding=\"async\" width=\"699\" height=\"828\" data-attachment-id=\"87515\" data-permalink=\"https:\/\/www.hoymercedes.com.ar\/principal\/2019\/01\/29\/dieron-a-conocer-los-horarios-de-cada-etapa-de-la-84-doble-bragado\/dorsales-3\/#main\" data-orig-file=\"https:\/\/www.hoymercedes.com.ar\/principal\/wp-content\/uploads\/2019\/01\/dorsales-3.png\" data-orig-size=\"699,828\" data-comments-opened=\"0\" data-image-meta=\"{&quot;aperture&quot;:&quot;0&quot;,&quot;credit&quot;:&quot;&quot;,&quot;camera&quot;:&quot;&quot;,&quot;caption&quot;:&quot;&quot;,&quot;created_timestamp&quot;:&quot;0&quot;,&quot;copyright&quot;:&quot;&quot;,&quot;focal_length&quot;:&quot;0&quot;,&quot;iso&quot;:&quot;0&quot;,&quot;shutter_speed&quot;:&quot;0&quot;,&quot;title&quot;:&quot;&quot;,&quot;orientation&quot;:&quot;0&quot;}\" data-image-title=\"dorsales 3\" data-image-description=\"\" data-image-caption=\"\" data-large-file=\"https:\/\/www.hoymercedes.com.ar\/principal\/wp-content\/uploads\/2019\/01\/dorsales-3.png\" src=\"https:\/\/www.hoymercedes.com.ar\/principal\/wp-content\/uploads\/2019\/01\/dorsales-3.png\" alt=\"\" class=\"wp-image-87515\" srcset=\"https:\/\/www.hoymercedes.com.ar\/principal\/wp-content\/uploads\/2019\/01\/dorsales-3.png 699w, https:\/\/www.hoymercedes.com.ar\/principal\/wp-content\/uploads\/2019\/01\/dorsales-3-127x150.png 127w, https:\/\/www.hoymercedes.com.ar\/principal\/wp-content\/uploads\/2019\/01\/dorsales-3-523x620.png 523w\" sizes=\"auto, (max-width: 699px) 100vw, 699px\" \/><\/figure>\n","protected":false},"excerpt":{"rendered":"<p>Luego de saberse como ser\u00e1n las etapas, los kil\u00f3metros de cada una y los equipos que participar\u00e1n de la edici\u00f3n &#8230; <a title=\"Dieron a conocer los horarios de cada etapa de la 84\u00b0 Doble Bragado\" class=\"read-more\" href=\"https:\/\/www.hoymercedes.com.ar\/principal\/2019\/01\/29\/dieron-a-conocer-los-horarios-de-cada-etapa-de-la-84-doble-bragado\/\" aria-label=\"Leer m\u00e1s sobre Dieron a conocer los horarios de cada etapa de la 84\u00b0 Doble Bragado\">Leer m\u00e1s<\/a><\/p>\n","protected":false},"author":1,"featured_media":87514,"comment_status":"closed","ping_status":"open","sticky":false,"template":"","format":"standard","meta":{"_monsterinsights_skip_tracking":false,"_monsterinsights_sitenote_active":false,"_monsterinsights_sitenote_note":"","_monsterinsights_sitenote_category":0,"jetpack_post_was_ever_published":false,"_jetpack_newsletter_access":"","_jetpack_dont_email_post_to_subs":false,"_jetpack_newsletter_tier_id":0,"_jetpack_memberships_contains_paywalled_content":false,"_jetpack_memberships_contains_paid_content":false,"footnotes":"","jetpack_publicize_message":"","jetpack_publicize_feature_enabled":true,"jetpack_social_post_already_shared":true,"jetpack_social_options":{"image_generator_settings":{"template":"highway","default_image_id":0,"font":"","enabled":false},"version":2},"_wpas_customize_per_network":false},"categories":[21],"tags":[1453],"class_list":["post-87512","post","type-post","status-publish","format-standard","has-post-thumbnail","hentry","category-deportes","tag-ciclismo","generate-columns","tablet-grid-50","mobile-grid-100","grid-parent","grid-50"],"jetpack_publicize_connections":[],"jetpack_featured_media_url":"https:\/\/www.hoymercedes.com.ar\/principal\/wp-content\/uploads\/2019\/01\/dorsales-2.png","wps_subtitle":"Ciclismo","jetpack_sharing_enabled":true,"_links":{"self":[{"href":"https:\/\/www.hoymercedes.com.ar\/principal\/wp-json\/wp\/v2\/posts\/87512","targetHints":{"allow":["GET"]}}],"collection":[{"href":"https:\/\/www.hoymercedes.com.ar\/principal\/wp-json\/wp\/v2\/posts"}],"about":[{"href":"https:\/\/www.hoymercedes.com.ar\/principal\/wp-json\/wp\/v2\/types\/post"}],"author":[{"embeddable":true,"href":"https:\/\/www.hoymercedes.com.ar\/principal\/wp-json\/wp\/v2\/users\/1"}],"replies":[{"embeddable":true,"href":"https:\/\/www.hoymercedes.com.ar\/principal\/wp-json\/wp\/v2\/comments?post=87512"}],"version-history":[{"count":0,"href":"https:\/\/www.hoymercedes.com.ar\/principal\/wp-json\/wp\/v2\/posts\/87512\/revisions"}],"wp:featuredmedia":[{"embeddable":true,"href":"https:\/\/www.hoymercedes.com.ar\/principal\/wp-json\/wp\/v2\/media\/87514"}],"wp:attachment":[{"href":"https:\/\/www.hoymercedes.com.ar\/principal\/wp-json\/wp\/v2\/media?parent=87512"}],"wp:term":[{"taxonomy":"category","embeddable":true,"href":"https:\/\/www.hoymercedes.com.ar\/principal\/wp-json\/wp\/v2\/categories?post=87512"},{"taxonomy":"post_tag","embeddable":true,"href":"https:\/\/www.hoymercedes.com.ar\/principal\/wp-json\/wp\/v2\/tags?post=87512"}],"curies":[{"name":"wp","href":"https:\/\/api.w.org\/{rel}","templated":true}]}}