{"id":87522,"date":"2019-01-30T11:58:47","date_gmt":"2019-01-30T14:58:47","guid":{"rendered":"http:\/\/www.hoymercedes.com.ar\/principal\/?p=87522"},"modified":"2019-01-29T22:26:30","modified_gmt":"2019-01-30T01:26:30","slug":"river-plate-con-nazarena-viola-y-juana-cangaro-va-por-la-clasificacion-en-el-sudamericano-de-paraguay","status":"publish","type":"post","link":"https:\/\/www.hoymercedes.com.ar\/principal\/2019\/01\/30\/river-plate-con-nazarena-viola-y-juana-cangaro-va-por-la-clasificacion-en-el-sudamericano-de-paraguay\/","title":{"rendered":"River Plate, con Nazarena Viola y Juana C\u00e1ngaro, va por la clasificaci\u00f3n en el Sudamericano de Paraguay"},"content":{"rendered":"\n<p>Las mercedinas Nazarena Viola y Juana C\u00e1ngaro tuvieron su d\u00eda de descanso este martes cuando River Plate qued\u00f3 libre en el Sudamericano de F\u00fatbol Femenino que se est\u00e1 jugando en Paraguay y que es organizado por Conmebol.<\/p>\n\n\n\n<figure class=\"wp-block-image\"><img loading=\"lazy\" decoding=\"async\" width=\"960\" height=\"720\" data-attachment-id=\"87523\" data-permalink=\"https:\/\/www.hoymercedes.com.ar\/principal\/2019\/01\/30\/river-plate-con-nazarena-viola-y-juana-cangaro-va-por-la-clasificacion-en-el-sudamericano-de-paraguay\/river-sub-14\/#main\" data-orig-file=\"https:\/\/www.hoymercedes.com.ar\/principal\/wp-content\/uploads\/2019\/01\/River-Sub-14.jpg\" data-orig-size=\"960,720\" data-comments-opened=\"0\" data-image-meta=\"{&quot;aperture&quot;:&quot;0&quot;,&quot;credit&quot;:&quot;&quot;,&quot;camera&quot;:&quot;&quot;,&quot;caption&quot;:&quot;&quot;,&quot;created_timestamp&quot;:&quot;0&quot;,&quot;copyright&quot;:&quot;&quot;,&quot;focal_length&quot;:&quot;0&quot;,&quot;iso&quot;:&quot;0&quot;,&quot;shutter_speed&quot;:&quot;0&quot;,&quot;title&quot;:&quot;&quot;,&quot;orientation&quot;:&quot;0&quot;}\" data-image-title=\"River Sub 14\" data-image-description=\"\" data-image-caption=\"\" data-large-file=\"https:\/\/www.hoymercedes.com.ar\/principal\/wp-content\/uploads\/2019\/01\/River-Sub-14.jpg\" src=\"https:\/\/www.hoymercedes.com.ar\/principal\/wp-content\/uploads\/2019\/01\/River-Sub-14.jpg\" alt=\"\" class=\"wp-image-87523\" srcset=\"https:\/\/www.hoymercedes.com.ar\/principal\/wp-content\/uploads\/2019\/01\/River-Sub-14.jpg 960w, https:\/\/www.hoymercedes.com.ar\/principal\/wp-content\/uploads\/2019\/01\/River-Sub-14-150x113.jpg 150w, https:\/\/www.hoymercedes.com.ar\/principal\/wp-content\/uploads\/2019\/01\/River-Sub-14-630x473.jpg 630w, https:\/\/www.hoymercedes.com.ar\/principal\/wp-content\/uploads\/2019\/01\/River-Sub-14-320x240.jpg 320w, https:\/\/www.hoymercedes.com.ar\/principal\/wp-content\/uploads\/2019\/01\/River-Sub-14-100x75.jpg 100w\" sizes=\"auto, (max-width: 960px) 100vw, 960px\" \/><\/figure>\n\n\n\n<p>El Millonario consigui\u00f3 dos triunfos y luego una derrota. Debut\u00f3 venciendo 5 a 0 a Talemtus Callao de Per\u00fa con dos goles de Juana C\u00e1ngaro y en la segunda fecha le gan\u00f3 a Deportivo Tr\u00f3pico de Boliva por 3 a 0 y en la tercera cay\u00f3 ante Espuse de Ecuador 5 a 0.<\/p>\n\n\n\n<p>Con los dem\u00e1s resultados, Liga Antioque\u00f1a de Colombia es l\u00edder con 9 puntos (+28 de diferencia de gol), segundo Espuce con 6 (+6), tercero River Plate con 6 (+3), cuarto Deportivo Tr\u00f3pico con 3 (+1) y \u00faltimo Talemtus Calla con 0 y -30 de diferencia.<\/p>\n","protected":false},"excerpt":{"rendered":"<p>Las mercedinas Nazarena Viola y Juana C\u00e1ngaro tuvieron su d\u00eda de descanso este martes cuando River Plate qued\u00f3 libre en &#8230; <a title=\"River Plate, con Nazarena Viola y Juana C\u00e1ngaro, va por la clasificaci\u00f3n en el Sudamericano de Paraguay\" class=\"read-more\" href=\"https:\/\/www.hoymercedes.com.ar\/principal\/2019\/01\/30\/river-plate-con-nazarena-viola-y-juana-cangaro-va-por-la-clasificacion-en-el-sudamericano-de-paraguay\/\" aria-label=\"Leer m\u00e1s sobre River Plate, con Nazarena Viola y Juana C\u00e1ngaro, va por la clasificaci\u00f3n en el Sudamericano de Paraguay\">Leer m\u00e1s<\/a><\/p>\n","protected":false},"author":1,"featured_media":87523,"comment_status":"closed","ping_status":"open","sticky":false,"template":"","format":"standard","meta":{"_monsterinsights_skip_tracking":false,"_monsterinsights_sitenote_active":false,"_monsterinsights_sitenote_note":"","_monsterinsights_sitenote_category":0,"jetpack_post_was_ever_published":false,"_jetpack_newsletter_access":"","_jetpack_dont_email_post_to_subs":false,"_jetpack_newsletter_tier_id":0,"_jetpack_memberships_contains_paywalled_content":false,"_jetpack_memberships_contains_paid_content":false,"footnotes":"","jetpack_publicize_message":"","jetpack_publicize_feature_enabled":true,"jetpack_social_post_already_shared":true,"jetpack_social_options":{"image_generator_settings":{"template":"highway","default_image_id":0,"font":"","enabled":false},"version":2},"_wpas_customize_per_network":false},"categories":[21],"tags":[895,10696,14060],"class_list":["post-87522","post","type-post","status-publish","format-standard","has-post-thumbnail","hentry","category-deportes","tag-futbol-femenino","tag-river-plate","tag-sub-14","generate-columns","tablet-grid-50","mobile-grid-100","grid-parent","grid-50"],"jetpack_publicize_connections":[],"jetpack_featured_media_url":"https:\/\/www.hoymercedes.com.ar\/principal\/wp-content\/uploads\/2019\/01\/River-Sub-14.jpg","wps_subtitle":"La Legi\u00f3n","jetpack_sharing_enabled":true,"_links":{"self":[{"href":"https:\/\/www.hoymercedes.com.ar\/principal\/wp-json\/wp\/v2\/posts\/87522","targetHints":{"allow":["GET"]}}],"collection":[{"href":"https:\/\/www.hoymercedes.com.ar\/principal\/wp-json\/wp\/v2\/posts"}],"about":[{"href":"https:\/\/www.hoymercedes.com.ar\/principal\/wp-json\/wp\/v2\/types\/post"}],"author":[{"embeddable":true,"href":"https:\/\/www.hoymercedes.com.ar\/principal\/wp-json\/wp\/v2\/users\/1"}],"replies":[{"embeddable":true,"href":"https:\/\/www.hoymercedes.com.ar\/principal\/wp-json\/wp\/v2\/comments?post=87522"}],"version-history":[{"count":0,"href":"https:\/\/www.hoymercedes.com.ar\/principal\/wp-json\/wp\/v2\/posts\/87522\/revisions"}],"wp:featuredmedia":[{"embeddable":true,"href":"https:\/\/www.hoymercedes.com.ar\/principal\/wp-json\/wp\/v2\/media\/87523"}],"wp:attachment":[{"href":"https:\/\/www.hoymercedes.com.ar\/principal\/wp-json\/wp\/v2\/media?parent=87522"}],"wp:term":[{"taxonomy":"category","embeddable":true,"href":"https:\/\/www.hoymercedes.com.ar\/principal\/wp-json\/wp\/v2\/categories?post=87522"},{"taxonomy":"post_tag","embeddable":true,"href":"https:\/\/www.hoymercedes.com.ar\/principal\/wp-json\/wp\/v2\/tags?post=87522"}],"curies":[{"name":"wp","href":"https:\/\/api.w.org\/{rel}","templated":true}]}}