{"id":87533,"date":"2019-01-30T14:42:32","date_gmt":"2019-01-30T17:42:32","guid":{"rendered":"http:\/\/www.hoymercedes.com.ar\/principal\/?p=87533"},"modified":"2019-01-30T15:21:28","modified_gmt":"2019-01-30T18:21:28","slug":"carlos-selva-victima-de-fake-news-va-a-la-justicia","status":"publish","type":"post","link":"https:\/\/www.hoymercedes.com.ar\/principal\/2019\/01\/30\/carlos-selva-victima-de-fake-news-va-a-la-justicia\/","title":{"rendered":"Carlos Selva, v\u00edctima de fake news, va a la justicia"},"content":{"rendered":"\n<p>El ex Intendente v\u00edctima de una \u00abnoticia falsa\u00bb de un sitio web asegur\u00f3 que denunciar\u00e1 al medio que difunde informaciones falsas.  Por otra parte, a trav\u00e9s de unos tweet y la participaci\u00f3n en programas pol\u00edticos de televisi\u00f3n por cable, el Diputado Nacional Carlos Selva, est\u00e1 de lleno en la campa\u00f1a para imponer el espacio pol\u00edtico que lidera Sergio Massa. <\/p>\n\n\n\n<p>El diputado nacional Carlos Selva se ha visto envuelto en una pol\u00e9mica a trav\u00e9s de las redes sociales a partir de una publicaci\u00f3n que se hace desde una p\u00e1gina de Facebook que ya ha sido objeto de cuestionamientos, e incluso de denuncias en las justicia. Al diputado lo relacionan con una estafa de dinero, de la que desminti\u00f3 ser v\u00edctima. <\/p>\n\n\n\n<p>Selva asegur\u00f3 que prepara  una demanda judicial contra esta fan page de facebook, (que fue denunciada en oportunidades anteriores por otros espacios pol\u00edticos) y un proyecto de alcance legislativo para regular este tipo de situaciones. <\/p>\n\n\n\n<p>\u201cCuando veo el perfil de esa p\u00e1gina de Facebook que es un medio trucho, veo que hay una intencionalidad pol\u00edtica detr\u00e1s. Todo lo publicado tiene que ver con personas que gestionan desde el peronismo o tuvieron responsabilidades, como es mi caso. Pero a m\u00ed no me pas\u00f3 nada de lo que se dice, adem\u00e1s el n\u00famero que se publica es exorbitante\u00bb, expres\u00f3 Selva. <\/p>\n\n\n\n<p>\u00abPor ello estamos armando la presentaci\u00f3n para hacer una denuncia contra este medio trucho, que est\u00e1 en la sombra y nadie sabe qui\u00e9n es, es una p\u00e1gina de Facebook que alguien est\u00e1 administrando. Haremos la denuncia en la Fiscal\u00eda, para eso trabajan los abogados, y desmiento todo lo dicho, que me da\u00f1a moralmente a m\u00ed y a mi familia con esta difamaci\u00f3n inmerecida\u201d, agreg\u00f3 Selva.<\/p>\n\n\n\n<p>Asimismo, Selva explic\u00f3 que hay proyectos de ley que se discuten para que no cualquiera abra un registro falso y agravie a cualquier persona. \u00abEs un tema complejo legislativo, sabemos que Facebook no es una empresa nacional pero no puede ser que la impunidad de las sombras permita cualquier agravio\u201d, opin\u00f3 el diputado Selva.<\/p>\n\n\n\n<p>\u201cPero en este caso esta p\u00e1gina adem\u00e1s tiene muchas denuncias, hay que ver c\u00f3mo puede seguir adelante. Hay que conocer quien maneja esto para iniciar acciones, y debatir hasta donde Facebook se puede desentender de estos temas\u201d, dijo Selva, quien tiene sus sospechas de quien puede ser el autor intelectual de esto: \u201cLo asocio a lo pol\u00edtico, hay que ver bien de llegar al final, porque ser\u00eda bueno para la sociedad que se acabe esto\u201d, complet\u00f3 el diputado de origen mercedino.<\/p>\n\n\n\n<p><strong>Tweeter\u00a0de\u00a0Selva<\/strong><\/p>\n\n\n\n<p>A trav\u00e9s de los hashtag \u00ab#hayalternativa\u00bb y \u00abhayesperanza\u00bb, Selva tweetea: <br>&#8211;  \u201cArgentina sale con crecimiento econ\u00f3mico, con producci\u00f3n y empleo\u201d. <br>&#8211; \u201cEl 80% de la inversi\u00f3n extranjera que ingres\u00f3 en los \u00faltimos tres a\u00f1os fue especulativa: fueron U$S29.000 millones y tras la corrida s\u00f3lo qued\u00f3 en el pa\u00eds un 20%\u201d.<br>&#8211; \u201cCon la timba financiera ganan unos pocos y pierden muchos\u201d, concluye Selva. <\/p>\n","protected":false},"excerpt":{"rendered":"<p>El ex Intendente v\u00edctima de una \u00abnoticia falsa\u00bb de un sitio web asegur\u00f3 que denunciar\u00e1 al medio que difunde informaciones &#8230; <a title=\"Carlos Selva, v\u00edctima de fake news, va a la justicia\" class=\"read-more\" href=\"https:\/\/www.hoymercedes.com.ar\/principal\/2019\/01\/30\/carlos-selva-victima-de-fake-news-va-a-la-justicia\/\" aria-label=\"Leer m\u00e1s sobre Carlos Selva, v\u00edctima de fake news, va a la justicia\">Leer m\u00e1s<\/a><\/p>\n","protected":false},"author":1,"featured_media":87534,"comment_status":"closed","ping_status":"open","sticky":false,"template":"","format":"standard","meta":{"_monsterinsights_skip_tracking":false,"_monsterinsights_sitenote_active":false,"_monsterinsights_sitenote_note":"","_monsterinsights_sitenote_category":0,"jetpack_post_was_ever_published":false,"_jetpack_newsletter_access":"","_jetpack_dont_email_post_to_subs":false,"_jetpack_newsletter_tier_id":0,"_jetpack_memberships_contains_paywalled_content":false,"_jetpack_memberships_contains_paid_content":false,"footnotes":"","jetpack_publicize_message":"","jetpack_publicize_feature_enabled":true,"jetpack_social_post_already_shared":true,"jetpack_social_options":{"image_generator_settings":{"template":"highway","default_image_id":0,"font":"","enabled":false},"version":2},"_wpas_customize_per_network":false},"categories":[5210],"tags":[39,3537,5319],"class_list":["post-87533","post","type-post","status-publish","format-standard","has-post-thumbnail","hentry","category-politica-nacional","tag-carlos-selva","tag-frente-renovador","tag-politica-2","generate-columns","tablet-grid-50","mobile-grid-100","grid-parent","grid-50"],"jetpack_publicize_connections":[],"jetpack_featured_media_url":"https:\/\/www.hoymercedes.com.ar\/principal\/wp-content\/uploads\/2019\/01\/30-selva.jpg","wps_subtitle":"Contra medios truchos","jetpack_sharing_enabled":true,"_links":{"self":[{"href":"https:\/\/www.hoymercedes.com.ar\/principal\/wp-json\/wp\/v2\/posts\/87533","targetHints":{"allow":["GET"]}}],"collection":[{"href":"https:\/\/www.hoymercedes.com.ar\/principal\/wp-json\/wp\/v2\/posts"}],"about":[{"href":"https:\/\/www.hoymercedes.com.ar\/principal\/wp-json\/wp\/v2\/types\/post"}],"author":[{"embeddable":true,"href":"https:\/\/www.hoymercedes.com.ar\/principal\/wp-json\/wp\/v2\/users\/1"}],"replies":[{"embeddable":true,"href":"https:\/\/www.hoymercedes.com.ar\/principal\/wp-json\/wp\/v2\/comments?post=87533"}],"version-history":[{"count":0,"href":"https:\/\/www.hoymercedes.com.ar\/principal\/wp-json\/wp\/v2\/posts\/87533\/revisions"}],"wp:featuredmedia":[{"embeddable":true,"href":"https:\/\/www.hoymercedes.com.ar\/principal\/wp-json\/wp\/v2\/media\/87534"}],"wp:attachment":[{"href":"https:\/\/www.hoymercedes.com.ar\/principal\/wp-json\/wp\/v2\/media?parent=87533"}],"wp:term":[{"taxonomy":"category","embeddable":true,"href":"https:\/\/www.hoymercedes.com.ar\/principal\/wp-json\/wp\/v2\/categories?post=87533"},{"taxonomy":"post_tag","embeddable":true,"href":"https:\/\/www.hoymercedes.com.ar\/principal\/wp-json\/wp\/v2\/tags?post=87533"}],"curies":[{"name":"wp","href":"https:\/\/api.w.org\/{rel}","templated":true}]}}