{"id":87537,"date":"2019-01-30T17:00:39","date_gmt":"2019-01-30T20:00:39","guid":{"rendered":"http:\/\/www.hoymercedes.com.ar\/principal\/?p=87537"},"modified":"2019-01-30T15:43:28","modified_gmt":"2019-01-30T18:43:28","slug":"espacios-verdes-solicita-se-denuncie-caidas-de-arboles-o-ramas","status":"publish","type":"post","link":"https:\/\/www.hoymercedes.com.ar\/principal\/2019\/01\/30\/espacios-verdes-solicita-se-denuncie-caidas-de-arboles-o-ramas\/","title":{"rendered":"Espacios Verdes solicita se denuncie ca\u00eddas de \u00e1rboles o ramas"},"content":{"rendered":"\n<p>Debido a las fuertes tormentas de las \u00faltimas horas y las que se preven para  los pr\u00f3ximos d\u00edas, el \u00e1rea de Espacio Verde pide que los vecinos informan las ca\u00eddas de ramas y \u00e1rboles producto de las fuertes r\u00e1fagas de viento. <\/p>\n\n\n\n<p>Leonardo Belforte, director del \u00e1rea de Espacios Verdes, indic\u00f3: \u201ca veces la consecuencia de la mala poda produce que ante una tormenta, las ramas se caigan&#8230; tambi\u00e9n existen muchos \u00e1rboles muertos por esta misma problem\u00e1tica, siguen de pie pero de a poco se van desmembrando. Nosotros de a poco vamos corrigiendo con la poda correctiva\u201d.<\/p>\n\n\n\n<p>\u00abOtro de los problemas que derivan en consecuencias mayores, es la plantaci\u00f3n de un \u00e1rbol, que por cuestiones estructurales no deben ser colocados en una vereda\u201d, agreg\u00f3. <\/p>\n\n\n\n<p>Por este motivo, se informa que ante un inconveniente o para prever alg\u00fan problema, el vecino se puede comunicar al 147. A partir de esta comunicaci\u00f3n, el \u00e1rea de Espacios Verdes realizar\u00e1 una inspecci\u00f3n.\u00a0 \u00a0<\/p>\n\n\n\n<p>Por otra parte, Belforte, anunci\u00f3 que el \u00e1rea est\u00e1 llevando a cabo un seguimiento y control de las diferentes especies arb\u00f3reas de las plazas en las cuales se est\u00e1n efectuando obras. \u00a0\u201cEstamos avanzando muy bien, las lluvias complican un poco, sobre todo cuando movemos la tierra. Creo que todo va a quedar muy lindo y que ser\u00e1 principalmente para el beneficio de todos los mercedinos\u201d.<\/p>\n\n\n\n<p>A su vez, el Director de Espacio Verdes expres\u00f3 \u201cle pedimos paciencia a los vecinos, sabemos que son espacios donde habitualmente se concurre con los chicos, pero es un tiempito hasta que se termine la obra y luego podr\u00e1n disfrutarlo mucho m\u00e1s\u201d.<\/p>\n","protected":false},"excerpt":{"rendered":"<p>Debido a las fuertes tormentas de las \u00faltimas horas y las que se preven para los pr\u00f3ximos d\u00edas, el \u00e1rea &#8230; <a title=\"Espacios Verdes solicita se denuncie ca\u00eddas de \u00e1rboles o ramas\" class=\"read-more\" href=\"https:\/\/www.hoymercedes.com.ar\/principal\/2019\/01\/30\/espacios-verdes-solicita-se-denuncie-caidas-de-arboles-o-ramas\/\" aria-label=\"Leer m\u00e1s sobre Espacios Verdes solicita se denuncie ca\u00eddas de \u00e1rboles o ramas\">Leer m\u00e1s<\/a><\/p>\n","protected":false},"author":1,"featured_media":53942,"comment_status":"closed","ping_status":"open","sticky":false,"template":"","format":"standard","meta":{"_monsterinsights_skip_tracking":false,"_monsterinsights_sitenote_active":false,"_monsterinsights_sitenote_note":"","_monsterinsights_sitenote_category":0,"jetpack_post_was_ever_published":false,"_jetpack_newsletter_access":"","_jetpack_dont_email_post_to_subs":false,"_jetpack_newsletter_tier_id":0,"_jetpack_memberships_contains_paywalled_content":false,"_jetpack_memberships_contains_paid_content":false,"footnotes":"","jetpack_publicize_message":"","jetpack_publicize_feature_enabled":true,"jetpack_social_post_already_shared":true,"jetpack_social_options":{"image_generator_settings":{"template":"highway","default_image_id":0,"font":"","enabled":false},"version":2},"_wpas_customize_per_network":false},"categories":[30],"tags":[12412,10358],"class_list":["post-87537","post","type-post","status-publish","format-standard","has-post-thumbnail","hentry","category-municipio","tag-espacios-verdes","tag-municipio","generate-columns","tablet-grid-50","mobile-grid-100","grid-parent","grid-50"],"jetpack_publicize_connections":[],"jetpack_featured_media_url":"https:\/\/www.hoymercedes.com.ar\/principal\/wp-content\/uploads\/2016\/08\/25-belforte.jpg","wps_subtitle":"Ante vientos fuertes","jetpack_sharing_enabled":true,"_links":{"self":[{"href":"https:\/\/www.hoymercedes.com.ar\/principal\/wp-json\/wp\/v2\/posts\/87537","targetHints":{"allow":["GET"]}}],"collection":[{"href":"https:\/\/www.hoymercedes.com.ar\/principal\/wp-json\/wp\/v2\/posts"}],"about":[{"href":"https:\/\/www.hoymercedes.com.ar\/principal\/wp-json\/wp\/v2\/types\/post"}],"author":[{"embeddable":true,"href":"https:\/\/www.hoymercedes.com.ar\/principal\/wp-json\/wp\/v2\/users\/1"}],"replies":[{"embeddable":true,"href":"https:\/\/www.hoymercedes.com.ar\/principal\/wp-json\/wp\/v2\/comments?post=87537"}],"version-history":[{"count":0,"href":"https:\/\/www.hoymercedes.com.ar\/principal\/wp-json\/wp\/v2\/posts\/87537\/revisions"}],"wp:featuredmedia":[{"embeddable":true,"href":"https:\/\/www.hoymercedes.com.ar\/principal\/wp-json\/wp\/v2\/media\/53942"}],"wp:attachment":[{"href":"https:\/\/www.hoymercedes.com.ar\/principal\/wp-json\/wp\/v2\/media?parent=87537"}],"wp:term":[{"taxonomy":"category","embeddable":true,"href":"https:\/\/www.hoymercedes.com.ar\/principal\/wp-json\/wp\/v2\/categories?post=87537"},{"taxonomy":"post_tag","embeddable":true,"href":"https:\/\/www.hoymercedes.com.ar\/principal\/wp-json\/wp\/v2\/tags?post=87537"}],"curies":[{"name":"wp","href":"https:\/\/api.w.org\/{rel}","templated":true}]}}