{"id":87540,"date":"2019-01-30T10:49:07","date_gmt":"2019-01-30T13:49:07","guid":{"rendered":"http:\/\/www.hoymercedes.com.ar\/principal\/?p=87540"},"modified":"2019-01-31T09:21:16","modified_gmt":"2019-01-31T12:21:16","slug":"senasa-recomienda-medidas-para-prevenir-los-efectos-del-estres-calorico","status":"publish","type":"post","link":"https:\/\/www.hoymercedes.com.ar\/principal\/2019\/01\/30\/senasa-recomienda-medidas-para-prevenir-los-efectos-del-estres-calorico\/","title":{"rendered":"Senasa recomienda medidas para prevenir los efectos del estr\u00e9s cal\u00f3rico"},"content":{"rendered":"\n<p>El Servicio Nacional de Sanidad y\nCalidad Agroalimentaria (Senasa) se\u00f1ala algunas recomendaciones a los\nproductores tamberos, a fin de prevenir los efectos adversos del estr\u00e9s cal\u00f3rico\nen sus vacas lecheras, como consecuencia de las elevadas temperaturas.<\/p>\n\n\n\n<figure class=\"wp-block-image\"><img loading=\"lazy\" decoding=\"async\" width=\"750\" height=\"376\" data-attachment-id=\"87541\" data-permalink=\"https:\/\/www.hoymercedes.com.ar\/principal\/2019\/01\/30\/senasa-recomienda-medidas-para-prevenir-los-efectos-del-estres-calorico\/30-senasa\/#main\" data-orig-file=\"https:\/\/www.hoymercedes.com.ar\/principal\/wp-content\/uploads\/2019\/01\/30-senasa.jpg\" data-orig-size=\"750,376\" data-comments-opened=\"0\" data-image-meta=\"{&quot;aperture&quot;:&quot;0&quot;,&quot;credit&quot;:&quot;&quot;,&quot;camera&quot;:&quot;&quot;,&quot;caption&quot;:&quot;&quot;,&quot;created_timestamp&quot;:&quot;0&quot;,&quot;copyright&quot;:&quot;&quot;,&quot;focal_length&quot;:&quot;0&quot;,&quot;iso&quot;:&quot;0&quot;,&quot;shutter_speed&quot;:&quot;0&quot;,&quot;title&quot;:&quot;&quot;,&quot;orientation&quot;:&quot;0&quot;}\" data-image-title=\"30 senasa\" data-image-description=\"\" data-image-caption=\"\" data-large-file=\"https:\/\/www.hoymercedes.com.ar\/principal\/wp-content\/uploads\/2019\/01\/30-senasa.jpg\" src=\"https:\/\/www.hoymercedes.com.ar\/principal\/wp-content\/uploads\/2019\/01\/30-senasa.jpg\" alt=\"\" class=\"wp-image-87541\" srcset=\"https:\/\/www.hoymercedes.com.ar\/principal\/wp-content\/uploads\/2019\/01\/30-senasa.jpg 750w, https:\/\/www.hoymercedes.com.ar\/principal\/wp-content\/uploads\/2019\/01\/30-senasa-150x75.jpg 150w, https:\/\/www.hoymercedes.com.ar\/principal\/wp-content\/uploads\/2019\/01\/30-senasa-630x316.jpg 630w\" sizes=\"auto, (max-width: 750px) 100vw, 750px\" \/><\/figure>\n\n\n\n<p>El estr\u00e9s cal\u00f3rico en la vaca lechera\nse produce en condiciones de calor excesivo, humedad relativa ambiente elevada\ny radiaci\u00f3n solar intensa, y trae aparejados diversos problemas sanitarios y\nuna disminuci\u00f3n del rendimiento productivo.<\/p>\n\n\n\n<p>De este modo, el Senasa aconseja tomar\nlas siguientes medidas preventivas para minimizar los efectos del calor: <\/p>\n\n\n\n<p>-Crear sombras estrat\u00e9gicamente ubicadas\nen el corral de espera preorde\u00f1e y los comederos.<\/p>\n\n\n\n<p>-Posibilitar una ventilaci\u00f3n adecuada\nen la sala de orde\u00f1e.<\/p>\n\n\n\n<p>-Tener agua en cantidad y calidad\nsuficiente, contenida en bebederos con capacidad de satisfacer los\nrequerimientos despu\u00e9s de cada orde\u00f1e (80 a 100 litros de agua por d\u00eda en vacas\nde alta producci\u00f3n).<\/p>\n\n\n\n<p>-Darle al animal una dieta que cubra\nlos requerimientos nutricionales, pero con una baja actividad fermentativa, a\nfin de reducir el calor producido en la digesti\u00f3n.<\/p>\n\n\n\n<p>Recuerde que una adecuada adaptaci\u00f3n\nde las instalaciones, que proteja a los rodeos lecheros del calor excesivo, se\ntraduce en una mejor calidad de vida y un mayor rendimiento productivo.<\/p>\n\n\n\n<p>Debe considerarse que la temperatura\nde bienestar para la vaca lechera, con un valor de humedad relativa ambiente\ndel 60%, oscila entre los 7 y los 28 \u00b0C. Si los valores de temperatura y\nhumedad superan su l\u00edmite de confort la vaca tiene dificultad para disipar el\ncalor corporal.<\/p>\n\n\n\n<p>En este caso, los signos del estr\u00e9s\ncal\u00f3rico pueden ser jadeo, salivaci\u00f3n excesiva, aumento de frecuencia respiratoria,\nhipertermia (temperatura mayor a 38,5\u00b0C), menor consumo de alimentos,\nresistencia a desplazarse, problemas digestivos, inmunodepresi\u00f3n y en terneros\nde crianza artificial tambi\u00e9n trastornos respiratorios y\/o digestivos.<\/p>\n\n\n\n<p>Cuando el estr\u00e9s cal\u00f3rico se prolonga\nen el tiempo se puede observar adem\u00e1s una disminuci\u00f3n de los valores de\nproducci\u00f3n de hasta un 20% y problemas reproductivos tales como bajas tasas de\npre\u00f1ez, mortalidad embrionaria y menor fertilidad en las vacas. <\/p>\n","protected":false},"excerpt":{"rendered":"<p>El Servicio Nacional de Sanidad y Calidad Agroalimentaria (Senasa) se\u00f1ala algunas recomendaciones a los productores tamberos, a fin de prevenir &#8230; <a title=\"Senasa recomienda medidas para prevenir los efectos del estr\u00e9s cal\u00f3rico\" class=\"read-more\" href=\"https:\/\/www.hoymercedes.com.ar\/principal\/2019\/01\/30\/senasa-recomienda-medidas-para-prevenir-los-efectos-del-estres-calorico\/\" aria-label=\"Leer m\u00e1s sobre Senasa recomienda medidas para prevenir los efectos del estr\u00e9s cal\u00f3rico\">Leer m\u00e1s<\/a><\/p>\n","protected":false},"author":1,"featured_media":87541,"comment_status":"closed","ping_status":"open","sticky":false,"template":"","format":"standard","meta":{"_monsterinsights_skip_tracking":false,"_monsterinsights_sitenote_active":false,"_monsterinsights_sitenote_note":"","_monsterinsights_sitenote_category":0,"jetpack_post_was_ever_published":false,"_jetpack_newsletter_access":"","_jetpack_dont_email_post_to_subs":false,"_jetpack_newsletter_tier_id":0,"_jetpack_memberships_contains_paywalled_content":false,"_jetpack_memberships_contains_paid_content":false,"footnotes":"","jetpack_publicize_message":"","jetpack_publicize_feature_enabled":true,"jetpack_social_post_already_shared":true,"jetpack_social_options":{"image_generator_settings":{"template":"highway","default_image_id":0,"font":"","enabled":false},"version":2},"_wpas_customize_per_network":false},"categories":[8],"tags":[56,14447,8450],"class_list":["post-87540","post","type-post","status-publish","format-standard","has-post-thumbnail","hentry","category-sociedad","tag-campo","tag-ganaderia","tag-senasa","generate-columns","tablet-grid-50","mobile-grid-100","grid-parent","grid-50"],"jetpack_publicize_connections":[],"jetpack_featured_media_url":"https:\/\/www.hoymercedes.com.ar\/principal\/wp-content\/uploads\/2019\/01\/30-senasa.jpg","wps_subtitle":"Sanidad en los tambos","jetpack_sharing_enabled":true,"_links":{"self":[{"href":"https:\/\/www.hoymercedes.com.ar\/principal\/wp-json\/wp\/v2\/posts\/87540","targetHints":{"allow":["GET"]}}],"collection":[{"href":"https:\/\/www.hoymercedes.com.ar\/principal\/wp-json\/wp\/v2\/posts"}],"about":[{"href":"https:\/\/www.hoymercedes.com.ar\/principal\/wp-json\/wp\/v2\/types\/post"}],"author":[{"embeddable":true,"href":"https:\/\/www.hoymercedes.com.ar\/principal\/wp-json\/wp\/v2\/users\/1"}],"replies":[{"embeddable":true,"href":"https:\/\/www.hoymercedes.com.ar\/principal\/wp-json\/wp\/v2\/comments?post=87540"}],"version-history":[{"count":0,"href":"https:\/\/www.hoymercedes.com.ar\/principal\/wp-json\/wp\/v2\/posts\/87540\/revisions"}],"wp:featuredmedia":[{"embeddable":true,"href":"https:\/\/www.hoymercedes.com.ar\/principal\/wp-json\/wp\/v2\/media\/87541"}],"wp:attachment":[{"href":"https:\/\/www.hoymercedes.com.ar\/principal\/wp-json\/wp\/v2\/media?parent=87540"}],"wp:term":[{"taxonomy":"category","embeddable":true,"href":"https:\/\/www.hoymercedes.com.ar\/principal\/wp-json\/wp\/v2\/categories?post=87540"},{"taxonomy":"post_tag","embeddable":true,"href":"https:\/\/www.hoymercedes.com.ar\/principal\/wp-json\/wp\/v2\/tags?post=87540"}],"curies":[{"name":"wp","href":"https:\/\/api.w.org\/{rel}","templated":true}]}}