{"id":87547,"date":"2019-01-31T13:09:02","date_gmt":"2019-01-31T16:09:02","guid":{"rendered":"http:\/\/www.hoymercedes.com.ar\/principal\/?p=87547"},"modified":"2019-01-31T16:15:47","modified_gmt":"2019-01-31T19:15:47","slug":"vuelve-el-mercado-sustentable-a-la-trocha","status":"publish","type":"post","link":"https:\/\/www.hoymercedes.com.ar\/principal\/2019\/01\/31\/vuelve-el-mercado-sustentable-a-la-trocha\/","title":{"rendered":"Vuelve el mercado sustentable a La Trocha"},"content":{"rendered":"\n<p>Este s\u00e1bado 2 de febrero, a partir de las 10 de la ma\u00f1ana y hasta las tres de la tarde estar\u00e1 abierto el Mercado Sustentable en el Complejo La Trocha. En este evento organizado por distintas \u00e1reas municipales, los productores locales ponen a la venta sus productos \u2013 agroecol\u00f3gicos u org\u00e1nicos &#8211; sin  mediadores.<\/p>\n\n\n\n<figure class=\"wp-block-image\"><img loading=\"lazy\" decoding=\"async\" width=\"750\" height=\"499\" data-attachment-id=\"87548\" data-permalink=\"https:\/\/www.hoymercedes.com.ar\/principal\/2019\/01\/31\/vuelve-el-mercado-sustentable-a-la-trocha\/31-mercado-susten\/#main\" data-orig-file=\"https:\/\/www.hoymercedes.com.ar\/principal\/wp-content\/uploads\/2019\/01\/31-mercado-susten.jpg\" data-orig-size=\"750,499\" data-comments-opened=\"0\" data-image-meta=\"{&quot;aperture&quot;:&quot;3.8&quot;,&quot;credit&quot;:&quot;&quot;,&quot;camera&quot;:&quot;NIKON D3200&quot;,&quot;caption&quot;:&quot;????????????????????????????????????&quot;,&quot;created_timestamp&quot;:&quot;1543665610&quot;,&quot;copyright&quot;:&quot;&quot;,&quot;focal_length&quot;:&quot;23&quot;,&quot;iso&quot;:&quot;500&quot;,&quot;shutter_speed&quot;:&quot;0.016666666666667&quot;,&quot;title&quot;:&quot;&quot;,&quot;orientation&quot;:&quot;1&quot;}\" data-image-title=\"31 mercado susten\" data-image-description=\"\" data-image-caption=\"\" data-large-file=\"https:\/\/www.hoymercedes.com.ar\/principal\/wp-content\/uploads\/2019\/01\/31-mercado-susten.jpg\" src=\"https:\/\/www.hoymercedes.com.ar\/principal\/wp-content\/uploads\/2019\/01\/31-mercado-susten.jpg\" alt=\"\" class=\"wp-image-87548\" srcset=\"https:\/\/www.hoymercedes.com.ar\/principal\/wp-content\/uploads\/2019\/01\/31-mercado-susten.jpg 750w, https:\/\/www.hoymercedes.com.ar\/principal\/wp-content\/uploads\/2019\/01\/31-mercado-susten-150x100.jpg 150w, https:\/\/www.hoymercedes.com.ar\/principal\/wp-content\/uploads\/2019\/01\/31-mercado-susten-630x419.jpg 630w, https:\/\/www.hoymercedes.com.ar\/principal\/wp-content\/uploads\/2019\/01\/31-mercado-susten-720x480.jpg 720w, https:\/\/www.hoymercedes.com.ar\/principal\/wp-content\/uploads\/2019\/01\/31-mercado-susten-360x240.jpg 360w\" sizes=\"auto, (max-width: 750px) 100vw, 750px\" \/><figcaption>\n<\/figcaption><\/figure>\n\n\n\n<p>En nombre de la Direcci\u00f3n de Producci\u00f3n Municipal que dirige Marcelo Den\u00e1pole, Mario Alday explic\u00f3 que la propuesta se hace de manera conjunta con Desarrollo Social y cont\u00f3 que en las experiencias anteriores son muchas las personas que se acercan al mercado desde temprano para comprar los productos vegetales frescos. <\/p>\n\n\n\n<p>Pero adem\u00e1s, el espacio se acondiciona con muebles realizados con materiales reciclados impulsando un espacio sustentable. Alday inform\u00f3 \u201cexiste una lista de espera de productores que quieren exponer y llevar sus productos, por ese motivo, vamos a arrancar con un sistema de rotaci\u00f3n para que todos puedan participar\u201d y subray\u00f3 \u201ccreo que este mercado vino para quedarse\u201d.<\/p>\n\n\n\n<p><\/p>\n","protected":false},"excerpt":{"rendered":"<p>Este s\u00e1bado 2 de febrero, a partir de las 10 de la ma\u00f1ana y hasta las tres de la tarde &#8230; <a title=\"Vuelve el mercado sustentable a La Trocha\" class=\"read-more\" href=\"https:\/\/www.hoymercedes.com.ar\/principal\/2019\/01\/31\/vuelve-el-mercado-sustentable-a-la-trocha\/\" aria-label=\"Leer m\u00e1s sobre Vuelve el mercado sustentable a La Trocha\">Leer m\u00e1s<\/a><\/p>\n","protected":false},"author":1,"featured_media":87548,"comment_status":"closed","ping_status":"open","sticky":false,"template":"","format":"standard","meta":{"_monsterinsights_skip_tracking":false,"_monsterinsights_sitenote_active":false,"_monsterinsights_sitenote_note":"","_monsterinsights_sitenote_category":0,"jetpack_post_was_ever_published":false,"_jetpack_newsletter_access":"","_jetpack_dont_email_post_to_subs":false,"_jetpack_newsletter_tier_id":0,"_jetpack_memberships_contains_paywalled_content":false,"_jetpack_memberships_contains_paid_content":false,"footnotes":"","jetpack_publicize_message":"","jetpack_publicize_feature_enabled":true,"jetpack_social_post_already_shared":true,"jetpack_social_options":{"image_generator_settings":{"template":"highway","default_image_id":0,"font":"","enabled":false},"version":2},"_wpas_customize_per_network":false},"categories":[30],"tags":[3959,14054,244],"class_list":["post-87547","post","type-post","status-publish","format-standard","has-post-thumbnail","hentry","category-municipio","tag-la-trocha","tag-mercado-sustentable","tag-municipio-2","generate-columns","tablet-grid-50","mobile-grid-100","grid-parent","grid-50"],"jetpack_publicize_connections":[],"jetpack_featured_media_url":"https:\/\/www.hoymercedes.com.ar\/principal\/wp-content\/uploads\/2019\/01\/31-mercado-susten.jpg","wps_subtitle":"Este s\u00e1bado 2 de febrero","jetpack_sharing_enabled":true,"_links":{"self":[{"href":"https:\/\/www.hoymercedes.com.ar\/principal\/wp-json\/wp\/v2\/posts\/87547","targetHints":{"allow":["GET"]}}],"collection":[{"href":"https:\/\/www.hoymercedes.com.ar\/principal\/wp-json\/wp\/v2\/posts"}],"about":[{"href":"https:\/\/www.hoymercedes.com.ar\/principal\/wp-json\/wp\/v2\/types\/post"}],"author":[{"embeddable":true,"href":"https:\/\/www.hoymercedes.com.ar\/principal\/wp-json\/wp\/v2\/users\/1"}],"replies":[{"embeddable":true,"href":"https:\/\/www.hoymercedes.com.ar\/principal\/wp-json\/wp\/v2\/comments?post=87547"}],"version-history":[{"count":0,"href":"https:\/\/www.hoymercedes.com.ar\/principal\/wp-json\/wp\/v2\/posts\/87547\/revisions"}],"wp:featuredmedia":[{"embeddable":true,"href":"https:\/\/www.hoymercedes.com.ar\/principal\/wp-json\/wp\/v2\/media\/87548"}],"wp:attachment":[{"href":"https:\/\/www.hoymercedes.com.ar\/principal\/wp-json\/wp\/v2\/media?parent=87547"}],"wp:term":[{"taxonomy":"category","embeddable":true,"href":"https:\/\/www.hoymercedes.com.ar\/principal\/wp-json\/wp\/v2\/categories?post=87547"},{"taxonomy":"post_tag","embeddable":true,"href":"https:\/\/www.hoymercedes.com.ar\/principal\/wp-json\/wp\/v2\/tags?post=87547"}],"curies":[{"name":"wp","href":"https:\/\/api.w.org\/{rel}","templated":true}]}}