{"id":87552,"date":"2019-01-31T16:25:07","date_gmt":"2019-01-31T19:25:07","guid":{"rendered":"http:\/\/www.hoymercedes.com.ar\/principal\/?p=87552"},"modified":"2019-01-31T16:25:11","modified_gmt":"2019-01-31T19:25:11","slug":"asamblea-de-mujeres-inicia-organizacion-del-8m","status":"publish","type":"post","link":"https:\/\/www.hoymercedes.com.ar\/principal\/2019\/01\/31\/asamblea-de-mujeres-inicia-organizacion-del-8m\/","title":{"rendered":"Asamblea de Mujeres inicia organizaci\u00f3n del 8M"},"content":{"rendered":"\n<p>29 femicidios en enero es una cifra que espanta a la sociedad. Por eso la Asamblea de Mujeres de Mercedes contin\u00faa con las reuniones de este 2019 con el objetivo de organizar eventos y campa\u00f1as que profundicen la lucha y en vista de los actos por el pr\u00f3ximo D\u00eda de la Mujer, el 8 de marzo. <\/p>\n\n\n\n<p>Es as\u00ed que desde la AMM DyF extienden la invitaci\u00f3n a todas las organizaciones sociales, sindicales, partidos pol\u00edticos y aut\u00f3nomas a organizar el 8M <\/p>\n\n\n\n<p>\u00abSon tiempos donde es necesario profundizar la lucha, en lo que va del a\u00f1o se perpetraron 29 femicidios.  La provincia de Buenos Aires  destina 11 pesos por d\u00eda en pol\u00edticas de violencia de g\u00e9nero. La crisis econ\u00f3mica y los recortes por parte del Estado contin\u00faan. No son tiempos para quedarse en casa. Hoy m\u00e1s que nunca: \u00a1Vivas, Libres y Desendeudadas nos queremos!\u00bb, afirman. <\/p>\n\n\n\n<p>Es as\u00ed que invitan para el pr\u00f3ximo viernes 1 de febrero, 19 horas, en la Casa del Pueblo, calle 35 entre 22 y 24.<\/p>\n\n\n\n<figure class=\"wp-block-image\"><img loading=\"lazy\" decoding=\"async\" width=\"683\" height=\"1024\" data-attachment-id=\"87553\" data-permalink=\"https:\/\/www.hoymercedes.com.ar\/principal\/2019\/01\/31\/asamblea-de-mujeres-inicia-organizacion-del-8m\/31-amm-asamblea\/#main\" data-orig-file=\"https:\/\/www.hoymercedes.com.ar\/principal\/wp-content\/uploads\/2019\/01\/31-AMM-asamblea.jpg\" data-orig-size=\"735,1102\" data-comments-opened=\"0\" data-image-meta=\"{&quot;aperture&quot;:&quot;0&quot;,&quot;credit&quot;:&quot;&quot;,&quot;camera&quot;:&quot;&quot;,&quot;caption&quot;:&quot;&quot;,&quot;created_timestamp&quot;:&quot;0&quot;,&quot;copyright&quot;:&quot;&quot;,&quot;focal_length&quot;:&quot;0&quot;,&quot;iso&quot;:&quot;0&quot;,&quot;shutter_speed&quot;:&quot;0&quot;,&quot;title&quot;:&quot;&quot;,&quot;orientation&quot;:&quot;0&quot;}\" data-image-title=\"31 AMM asamblea\" data-image-description=\"\" data-image-caption=\"\" data-large-file=\"https:\/\/www.hoymercedes.com.ar\/principal\/wp-content\/uploads\/2019\/01\/31-AMM-asamblea-683x1024.jpg\" src=\"https:\/\/www.hoymercedes.com.ar\/principal\/wp-content\/uploads\/2019\/01\/31-AMM-asamblea-683x1024.jpg\" alt=\"\" class=\"wp-image-87553\" srcset=\"https:\/\/www.hoymercedes.com.ar\/principal\/wp-content\/uploads\/2019\/01\/31-AMM-asamblea-683x1024.jpg 683w, https:\/\/www.hoymercedes.com.ar\/principal\/wp-content\/uploads\/2019\/01\/31-AMM-asamblea-100x150.jpg 100w, https:\/\/www.hoymercedes.com.ar\/principal\/wp-content\/uploads\/2019\/01\/31-AMM-asamblea-414x620.jpg 414w, https:\/\/www.hoymercedes.com.ar\/principal\/wp-content\/uploads\/2019\/01\/31-AMM-asamblea.jpg 735w\" sizes=\"auto, (max-width: 683px) 100vw, 683px\" \/><\/figure>\n","protected":false},"excerpt":{"rendered":"<p>29 femicidios en enero es una cifra que espanta a la sociedad. Por eso la Asamblea de Mujeres de Mercedes &#8230; <a title=\"Asamblea de Mujeres inicia organizaci\u00f3n del 8M\" class=\"read-more\" href=\"https:\/\/www.hoymercedes.com.ar\/principal\/2019\/01\/31\/asamblea-de-mujeres-inicia-organizacion-del-8m\/\" aria-label=\"Leer m\u00e1s sobre Asamblea de Mujeres inicia organizaci\u00f3n del 8M\">Leer m\u00e1s<\/a><\/p>\n","protected":false},"author":1,"featured_media":87553,"comment_status":"closed","ping_status":"open","sticky":false,"template":"","format":"standard","meta":{"_monsterinsights_skip_tracking":false,"_monsterinsights_sitenote_active":false,"_monsterinsights_sitenote_note":"","_monsterinsights_sitenote_category":0,"jetpack_post_was_ever_published":false,"_jetpack_newsletter_access":"","_jetpack_dont_email_post_to_subs":false,"_jetpack_newsletter_tier_id":0,"_jetpack_memberships_contains_paywalled_content":false,"_jetpack_memberships_contains_paid_content":false,"footnotes":"","jetpack_publicize_message":"","jetpack_publicize_feature_enabled":true,"jetpack_social_post_already_shared":true,"jetpack_social_options":{"image_generator_settings":{"template":"highway","default_image_id":0,"font":"","enabled":false},"version":2},"_wpas_customize_per_network":false},"categories":[8],"tags":[12661,12563],"class_list":["post-87552","post","type-post","status-publish","format-standard","has-post-thumbnail","hentry","category-sociedad","tag-8m","tag-asamblea-de-mujeres","generate-columns","tablet-grid-50","mobile-grid-100","grid-parent","grid-50"],"jetpack_publicize_connections":[],"jetpack_featured_media_url":"https:\/\/www.hoymercedes.com.ar\/principal\/wp-content\/uploads\/2019\/01\/31-AMM-asamblea.jpg","wps_subtitle":"29 femicidios en enero","jetpack_sharing_enabled":true,"_links":{"self":[{"href":"https:\/\/www.hoymercedes.com.ar\/principal\/wp-json\/wp\/v2\/posts\/87552","targetHints":{"allow":["GET"]}}],"collection":[{"href":"https:\/\/www.hoymercedes.com.ar\/principal\/wp-json\/wp\/v2\/posts"}],"about":[{"href":"https:\/\/www.hoymercedes.com.ar\/principal\/wp-json\/wp\/v2\/types\/post"}],"author":[{"embeddable":true,"href":"https:\/\/www.hoymercedes.com.ar\/principal\/wp-json\/wp\/v2\/users\/1"}],"replies":[{"embeddable":true,"href":"https:\/\/www.hoymercedes.com.ar\/principal\/wp-json\/wp\/v2\/comments?post=87552"}],"version-history":[{"count":0,"href":"https:\/\/www.hoymercedes.com.ar\/principal\/wp-json\/wp\/v2\/posts\/87552\/revisions"}],"wp:featuredmedia":[{"embeddable":true,"href":"https:\/\/www.hoymercedes.com.ar\/principal\/wp-json\/wp\/v2\/media\/87553"}],"wp:attachment":[{"href":"https:\/\/www.hoymercedes.com.ar\/principal\/wp-json\/wp\/v2\/media?parent=87552"}],"wp:term":[{"taxonomy":"category","embeddable":true,"href":"https:\/\/www.hoymercedes.com.ar\/principal\/wp-json\/wp\/v2\/categories?post=87552"},{"taxonomy":"post_tag","embeddable":true,"href":"https:\/\/www.hoymercedes.com.ar\/principal\/wp-json\/wp\/v2\/tags?post=87552"}],"curies":[{"name":"wp","href":"https:\/\/api.w.org\/{rel}","templated":true}]}}