{"id":8756,"date":"2011-10-30T17:14:14","date_gmt":"2011-10-30T17:14:14","guid":{"rendered":"http:\/\/www.hoymercedes.com.ar\/principal\/?p=8756"},"modified":"2011-10-30T17:14:14","modified_gmt":"2011-10-30T17:14:14","slug":"elecciones-%c2%bfy-ahora","status":"publish","type":"post","link":"https:\/\/www.hoymercedes.com.ar\/principal\/2011\/10\/30\/elecciones-%c2%bfy-ahora\/","title":{"rendered":"Elecciones: \u00bfY ahora?"},"content":{"rendered":"<p><span style=\"color: #003366;\"><strong>Por J.C<\/strong><\/span><\/p>\n<p>Carlos Selva comienza su tercer mandato con el mayor caudal de votos que nunca antes tuvo. Tal situaci\u00f3n se da gracias a varias cuestiones.<\/p>\n<p>Por un lado un aumento del padr\u00f3n. Por otro los adeptos que su propia gesti\u00f3n le sum\u00f3. Por \u00faltimo, el factor desencanto con el Frente que le arrim\u00f3 otro pu\u00f1ado.<\/p>\n<p>El Frente Mercedino hizo una elecci\u00f3n impactante. En tan s\u00f3lo meses logr\u00f3 lo que nadie antes: ponerlo contra las cuerdas a Selva y con el conteo, pero, no imagin\u00f3 se levantar\u00eda y reanudar\u00eda la batalla hasta ganar por puntos en el \u00faltimo round.<\/p>\n<p>El Frente es la segunda fuerza pol\u00edtica de la ciudad. Tendr\u00e1 cuatro bancas en el Concejo y una adhesi\u00f3n de urna m\u00e1s que importante. El Selvismo la gesti\u00f3n y cuatro a\u00f1os de gobierno.<\/p>\n<p>Ah\u00ed quedar\u00e1 Mercedes. Entre ellos disputar\u00e1n cada espacio de poder que aparezca<\/p>\n<p>Es necesario seguir de cerca como se desarrollan las relaciones entre ambos espacios: tensiones, di\u00e1logos, trabajos en com\u00fan, etc. De ah\u00ed podr\u00edan venir muchos beneficios para Mercedes si saben estar a la altura de las circunstancias. Ser\u00e1 dif\u00edcil, pero, necesario.<\/p>\n<p>A nuestra pregunta, \u00bfY ahora? nos cabe una respuesta: ver qu\u00e9 sucede cuando se normalice el estado de convulsi\u00f3n existente en diversos espacios y esperar las fuerzas mayoritarias logren un trabajo conjunto para beneficio de la sociedad.<\/p>\n<p>&nbsp;<\/p>\n","protected":false},"excerpt":{"rendered":"<p>Por J.C Carlos Selva comienza su tercer mandato con el mayor caudal de votos que nunca antes tuvo. Tal situaci\u00f3n &#8230; <a title=\"Elecciones: \u00bfY ahora?\" class=\"read-more\" href=\"https:\/\/www.hoymercedes.com.ar\/principal\/2011\/10\/30\/elecciones-%c2%bfy-ahora\/\" aria-label=\"Leer m\u00e1s sobre Elecciones: \u00bfY ahora?\">Leer m\u00e1s<\/a><\/p>\n","protected":false},"author":1,"featured_media":0,"comment_status":"open","ping_status":"open","sticky":false,"template":"","format":"standard","meta":{"_monsterinsights_skip_tracking":false,"_monsterinsights_sitenote_active":false,"_monsterinsights_sitenote_note":"","_monsterinsights_sitenote_category":0,"jetpack_post_was_ever_published":false,"_jetpack_newsletter_access":"","_jetpack_dont_email_post_to_subs":false,"_jetpack_newsletter_tier_id":0,"_jetpack_memberships_contains_paywalled_content":false,"_jetpack_memberships_contains_paid_content":false,"footnotes":"","jetpack_publicize_message":"","jetpack_publicize_feature_enabled":true,"jetpack_social_post_already_shared":false,"jetpack_social_options":{"image_generator_settings":{"template":"highway","default_image_id":0,"font":"","enabled":false},"version":2},"_wpas_customize_per_network":false},"categories":[1],"tags":[],"class_list":["post-8756","post","type-post","status-publish","format-standard","hentry","category-opinion","generate-columns","tablet-grid-50","mobile-grid-100","grid-parent","grid-50"],"jetpack_publicize_connections":[],"jetpack_featured_media_url":"","wps_subtitle":"","jetpack_sharing_enabled":true,"_links":{"self":[{"href":"https:\/\/www.hoymercedes.com.ar\/principal\/wp-json\/wp\/v2\/posts\/8756","targetHints":{"allow":["GET"]}}],"collection":[{"href":"https:\/\/www.hoymercedes.com.ar\/principal\/wp-json\/wp\/v2\/posts"}],"about":[{"href":"https:\/\/www.hoymercedes.com.ar\/principal\/wp-json\/wp\/v2\/types\/post"}],"author":[{"embeddable":true,"href":"https:\/\/www.hoymercedes.com.ar\/principal\/wp-json\/wp\/v2\/users\/1"}],"replies":[{"embeddable":true,"href":"https:\/\/www.hoymercedes.com.ar\/principal\/wp-json\/wp\/v2\/comments?post=8756"}],"version-history":[{"count":0,"href":"https:\/\/www.hoymercedes.com.ar\/principal\/wp-json\/wp\/v2\/posts\/8756\/revisions"}],"wp:attachment":[{"href":"https:\/\/www.hoymercedes.com.ar\/principal\/wp-json\/wp\/v2\/media?parent=8756"}],"wp:term":[{"taxonomy":"category","embeddable":true,"href":"https:\/\/www.hoymercedes.com.ar\/principal\/wp-json\/wp\/v2\/categories?post=8756"},{"taxonomy":"post_tag","embeddable":true,"href":"https:\/\/www.hoymercedes.com.ar\/principal\/wp-json\/wp\/v2\/tags?post=8756"}],"curies":[{"name":"wp","href":"https:\/\/api.w.org\/{rel}","templated":true}]}}