{"id":87578,"date":"2019-02-01T19:27:44","date_gmt":"2019-02-01T22:27:44","guid":{"rendered":"http:\/\/www.hoymercedes.com.ar\/principal\/?p=87578"},"modified":"2019-02-02T11:51:31","modified_gmt":"2019-02-02T14:51:31","slug":"la-defensoria-denuncio-que-las-nuevas-concesiones-viales-perjudicaran-a-los-bonaerenses","status":"publish","type":"post","link":"https:\/\/www.hoymercedes.com.ar\/principal\/2019\/02\/01\/la-defensoria-denuncio-que-las-nuevas-concesiones-viales-perjudicaran-a-los-bonaerenses\/","title":{"rendered":"La Defensor\u00eda denunci\u00f3 que las nuevas concesiones viales perjudicar\u00e1n a los bonaerenses"},"content":{"rendered":"\n<p>Por los contratos de Participaci\u00f3n P\u00fablico Privado (PPP), ahora deber\u00e1n ser los municipios y no las empresas los encargados de los servicios de primeros auxilios sanitarios y de extinci\u00f3n de incendios en caso de producirse accidentes.<br><\/p>\n\n\n\n<p>La Defensor\u00eda del Pueblo bonaerense denunci\u00f3 que los cambios que introdujeron los nuevos contratos de Participaci\u00f3n P\u00fablico Privado (PPP) en las concesiones de los corredores viales tendr\u00e1n un impacto negativo en los bonaerenses, ya que las empresas dejar\u00e1n de hacerse cargo de los servicios de primeros auxilios sanitarios y de extinci\u00f3n de incendios en estas rutas nacionales que atraviesan la Provincia.<\/p>\n\n\n\n<p>La nueva disposici\u00f3n determin\u00f3 que, en caso de un siniestro en la ruta, ser\u00e1n los municipios en los que se produzca el hecho los que deban hacerse cargo de los servicios de emergencias que antes le correspond\u00eda a las empresas, lo que tendr\u00e1 un claro impacto en las finanzas comunales.<\/p>\n\n\n\n<p>\u201cLos municipios deber\u00e1n enfrentar estos gastos, por lo que estamos ante una transferencia indirecta a los bonaerenses. Muestra la decisi\u00f3n del gobierno nacional de no proteger a la gente y s\u00ed garantizarle los negocios a las empresas\u201d, sostuvo el Defensor del Pueblo, Guido Lorenzino.<\/p>\n\n\n\n<p>Esta medida alcanzar\u00e1 a los corredores viales A (rutas nacionales 3 y 226); B (RN 5); C (RN 7); E (rutas nacionales 193 y 9); 2 (RN 188); 8 (RN 8); 18 (RN 12); y Sur (rutas nacionales 3 y 205).<\/p>\n\n\n\n<p>Ante este escenario, la Defensor\u00eda envi\u00f3 notas a todos los municipios afectados y expres\u00f3 su preocupaci\u00f3n por el efecto que tendr\u00e1 en la calidad de prestaci\u00f3n de los servicios de salud y bomberos ante eventuales accidentes, adem\u00e1s del costo que demandar\u00e1 estas prestaciones.<\/p>\n\n\n\n<p>\u201cPareciera que la \u00fanica pol\u00edtica del gobierno es ir en contra de los usuarios, por lo que analizamos presentarnos ante la Justicia para que se revea esta situaci\u00f3n que golpea a los municipios y afecta a los ciudadanos\u201d, puntualiz\u00f3 Lorenzino.<br><\/p>\n","protected":false},"excerpt":{"rendered":"<p>Por los contratos de Participaci\u00f3n P\u00fablico Privado (PPP), ahora deber\u00e1n ser los municipios y no las empresas los encargados de &#8230; <a title=\"La Defensor\u00eda denunci\u00f3 que las nuevas concesiones viales perjudicar\u00e1n a los bonaerenses\" class=\"read-more\" href=\"https:\/\/www.hoymercedes.com.ar\/principal\/2019\/02\/01\/la-defensoria-denuncio-que-las-nuevas-concesiones-viales-perjudicaran-a-los-bonaerenses\/\" aria-label=\"Leer m\u00e1s sobre La Defensor\u00eda denunci\u00f3 que las nuevas concesiones viales perjudicar\u00e1n a los bonaerenses\">Leer m\u00e1s<\/a><\/p>\n","protected":false},"author":1,"featured_media":0,"comment_status":"closed","ping_status":"open","sticky":false,"template":"","format":"standard","meta":{"_monsterinsights_skip_tracking":false,"_monsterinsights_sitenote_active":false,"_monsterinsights_sitenote_note":"","_monsterinsights_sitenote_category":0,"jetpack_post_was_ever_published":false,"_jetpack_newsletter_access":"","_jetpack_dont_email_post_to_subs":false,"_jetpack_newsletter_tier_id":0,"_jetpack_memberships_contains_paywalled_content":false,"_jetpack_memberships_contains_paid_content":false,"footnotes":"","jetpack_publicize_message":"","jetpack_publicize_feature_enabled":true,"jetpack_social_post_already_shared":true,"jetpack_social_options":{"image_generator_settings":{"template":"highway","default_image_id":0,"font":"","enabled":false},"version":2},"_wpas_customize_per_network":false},"categories":[8],"tags":[14460,1803,14461],"class_list":["post-87578","post","type-post","status-publish","format-standard","hentry","category-sociedad","tag-defensoria-bronaerense","tag-provincia","tag-rutas-nacionales","generate-columns","tablet-grid-50","mobile-grid-100","grid-parent","grid-50"],"jetpack_publicize_connections":[],"jetpack_featured_media_url":"","wps_subtitle":"Autov\u00eda 5","jetpack_sharing_enabled":true,"_links":{"self":[{"href":"https:\/\/www.hoymercedes.com.ar\/principal\/wp-json\/wp\/v2\/posts\/87578","targetHints":{"allow":["GET"]}}],"collection":[{"href":"https:\/\/www.hoymercedes.com.ar\/principal\/wp-json\/wp\/v2\/posts"}],"about":[{"href":"https:\/\/www.hoymercedes.com.ar\/principal\/wp-json\/wp\/v2\/types\/post"}],"author":[{"embeddable":true,"href":"https:\/\/www.hoymercedes.com.ar\/principal\/wp-json\/wp\/v2\/users\/1"}],"replies":[{"embeddable":true,"href":"https:\/\/www.hoymercedes.com.ar\/principal\/wp-json\/wp\/v2\/comments?post=87578"}],"version-history":[{"count":0,"href":"https:\/\/www.hoymercedes.com.ar\/principal\/wp-json\/wp\/v2\/posts\/87578\/revisions"}],"wp:attachment":[{"href":"https:\/\/www.hoymercedes.com.ar\/principal\/wp-json\/wp\/v2\/media?parent=87578"}],"wp:term":[{"taxonomy":"category","embeddable":true,"href":"https:\/\/www.hoymercedes.com.ar\/principal\/wp-json\/wp\/v2\/categories?post=87578"},{"taxonomy":"post_tag","embeddable":true,"href":"https:\/\/www.hoymercedes.com.ar\/principal\/wp-json\/wp\/v2\/tags?post=87578"}],"curies":[{"name":"wp","href":"https:\/\/api.w.org\/{rel}","templated":true}]}}