{"id":87580,"date":"2019-01-31T20:20:54","date_gmt":"2019-01-31T23:20:54","guid":{"rendered":"http:\/\/www.hoymercedes.com.ar\/principal\/?p=87580"},"modified":"2019-01-31T20:20:55","modified_gmt":"2019-01-31T23:20:55","slug":"los-pericos-y-km-81-son-los-que-lideraron-las-tablas-en-el-maxi-35-y-se-vienen-los-cuartos-de-final","status":"publish","type":"post","link":"https:\/\/www.hoymercedes.com.ar\/principal\/2019\/01\/31\/los-pericos-y-km-81-son-los-que-lideraron-las-tablas-en-el-maxi-35-y-se-vienen-los-cuartos-de-final\/","title":{"rendered":"Los Pericos y KM 81 son los que lideraron las tablas en el Maxi 35 y se vienen los cuartos de final"},"content":{"rendered":"\n<p>Culminada la zona de grupos del torneo de F\u00fatbol Maxi 35 que organiz\u00f3 la Direcci\u00f3n de Deportes de la Municipalidad de Mercedes, se jug\u00f3 la \u00faltima fecha y quedaron armados los cruces de cuartos de final del certamen, donde los equipos mejor ubicados tendr\u00e1n ventaja deportiva en caso de empate. La pr\u00f3xima instancia se jugar\u00e1 el lunes 4 y mi\u00e9rcoles 6.<\/p>\n\n\n\n<figure class=\"wp-block-image\"><img loading=\"lazy\" decoding=\"async\" width=\"1024\" height=\"768\" data-attachment-id=\"87581\" data-permalink=\"https:\/\/www.hoymercedes.com.ar\/principal\/2019\/01\/31\/los-pericos-y-km-81-son-los-que-lideraron-las-tablas-en-el-maxi-35-y-se-vienen-los-cuartos-de-final\/whatsapp-image-2019-01-15-at-00-13-24-2\/#main\" data-orig-file=\"https:\/\/www.hoymercedes.com.ar\/principal\/wp-content\/uploads\/2019\/01\/WhatsApp-Image-2019-01-15-at-00.13.24-2.jpeg\" data-orig-size=\"1032,774\" data-comments-opened=\"0\" data-image-meta=\"{&quot;aperture&quot;:&quot;0&quot;,&quot;credit&quot;:&quot;&quot;,&quot;camera&quot;:&quot;&quot;,&quot;caption&quot;:&quot;&quot;,&quot;created_timestamp&quot;:&quot;0&quot;,&quot;copyright&quot;:&quot;&quot;,&quot;focal_length&quot;:&quot;0&quot;,&quot;iso&quot;:&quot;0&quot;,&quot;shutter_speed&quot;:&quot;0&quot;,&quot;title&quot;:&quot;&quot;,&quot;orientation&quot;:&quot;0&quot;}\" data-image-title=\"WhatsApp Image 2019-01-15 at 00.13.24\" data-image-description=\"\" data-image-caption=\"\" data-large-file=\"https:\/\/www.hoymercedes.com.ar\/principal\/wp-content\/uploads\/2019\/01\/WhatsApp-Image-2019-01-15-at-00.13.24-2-1024x768.jpeg\" src=\"https:\/\/www.hoymercedes.com.ar\/principal\/wp-content\/uploads\/2019\/01\/WhatsApp-Image-2019-01-15-at-00.13.24-2-1024x768.jpeg\" alt=\"\" class=\"wp-image-87581\" srcset=\"https:\/\/www.hoymercedes.com.ar\/principal\/wp-content\/uploads\/2019\/01\/WhatsApp-Image-2019-01-15-at-00.13.24-2-1024x768.jpeg 1024w, https:\/\/www.hoymercedes.com.ar\/principal\/wp-content\/uploads\/2019\/01\/WhatsApp-Image-2019-01-15-at-00.13.24-2-150x113.jpeg 150w, https:\/\/www.hoymercedes.com.ar\/principal\/wp-content\/uploads\/2019\/01\/WhatsApp-Image-2019-01-15-at-00.13.24-2-630x473.jpeg 630w, https:\/\/www.hoymercedes.com.ar\/principal\/wp-content\/uploads\/2019\/01\/WhatsApp-Image-2019-01-15-at-00.13.24-2-320x240.jpeg 320w, https:\/\/www.hoymercedes.com.ar\/principal\/wp-content\/uploads\/2019\/01\/WhatsApp-Image-2019-01-15-at-00.13.24-2-100x75.jpeg 100w, https:\/\/www.hoymercedes.com.ar\/principal\/wp-content\/uploads\/2019\/01\/WhatsApp-Image-2019-01-15-at-00.13.24-2.jpeg 1032w\" sizes=\"auto, (max-width: 1024px) 100vw, 1024px\" \/><figcaption>Los Pericos<\/figcaption><\/figure>\n\n\n\n<p>Por su parte, las semis ser\u00e1n el lunes 11, quedando la final y el tercer puesto para el mi\u00e9rcoles 13 de febrero. <\/p>\n\n\n\n<p><strong>Zona A<\/strong><br>Los Pericos 2: Juan Vitetta y Daniel Ortiz.<br>F 533 4: Lucas Ver\u00f3n.<\/p>\n\n\n\n<p>Flandria Negro 3: Flavio De Rossi, Erik Ber\u00f3n y Jos\u00e9 Quevedo.<br>El Marchetti 3: Pablo Garay 2 y Alejandro Videla.<\/p>\n\n\n\n<p>Defensores I 0.<br>Oriente Sushi 3: Eduardo Testi, Fernando Higueras y Mart\u00edn Ramos.<\/p>\n\n\n\n<p><strong>Zona B<\/strong><br>Defensores II 0.<br>KM 81 Olivera 4: David Avila, Gabriel Mu\u00f1oz 2 y Gonzalo Del\u00eda.<\/p>\n\n\n\n<p>Flandria Amarillo 2: Daniel Lescano y Fernando Rodr\u00edguez.<br>Los Mismos de Siempre 2: Hern\u00e1n Barletta y Roberto Scanabello.<\/p>\n\n\n\n<p>Defensores Seniors 1: Claudio Aguirre.<br>Holanda 2: Guillermo Musante y Sebasti\u00e1n Romero.<\/p>\n\n\n\n<figure class=\"wp-block-image\"><img loading=\"lazy\" decoding=\"async\" width=\"462\" height=\"365\" data-attachment-id=\"87582\" data-permalink=\"https:\/\/www.hoymercedes.com.ar\/principal\/2019\/01\/31\/los-pericos-y-km-81-son-los-que-lideraron-las-tablas-en-el-maxi-35-y-se-vienen-los-cuartos-de-final\/pos-2\/#main\" data-orig-file=\"https:\/\/www.hoymercedes.com.ar\/principal\/wp-content\/uploads\/2019\/01\/Pos.png\" data-orig-size=\"462,365\" data-comments-opened=\"0\" data-image-meta=\"{&quot;aperture&quot;:&quot;0&quot;,&quot;credit&quot;:&quot;&quot;,&quot;camera&quot;:&quot;&quot;,&quot;caption&quot;:&quot;&quot;,&quot;created_timestamp&quot;:&quot;0&quot;,&quot;copyright&quot;:&quot;&quot;,&quot;focal_length&quot;:&quot;0&quot;,&quot;iso&quot;:&quot;0&quot;,&quot;shutter_speed&quot;:&quot;0&quot;,&quot;title&quot;:&quot;&quot;,&quot;orientation&quot;:&quot;0&quot;}\" data-image-title=\"Pos\" data-image-description=\"\" data-image-caption=\"\" data-large-file=\"https:\/\/www.hoymercedes.com.ar\/principal\/wp-content\/uploads\/2019\/01\/Pos.png\" src=\"https:\/\/www.hoymercedes.com.ar\/principal\/wp-content\/uploads\/2019\/01\/Pos.png\" alt=\"\" class=\"wp-image-87582\" srcset=\"https:\/\/www.hoymercedes.com.ar\/principal\/wp-content\/uploads\/2019\/01\/Pos.png 462w, https:\/\/www.hoymercedes.com.ar\/principal\/wp-content\/uploads\/2019\/01\/Pos-150x119.png 150w\" sizes=\"auto, (max-width: 462px) 100vw, 462px\" \/><\/figure>\n\n\n\n<p><strong>Cuartos de final<\/strong><br>Los Pericos vs. Flandria Amarillo.<br>Holanda vs. El Marchetti.<br>KM 81 vs. Flandria Negro.<br>F553 vs. Los Mismos de Siempre. <\/p>\n\n\n\n<figure class=\"wp-block-image\"><img loading=\"lazy\" decoding=\"async\" width=\"345\" height=\"424\" data-attachment-id=\"87583\" data-permalink=\"https:\/\/www.hoymercedes.com.ar\/principal\/2019\/01\/31\/los-pericos-y-km-81-son-los-que-lideraron-las-tablas-en-el-maxi-35-y-se-vienen-los-cuartos-de-final\/gol-2\/#main\" data-orig-file=\"https:\/\/www.hoymercedes.com.ar\/principal\/wp-content\/uploads\/2019\/01\/gol.png\" data-orig-size=\"345,424\" data-comments-opened=\"0\" data-image-meta=\"{&quot;aperture&quot;:&quot;0&quot;,&quot;credit&quot;:&quot;&quot;,&quot;camera&quot;:&quot;&quot;,&quot;caption&quot;:&quot;&quot;,&quot;created_timestamp&quot;:&quot;0&quot;,&quot;copyright&quot;:&quot;&quot;,&quot;focal_length&quot;:&quot;0&quot;,&quot;iso&quot;:&quot;0&quot;,&quot;shutter_speed&quot;:&quot;0&quot;,&quot;title&quot;:&quot;&quot;,&quot;orientation&quot;:&quot;0&quot;}\" data-image-title=\"gol\" data-image-description=\"\" data-image-caption=\"\" data-large-file=\"https:\/\/www.hoymercedes.com.ar\/principal\/wp-content\/uploads\/2019\/01\/gol.png\" src=\"https:\/\/www.hoymercedes.com.ar\/principal\/wp-content\/uploads\/2019\/01\/gol.png\" alt=\"\" class=\"wp-image-87583\" srcset=\"https:\/\/www.hoymercedes.com.ar\/principal\/wp-content\/uploads\/2019\/01\/gol.png 345w, https:\/\/www.hoymercedes.com.ar\/principal\/wp-content\/uploads\/2019\/01\/gol-122x150.png 122w\" sizes=\"auto, (max-width: 345px) 100vw, 345px\" \/><\/figure>\n","protected":false},"excerpt":{"rendered":"<p>Culminada la zona de grupos del torneo de F\u00fatbol Maxi 35 que organiz\u00f3 la Direcci\u00f3n de Deportes de la Municipalidad &#8230; <a title=\"Los Pericos y KM 81 son los que lideraron las tablas en el Maxi 35 y se vienen los cuartos de final\" class=\"read-more\" href=\"https:\/\/www.hoymercedes.com.ar\/principal\/2019\/01\/31\/los-pericos-y-km-81-son-los-que-lideraron-las-tablas-en-el-maxi-35-y-se-vienen-los-cuartos-de-final\/\" aria-label=\"Leer m\u00e1s sobre Los Pericos y KM 81 son los que lideraron las tablas en el Maxi 35 y se vienen los cuartos de final\">Leer m\u00e1s<\/a><\/p>\n","protected":false},"author":1,"featured_media":87581,"comment_status":"closed","ping_status":"open","sticky":false,"template":"","format":"standard","meta":{"_monsterinsights_skip_tracking":false,"_monsterinsights_sitenote_active":false,"_monsterinsights_sitenote_note":"","_monsterinsights_sitenote_category":0,"jetpack_post_was_ever_published":false,"_jetpack_newsletter_access":"","_jetpack_dont_email_post_to_subs":false,"_jetpack_newsletter_tier_id":0,"_jetpack_memberships_contains_paywalled_content":false,"_jetpack_memberships_contains_paid_content":false,"footnotes":"","jetpack_publicize_message":"","jetpack_publicize_feature_enabled":true,"jetpack_social_post_already_shared":true,"jetpack_social_options":{"image_generator_settings":{"template":"highway","default_image_id":0,"font":"","enabled":false},"version":2},"_wpas_customize_per_network":false},"categories":[21],"tags":[14454],"class_list":["post-87580","post","type-post","status-publish","format-standard","has-post-thumbnail","hentry","category-deportes","tag-futbol-maxi-35","generate-columns","tablet-grid-50","mobile-grid-100","grid-parent","grid-50"],"jetpack_publicize_connections":[],"jetpack_featured_media_url":"https:\/\/www.hoymercedes.com.ar\/principal\/wp-content\/uploads\/2019\/01\/WhatsApp-Image-2019-01-15-at-00.13.24-2.jpeg","wps_subtitle":"Direcci\u00f3n de Deportes","jetpack_sharing_enabled":true,"_links":{"self":[{"href":"https:\/\/www.hoymercedes.com.ar\/principal\/wp-json\/wp\/v2\/posts\/87580","targetHints":{"allow":["GET"]}}],"collection":[{"href":"https:\/\/www.hoymercedes.com.ar\/principal\/wp-json\/wp\/v2\/posts"}],"about":[{"href":"https:\/\/www.hoymercedes.com.ar\/principal\/wp-json\/wp\/v2\/types\/post"}],"author":[{"embeddable":true,"href":"https:\/\/www.hoymercedes.com.ar\/principal\/wp-json\/wp\/v2\/users\/1"}],"replies":[{"embeddable":true,"href":"https:\/\/www.hoymercedes.com.ar\/principal\/wp-json\/wp\/v2\/comments?post=87580"}],"version-history":[{"count":0,"href":"https:\/\/www.hoymercedes.com.ar\/principal\/wp-json\/wp\/v2\/posts\/87580\/revisions"}],"wp:featuredmedia":[{"embeddable":true,"href":"https:\/\/www.hoymercedes.com.ar\/principal\/wp-json\/wp\/v2\/media\/87581"}],"wp:attachment":[{"href":"https:\/\/www.hoymercedes.com.ar\/principal\/wp-json\/wp\/v2\/media?parent=87580"}],"wp:term":[{"taxonomy":"category","embeddable":true,"href":"https:\/\/www.hoymercedes.com.ar\/principal\/wp-json\/wp\/v2\/categories?post=87580"},{"taxonomy":"post_tag","embeddable":true,"href":"https:\/\/www.hoymercedes.com.ar\/principal\/wp-json\/wp\/v2\/tags?post=87580"}],"curies":[{"name":"wp","href":"https:\/\/api.w.org\/{rel}","templated":true}]}}