{"id":87591,"date":"2019-02-01T07:52:00","date_gmt":"2019-02-01T10:52:00","guid":{"rendered":"http:\/\/www.hoymercedes.com.ar\/principal\/?p=87591"},"modified":"2019-01-31T21:09:14","modified_gmt":"2019-02-01T00:09:14","slug":"terna-de-lujan-para-trocha-y-de-lobos-para-el-fronton","status":"publish","type":"post","link":"https:\/\/www.hoymercedes.com.ar\/principal\/2019\/02\/01\/terna-de-lujan-para-trocha-y-de-lobos-para-el-fronton\/","title":{"rendered":"Terna de Luj\u00e1n para Trocha y de Lobos para El Front\u00f3n"},"content":{"rendered":"\n<p>La segunda fecha del torneo Regional Amateur se jugar\u00e1 este domingo cuando en cancha de San Andr\u00e9s de Giles y de la Liga Mercedina, El Front\u00f3n y Trocha busquen sumar por primera vez en el torneo, luego de haber comenzado con derrota en la primera fecha.<\/p>\n\n\n\n<p>Por el lado de Bragado Club, ser\u00e1 el debut en este torneo y Club Mercedes ser\u00e1 el que quede libre. Desde las 18 se podr\u00e1n seguir ambos encuentros a trav\u00e9s de FM La Tribuna 103.5.<\/p>\n\n\n\n<p><strong>Domingo 3<\/strong><br><strong>Cancha:<\/strong>&nbsp;\u201cTito\u201d Crosetti.<br>A las 17.30 El Front\u00f3n vs. Sportsman.<br><strong>Arbitro:<\/strong>&nbsp;Ferreira Martin (Lobos).<br><strong>Asistentes:<\/strong>&nbsp;S\u00e1nchez Tomas y Holze Sergio (Lobos).<\/p>\n\n\n\n<p><strong>Cancha:<\/strong>\u00a0Liga Mercedina.<br>A las 18.15 Trocha vs. Bragado.<br><strong>Arbitro:<\/strong>\u00a0S\u00e1nchez Juan (Luj\u00e1n).<br><strong>Asistentes:<\/strong>\u00a0Nardelli Martin y Vera Mariano (Luj\u00e1n).<\/p>\n\n\n\n<figure class=\"wp-block-image\"><img loading=\"lazy\" decoding=\"async\" width=\"528\" height=\"151\" data-attachment-id=\"87592\" data-permalink=\"https:\/\/www.hoymercedes.com.ar\/principal\/2019\/02\/01\/terna-de-lujan-para-trocha-y-de-lobos-para-el-fronton\/merce-trocha\/#main\" data-orig-file=\"https:\/\/www.hoymercedes.com.ar\/principal\/wp-content\/uploads\/2019\/01\/MERCE-TROCHA.png\" data-orig-size=\"528,151\" data-comments-opened=\"0\" data-image-meta=\"{&quot;aperture&quot;:&quot;0&quot;,&quot;credit&quot;:&quot;&quot;,&quot;camera&quot;:&quot;&quot;,&quot;caption&quot;:&quot;&quot;,&quot;created_timestamp&quot;:&quot;0&quot;,&quot;copyright&quot;:&quot;&quot;,&quot;focal_length&quot;:&quot;0&quot;,&quot;iso&quot;:&quot;0&quot;,&quot;shutter_speed&quot;:&quot;0&quot;,&quot;title&quot;:&quot;&quot;,&quot;orientation&quot;:&quot;0&quot;}\" data-image-title=\"MERCE TROCHA\" data-image-description=\"\" data-image-caption=\"\" data-large-file=\"https:\/\/www.hoymercedes.com.ar\/principal\/wp-content\/uploads\/2019\/01\/MERCE-TROCHA.png\" src=\"https:\/\/www.hoymercedes.com.ar\/principal\/wp-content\/uploads\/2019\/01\/MERCE-TROCHA.png\" alt=\"\" class=\"wp-image-87592\" srcset=\"https:\/\/www.hoymercedes.com.ar\/principal\/wp-content\/uploads\/2019\/01\/MERCE-TROCHA.png 528w, https:\/\/www.hoymercedes.com.ar\/principal\/wp-content\/uploads\/2019\/01\/MERCE-TROCHA-150x43.png 150w\" sizes=\"auto, (max-width: 528px) 100vw, 528px\" \/><\/figure>\n","protected":false},"excerpt":{"rendered":"<p>La segunda fecha del torneo Regional Amateur se jugar\u00e1 este domingo cuando en cancha de San Andr\u00e9s de Giles y &#8230; <a title=\"Terna de Luj\u00e1n para Trocha y de Lobos para El Front\u00f3n\" class=\"read-more\" href=\"https:\/\/www.hoymercedes.com.ar\/principal\/2019\/02\/01\/terna-de-lujan-para-trocha-y-de-lobos-para-el-fronton\/\" aria-label=\"Leer m\u00e1s sobre Terna de Luj\u00e1n para Trocha y de Lobos para El Front\u00f3n\">Leer m\u00e1s<\/a><\/p>\n","protected":false},"author":1,"featured_media":87592,"comment_status":"closed","ping_status":"open","sticky":false,"template":"","format":"standard","meta":{"_monsterinsights_skip_tracking":false,"_monsterinsights_sitenote_active":false,"_monsterinsights_sitenote_note":"","_monsterinsights_sitenote_category":0,"jetpack_post_was_ever_published":false,"_jetpack_newsletter_access":"","_jetpack_dont_email_post_to_subs":false,"_jetpack_newsletter_tier_id":0,"_jetpack_memberships_contains_paywalled_content":false,"_jetpack_memberships_contains_paid_content":false,"footnotes":"","jetpack_publicize_message":"","jetpack_publicize_feature_enabled":true,"jetpack_social_post_already_shared":true,"jetpack_social_options":{"image_generator_settings":{"template":"highway","default_image_id":0,"font":"","enabled":false},"version":2},"_wpas_customize_per_network":false},"categories":[21],"tags":[1003,1379],"class_list":["post-87591","post","type-post","status-publish","format-standard","has-post-thumbnail","hentry","category-deportes","tag-futbol","tag-trocha","generate-columns","tablet-grid-50","mobile-grid-100","grid-parent","grid-50"],"jetpack_publicize_connections":[],"jetpack_featured_media_url":"https:\/\/www.hoymercedes.com.ar\/principal\/wp-content\/uploads\/2019\/01\/MERCE-TROCHA.png","wps_subtitle":"Regional Amateur","jetpack_sharing_enabled":true,"_links":{"self":[{"href":"https:\/\/www.hoymercedes.com.ar\/principal\/wp-json\/wp\/v2\/posts\/87591","targetHints":{"allow":["GET"]}}],"collection":[{"href":"https:\/\/www.hoymercedes.com.ar\/principal\/wp-json\/wp\/v2\/posts"}],"about":[{"href":"https:\/\/www.hoymercedes.com.ar\/principal\/wp-json\/wp\/v2\/types\/post"}],"author":[{"embeddable":true,"href":"https:\/\/www.hoymercedes.com.ar\/principal\/wp-json\/wp\/v2\/users\/1"}],"replies":[{"embeddable":true,"href":"https:\/\/www.hoymercedes.com.ar\/principal\/wp-json\/wp\/v2\/comments?post=87591"}],"version-history":[{"count":0,"href":"https:\/\/www.hoymercedes.com.ar\/principal\/wp-json\/wp\/v2\/posts\/87591\/revisions"}],"wp:featuredmedia":[{"embeddable":true,"href":"https:\/\/www.hoymercedes.com.ar\/principal\/wp-json\/wp\/v2\/media\/87592"}],"wp:attachment":[{"href":"https:\/\/www.hoymercedes.com.ar\/principal\/wp-json\/wp\/v2\/media?parent=87591"}],"wp:term":[{"taxonomy":"category","embeddable":true,"href":"https:\/\/www.hoymercedes.com.ar\/principal\/wp-json\/wp\/v2\/categories?post=87591"},{"taxonomy":"post_tag","embeddable":true,"href":"https:\/\/www.hoymercedes.com.ar\/principal\/wp-json\/wp\/v2\/tags?post=87591"}],"curies":[{"name":"wp","href":"https:\/\/api.w.org\/{rel}","templated":true}]}}