{"id":87602,"date":"2019-02-01T10:00:33","date_gmt":"2019-02-01T13:00:33","guid":{"rendered":"http:\/\/www.hoymercedes.com.ar\/principal\/?p=87602"},"modified":"2019-02-01T09:15:29","modified_gmt":"2019-02-01T12:15:29","slug":"el-cine-mercedes-propone-entrenar-a-tu-dragon","status":"publish","type":"post","link":"https:\/\/www.hoymercedes.com.ar\/principal\/2019\/02\/01\/el-cine-mercedes-propone-entrenar-a-tu-dragon\/","title":{"rendered":"El Cine Mercedes propone entrenar a tu drag\u00f3n"},"content":{"rendered":"\n<p>Desde el 1 de febrero, el Cine Mercedes estrena la pel\u00edcula de animaci\u00f3n \u00abC\u00f3mo entrenar a tu Drag\u00f3n 3\u00bb. Hasta el martes 5 de febrero, las proyecciones son a la hora 20 (3D castellano) y a las 22,15 (2D castellano). <\/p>\n\n\n\n<figure class=\"wp-block-image\"><img loading=\"lazy\" decoding=\"async\" width=\"843\" height=\"474\" data-attachment-id=\"87603\" data-permalink=\"https:\/\/www.hoymercedes.com.ar\/principal\/2019\/02\/01\/el-cine-mercedes-propone-entrenar-a-tu-dragon\/01-cine-dragon\/#main\" data-orig-file=\"https:\/\/www.hoymercedes.com.ar\/principal\/wp-content\/uploads\/2019\/02\/01-cine-dragon.jpg\" data-orig-size=\"843,474\" data-comments-opened=\"0\" data-image-meta=\"{&quot;aperture&quot;:&quot;0&quot;,&quot;credit&quot;:&quot;&quot;,&quot;camera&quot;:&quot;&quot;,&quot;caption&quot;:&quot;&quot;,&quot;created_timestamp&quot;:&quot;0&quot;,&quot;copyright&quot;:&quot;&quot;,&quot;focal_length&quot;:&quot;0&quot;,&quot;iso&quot;:&quot;0&quot;,&quot;shutter_speed&quot;:&quot;0&quot;,&quot;title&quot;:&quot;&quot;,&quot;orientation&quot;:&quot;0&quot;}\" data-image-title=\"01 cine dragon\" data-image-description=\"\" data-image-caption=\"\" data-large-file=\"https:\/\/www.hoymercedes.com.ar\/principal\/wp-content\/uploads\/2019\/02\/01-cine-dragon.jpg\" src=\"https:\/\/www.hoymercedes.com.ar\/principal\/wp-content\/uploads\/2019\/02\/01-cine-dragon.jpg\" alt=\"\" class=\"wp-image-87603\" srcset=\"https:\/\/www.hoymercedes.com.ar\/principal\/wp-content\/uploads\/2019\/02\/01-cine-dragon.jpg 843w, https:\/\/www.hoymercedes.com.ar\/principal\/wp-content\/uploads\/2019\/02\/01-cine-dragon-150x84.jpg 150w, https:\/\/www.hoymercedes.com.ar\/principal\/wp-content\/uploads\/2019\/02\/01-cine-dragon-630x354.jpg 630w\" sizes=\"auto, (max-width: 843px) 100vw, 843px\" \/><\/figure>\n\n\n\n<p>\u00abC\u00f3mo entrenar a tu Drag\u00f3n 3\u00bb (ATP) Funciones 20 hs (3D &#8211; castellano) y  22,15 hs (2D &#8211; castellano). Sinopsis: Lo que comenz\u00f3 como la inesperada amistad entre un joven vikingo y un temible drag\u00f3n Furia Nocturna se ha convertido en una \u00e9pica trilog\u00eda que ha recorrido sus vidas. En esta nueva entrega, Hipo y Desdentao descubrir\u00e1n finalmente su verdadero destino: para uno, gobernar Isla Mema junto a Astrid; para el otro, ser el l\u00edder de su especie. Pero, por el camino, deber\u00e1n poner a prueba los lazos que los unen, plantando cara a la mayor amenaza que jam\u00e1s hayan afrontado&#8230; y a la aparici\u00f3n de una Furia Nocturna hembra. <\/p>\n\n\n\n<p><\/p>\n","protected":false},"excerpt":{"rendered":"<p>Desde el 1 de febrero, el Cine Mercedes estrena la pel\u00edcula de animaci\u00f3n \u00abC\u00f3mo entrenar a tu Drag\u00f3n 3\u00bb. Hasta &#8230; <a title=\"El Cine Mercedes propone entrenar a tu drag\u00f3n\" class=\"read-more\" href=\"https:\/\/www.hoymercedes.com.ar\/principal\/2019\/02\/01\/el-cine-mercedes-propone-entrenar-a-tu-dragon\/\" aria-label=\"Leer m\u00e1s sobre El Cine Mercedes propone entrenar a tu drag\u00f3n\">Leer m\u00e1s<\/a><\/p>\n","protected":false},"author":1,"featured_media":87603,"comment_status":"closed","ping_status":"open","sticky":false,"template":"","format":"standard","meta":{"_monsterinsights_skip_tracking":false,"_monsterinsights_sitenote_active":false,"_monsterinsights_sitenote_note":"","_monsterinsights_sitenote_category":0,"jetpack_post_was_ever_published":false,"_jetpack_newsletter_access":"","_jetpack_dont_email_post_to_subs":false,"_jetpack_newsletter_tier_id":0,"_jetpack_memberships_contains_paywalled_content":false,"_jetpack_memberships_contains_paid_content":false,"footnotes":"","jetpack_publicize_message":"","jetpack_publicize_feature_enabled":true,"jetpack_social_post_already_shared":true,"jetpack_social_options":{"image_generator_settings":{"template":"highway","default_image_id":0,"font":"","enabled":false},"version":2},"_wpas_customize_per_network":false},"categories":[104],"tags":[14458,984,7805,8939],"class_list":["post-87602","post","type-post","status-publish","format-standard","has-post-thumbnail","hentry","category-cultura","tag-carteleria","tag-cine-mercedes","tag-cultura","tag-peliculas","generate-columns","tablet-grid-50","mobile-grid-100","grid-parent","grid-50"],"jetpack_publicize_connections":[],"jetpack_featured_media_url":"https:\/\/www.hoymercedes.com.ar\/principal\/wp-content\/uploads\/2019\/02\/01-cine-dragon.jpg","wps_subtitle":"Carteler\u00eda semanal","jetpack_sharing_enabled":true,"_links":{"self":[{"href":"https:\/\/www.hoymercedes.com.ar\/principal\/wp-json\/wp\/v2\/posts\/87602","targetHints":{"allow":["GET"]}}],"collection":[{"href":"https:\/\/www.hoymercedes.com.ar\/principal\/wp-json\/wp\/v2\/posts"}],"about":[{"href":"https:\/\/www.hoymercedes.com.ar\/principal\/wp-json\/wp\/v2\/types\/post"}],"author":[{"embeddable":true,"href":"https:\/\/www.hoymercedes.com.ar\/principal\/wp-json\/wp\/v2\/users\/1"}],"replies":[{"embeddable":true,"href":"https:\/\/www.hoymercedes.com.ar\/principal\/wp-json\/wp\/v2\/comments?post=87602"}],"version-history":[{"count":0,"href":"https:\/\/www.hoymercedes.com.ar\/principal\/wp-json\/wp\/v2\/posts\/87602\/revisions"}],"wp:featuredmedia":[{"embeddable":true,"href":"https:\/\/www.hoymercedes.com.ar\/principal\/wp-json\/wp\/v2\/media\/87603"}],"wp:attachment":[{"href":"https:\/\/www.hoymercedes.com.ar\/principal\/wp-json\/wp\/v2\/media?parent=87602"}],"wp:term":[{"taxonomy":"category","embeddable":true,"href":"https:\/\/www.hoymercedes.com.ar\/principal\/wp-json\/wp\/v2\/categories?post=87602"},{"taxonomy":"post_tag","embeddable":true,"href":"https:\/\/www.hoymercedes.com.ar\/principal\/wp-json\/wp\/v2\/tags?post=87602"}],"curies":[{"name":"wp","href":"https:\/\/api.w.org\/{rel}","templated":true}]}}