{"id":87634,"date":"2019-02-02T19:12:25","date_gmt":"2019-02-02T22:12:25","guid":{"rendered":"http:\/\/www.hoymercedes.com.ar\/principal\/?p=87634"},"modified":"2019-02-02T18:19:00","modified_gmt":"2019-02-02T21:19:00","slug":"hcd-habra-comision-ampliada-el-13-de-febrero","status":"publish","type":"post","link":"https:\/\/www.hoymercedes.com.ar\/principal\/2019\/02\/02\/hcd-habra-comision-ampliada-el-13-de-febrero\/","title":{"rendered":"HCD: habr\u00e1 Comisi\u00f3n Ampliada el 13 de febrero"},"content":{"rendered":"\n<p><strong><em>Los concejales\ntrabajar\u00e1n con los expedientes iniciados durante enero para acordar una sesi\u00f3n\nextraordinaria la semana siguiente. Asimismo, en marzo pondr\u00e1n en\nfuncionamiento sitio web y redes sociales del HCD para mayor comunicaci\u00f3n con\nlos vecinos. Confirman que arquitectos provinciales visitar\u00e1n el edificio\nmunicipal que es Patrimonio Bonaerense desde 2009. <\/em><\/strong><\/p>\n\n\n\n<hr class=\"wp-block-separator\"\/>\n\n\n\n<p>En la ma\u00f1ana\ndel viernes \u00faltimo, en el Cuerpo Legislativo de Mercedes se desarroll\u00f3 una\nprimera reuni\u00f3n entre la nueva presidenta del HCD Sabrina Vi\u00f1ales y los cuatro\npresidentes de los bloques deliberativos, Santiago Altube (FMpV), Edgard Kilmeatte\n(Cambiemos), Carlos Milhomme (FR) y Ceferino Costa (PJ-Mercedes). El objetivo\nfue acordar los pr\u00f3ximos encuentros con el cuerpo deliberativo en su totalidad\ny \u201cponerse al d\u00eda\u201d con las novedades del Legislativo. <\/p>\n\n\n\n<p>Es as\u00ed que\nse acord\u00f3 una primera comisi\u00f3n ampliada para la ma\u00f1ana del 13 de febrero y una\nfecha tentativa para la semana siguiente para una nueva sesi\u00f3n extraordinaria\nanticipando el inicio del per\u00edodo de sesiones ordinarias que desde este 2019\ncomenzar\u00e1 el 1\u00b0 de marzo, teniendo la primera sesi\u00f3n el 11 de marzo. <\/p>\n\n\n\n<p>\u201cEstuvimos\ncon los cuatro concejales hablando de una serie de expedientes que ingresaron\nen estos d\u00edas, algunos son m\u00e1s urgentes que otros. La idea es que los bloques\npuedan ver los expedientes con anterioridad, as\u00ed el d\u00eda de la comisi\u00f3n no se\nextiende el trabajo\u201d, cont\u00f3 Vi\u00f1ales. <\/p>\n\n\n\n<p>La\npresidenta del HCD adelant\u00f3 que entre los expedientes m\u00e1s urgentes est\u00e1 el\nproyecto para regularizar el juego con agua para los carnavales, un proyecto de\narbolado del Ejecutivo y un pedido de algunas de las paradas de taxis que\nrechazan el aumento autorizado y pedido por otras de las paradas de taxis y\nremises, adem\u00e1s de contestaciones a expedientes iniciados el a\u00f1o pasado y\nproyectos del Departamento Ejecutivo de urgente resoluci\u00f3n. <\/p>\n\n\n\n<p><strong>Legislativo Digital<\/strong><\/p>\n\n\n\n<p>Por otra\nparte, Vi\u00f1ales cont\u00f3 que el HCD Mercedes tendr\u00e1 su propio sitio web con\nperfiles en redes sociales tambi\u00e9n para agilizar la comunicaci\u00f3n con los\nvecinos de la ciudad. \u201cDesde el Ministerio de Modernizaci\u00f3n de Naci\u00f3n ofrecen a\nlos Concejos Deliberantes un HCD Digital. Una sitio web que proporcionan ellos\ndonde los vecinos podr\u00e1n acceder a todas las ordenanzas, las viejas, las nuevas,\nlas vigentes, los proyectos, los trabajos en comisi\u00f3n, los reconocimientos que\nhagamos desde el Legislativo. Los bloques tendr\u00e1n una clave para cargar sus\nproyectos. Estamos en la \u00faltima fase para que nos hagan entrega del dominio.\nCalculamos que para el 1\u00b0 de marzo estar\u00eda disponible\u201d, explic\u00f3 la presidente\ndel HCD Mercedes.<\/p>\n\n\n\n<p>\u201cTambi\u00e9n\ntendremos perfiles institucionales en redes sociales como Facebook, Twitter e\nInstagram que manejar\u00e1 uno de los empleados con la informaci\u00f3n suministrada por\nel \u00e1rea administrativa. As\u00ed los vecinos podr\u00e1n ver qu\u00e9 y c\u00f3mo trabaja el HCD\nMercedes. La idea tambi\u00e9n es tener una biblioteca digital con las sesiones\ngrabadas por los canales de televisi\u00f3n. Todo estar\u00e1 identificado con el sello y\nel membrete del Concejo Deliberante con un logo que representa a los cuatro\nbloques y la presidencia. Es darle transparencia al trabajo legislativo y que\nlos vecinos puedan acceder m\u00e1s f\u00e1cilmente a la informaci\u00f3n\u201d, agreg\u00f3 Vi\u00f1ales. <\/p>\n\n\n\n<p><strong>Arreglos en el HCD<\/strong><\/p>\n\n\n\n<p>Finalmente,\nla presidenta del HCD adelant\u00f3 que por estos d\u00edas llegar\u00e1n al recinto del HCD\nen el primer piso del Palacio Municipal representantes del \u00e1rea de Patrimonio\nde la Provincia para analizar el estado edilicio con el fin de hacer algunas\nremodelaciones que hacen a goteras, filtraciones e instalaci\u00f3n de elevadores\npara facilitar el acceso al piso superior. <\/p>\n\n\n\n<p>\u201cEn el\n2009, el Palacio Municipal y en especial el recinto del HCD, fue declarado\nPatrimonio Cultural e Hist\u00f3rico de la provincia de Buenos Aires. Por eso, cada\nreforma que quiera hacerse tiene que estar autorizada por los Arquitectos e\nIngenieros de esa \u00e1rea. Quer\u00eda conocer en qu\u00e9 estado estaba esta parte del\nedificio por cuestiones de seguridad de los Concejales, los empleados y los\nvecinos que suban a entrevistarse con los bloques\u201d explic\u00f3 Vi\u00f1ales. <\/p>\n\n\n\n<p>\u201cEstos\nprofesionales estar\u00e1n visitando el HCD en los pr\u00f3ximos d\u00edas para hacer un\ninforme. Adem\u00e1s hay que arreglar parte del techo que tenemos filtraciones, algunas\nde las molduras se est\u00e1n desprendiendo, hay proyectos para hacer un elevador &nbsp;y otros detalles que hay que arreglar y es\nprovincia las que no tiene que autorizar por ser Patrimonio\u201d agreg\u00f3 la titular\ndel Concejo Deliberante de Mercedes a la hora de explicar qu\u00e9 reformas son\nnecesarias en el recinto legislativo. <\/p>\n","protected":false},"excerpt":{"rendered":"<p>Los concejales trabajar\u00e1n con los expedientes iniciados durante enero para acordar una sesi\u00f3n extraordinaria la semana siguiente. Asimismo, en marzo &#8230; <a title=\"HCD: habr\u00e1 Comisi\u00f3n Ampliada el 13 de febrero\" class=\"read-more\" href=\"https:\/\/www.hoymercedes.com.ar\/principal\/2019\/02\/02\/hcd-habra-comision-ampliada-el-13-de-febrero\/\" aria-label=\"Leer m\u00e1s sobre HCD: habr\u00e1 Comisi\u00f3n Ampliada el 13 de febrero\">Leer m\u00e1s<\/a><\/p>\n","protected":false},"author":1,"featured_media":87635,"comment_status":"closed","ping_status":"open","sticky":false,"template":"","format":"standard","meta":{"_monsterinsights_skip_tracking":false,"_monsterinsights_sitenote_active":false,"_monsterinsights_sitenote_note":"","_monsterinsights_sitenote_category":0,"jetpack_post_was_ever_published":false,"_jetpack_newsletter_access":"","_jetpack_dont_email_post_to_subs":false,"_jetpack_newsletter_tier_id":0,"_jetpack_memberships_contains_paywalled_content":false,"_jetpack_memberships_contains_paid_content":false,"footnotes":"","jetpack_publicize_message":"","jetpack_publicize_feature_enabled":true,"jetpack_social_post_already_shared":true,"jetpack_social_options":{"image_generator_settings":{"template":"highway","default_image_id":0,"font":"","enabled":false},"version":2},"_wpas_customize_per_network":false},"categories":[5],"tags":[10567,8993,831,5319],"class_list":["post-87634","post","type-post","status-publish","format-standard","has-post-thumbnail","hentry","category-politica","tag-comision-ampliada","tag-concejales","tag-hcd-mercedes","tag-politica-2","generate-columns","tablet-grid-50","mobile-grid-100","grid-parent","grid-50"],"jetpack_publicize_connections":[],"jetpack_featured_media_url":"https:\/\/www.hoymercedes.com.ar\/principal\/wp-content\/uploads\/2019\/02\/02-Sabrina-Vi\u00f1ales.jpg","wps_subtitle":"A\u00f1o legislativo","jetpack_sharing_enabled":true,"_links":{"self":[{"href":"https:\/\/www.hoymercedes.com.ar\/principal\/wp-json\/wp\/v2\/posts\/87634","targetHints":{"allow":["GET"]}}],"collection":[{"href":"https:\/\/www.hoymercedes.com.ar\/principal\/wp-json\/wp\/v2\/posts"}],"about":[{"href":"https:\/\/www.hoymercedes.com.ar\/principal\/wp-json\/wp\/v2\/types\/post"}],"author":[{"embeddable":true,"href":"https:\/\/www.hoymercedes.com.ar\/principal\/wp-json\/wp\/v2\/users\/1"}],"replies":[{"embeddable":true,"href":"https:\/\/www.hoymercedes.com.ar\/principal\/wp-json\/wp\/v2\/comments?post=87634"}],"version-history":[{"count":0,"href":"https:\/\/www.hoymercedes.com.ar\/principal\/wp-json\/wp\/v2\/posts\/87634\/revisions"}],"wp:featuredmedia":[{"embeddable":true,"href":"https:\/\/www.hoymercedes.com.ar\/principal\/wp-json\/wp\/v2\/media\/87635"}],"wp:attachment":[{"href":"https:\/\/www.hoymercedes.com.ar\/principal\/wp-json\/wp\/v2\/media?parent=87634"}],"wp:term":[{"taxonomy":"category","embeddable":true,"href":"https:\/\/www.hoymercedes.com.ar\/principal\/wp-json\/wp\/v2\/categories?post=87634"},{"taxonomy":"post_tag","embeddable":true,"href":"https:\/\/www.hoymercedes.com.ar\/principal\/wp-json\/wp\/v2\/tags?post=87634"}],"curies":[{"name":"wp","href":"https:\/\/api.w.org\/{rel}","templated":true}]}}