{"id":87648,"date":"2019-02-03T10:21:00","date_gmt":"2019-02-03T13:21:00","guid":{"rendered":"http:\/\/www.hoymercedes.com.ar\/principal\/?p=87648"},"modified":"2019-02-04T08:56:07","modified_gmt":"2019-02-04T11:56:07","slug":"el-calor-aumenta-debido-al-cambio-climatico","status":"publish","type":"post","link":"https:\/\/www.hoymercedes.com.ar\/principal\/2019\/02\/03\/el-calor-aumenta-debido-al-cambio-climatico\/","title":{"rendered":"El calor aumenta debido al cambio clim\u00e1tico"},"content":{"rendered":"\n<p>Por Cristi\u00e1n Frers*\n&#8211; A estas alturas, ya resulta claro que el cambio clim\u00e1tico presenta riesgos\nambientales m\u00e1s all\u00e1 de cualquier cosa que se haya visto en la era moderna. <\/p>\n\n\n\n<p>El clima ejerce una enorme influencia en\nnuestras vidas. Determina la naturaleza de cada lugar y, al final, tambi\u00e9n\ninfluye en la cultura y medios de vida de todas las regiones de nuestro\nplaneta.<\/p>\n\n\n\n<p>No es una novedad que cambie, s\u00ed que lo\nhaga tan r\u00e1pido. Sabemos que el clima es un sistema complejo y cambiante de circulaci\u00f3n\ndel aire de la atm\u00f3sfera en permanente intercambio de energ\u00eda con el mar y la\nsuperficie terrestre, y tambi\u00e9n que en otras \u00e9pocas era muy diferente al\nactual.<\/p>\n\n\n\n<p>Arnold\nSchwarzenegger dijo que Donald Trump, presidente de los Estos Unidos, est\u00e1 cometiendo\nun gran error en pol\u00edtica ambiental, alg\u00fan d\u00eda lamentara su decisi\u00f3n de junio\nde 2017 de sacar al pa\u00eds del Acuerdo de Paris sobre el\ncambio clim\u00e1tico para&nbsp; el 2020.<\/p>\n\n\n\n<p>Cuando\npensamos en el da\u00f1o econ\u00f3mico a causa de un planeta m\u00e1s caliente, es importante\nrecordar que no todos los costos son equivalentes. Hay una gran diferencia\nentre los costos que son altos, pero manejables, comparados con aquellos que\npodr\u00edan conllevar eventos catastr\u00f3ficos como la escasez de alimentos y las\ncrisis de refugiados en masa.<\/p>\n\n\n\n<p>Kiribati\npodr\u00eda ser el primer pa\u00eds en desaparecer como consecuencia del cambio clim\u00e1tico\no al menos la mayor parte de su territorio durante el a\u00f1o 2019, lo que\nafectar\u00eda a una cien mil personas. Este pa\u00eds esta compuestos por islas\ncoralinas oce\u00e1nicas o atolones que cruzan sobre la l\u00ednea del ecuador, lo que\nprovoca que sea propenso a las inundaciones por el aumento del nivel del mar.<\/p>\n\n\n\n<p>Anote\nTong, ex presidente de Kiribati advirti\u00f3 que el \u00fanico futuro para los\nhabitantes es una migraci\u00f3n masiva, si lo que buscan es sobrevivir.<\/p>\n\n\n\n<p>\u00bfC\u00f3mo\nser\u00e1 el clima en el a\u00f1o 2020 en la Argentina? La temperatura aumentar\u00e1 en\npromedio un grado en todo el pa\u00eds. El Noroeste, Salta y Jujuy, ser\u00e1 el de mayor\nimpacto con alzas de hasta 1.6\u00ba; en tanto, el coraz\u00f3n m\u00e1s productivo de la\nprovincia de Buenos Aires registrar\u00e1 un incremento de 0.9\u00ba.<\/p>\n\n\n\n<p>A\nsimple vista, que la marca t\u00e9rmica argentina suba un grado puede parecer\ninsignificante. Pero las consecuencias, en verdad, no lo son como muestra el\npasado reciente. En los \u00faltimos 150 a\u00f1os la temperatura promedio del planeta\naument\u00f3 0.6\u00ba y 0.7\u00ba y los efectos no dejan de repercutir: glaciares en\nretroceso, derriti\u00e9ndose; el mar se calent\u00f3 al menos 0.6\u00ba y las lluvias cayeron\nen \u00e1reas hasta entonces inh\u00f3spitas. Sin ir muy lejos, tranqueras adentro de la\nArgentina, las mayores precipitaciones permitieron que la frontera agr\u00edcola\navance 200 kil\u00f3metros hacia el oeste del pa\u00eds en una franja que va desde La\nPampa hasta Santiago del Estero y que hasta la d\u00e9cada del 60 era considerada\nsemi\u00e1rida.<\/p>\n\n\n\n<p>Esta\nzona que ahora es productiva, no parece tan claro que en las pr\u00f3ximas d\u00e9cadas\nsiga teniendo las condiciones clim\u00e1ticas tan favorables, dado que el incremento\nde la temperatura no estar\u00e1 acompa\u00f1ado por una tendencia sostenida de\nprecipitaciones<\/p>\n\n\n\n<p>Seg\u00fan\nel Servicio Meteorol\u00f3gico Nacional, la temperatura media anual del a\u00f1o 2018 fue\nde 18,6\u00b0, una anomal\u00eda de 0,7\u00b0 por encima del valor medio anual de referencia,\nubicado en 17,9 grados cent\u00edgrados. La marca de 2018 le pisa los talones al\nprimer puesto que obtuvo 2017, que bati\u00f3 el r\u00e9cord con una temperatura media\nanual de 18,7\u00b0C.<\/p>\n\n\n\n<p>A\u00fan\nsi se disminuyera dr\u00e1sticamente las emisiones de di\u00f3xido de carbono y otros\ncontaminantes, no variar\u00edan demasiado estos escenarios clim\u00e1ticos hasta el 2040\nporque las concentraciones de gases perduran largo tiempo en la atm\u00f3sfera y el\najuste t\u00e9rmico es lento. <\/p>\n\n\n\n<p>La\nTierra est\u00e1 sufriendo de fiebre y est\u00e1 no es una buena se\u00f1al. La culpa es de\ntodos. De la sociedad humana, con sus perversiones, su irresponsabilidad, su\ncorrupci\u00f3n, sus intereses, su ego\u00edsmo, su hipocres\u00eda.<\/p>\n\n\n\n<p>Si\nla Tierra est\u00e1 molesta, cada vez m\u00e1s enojada, es por culpa de todos. Cada vez\nle hacemos m\u00e1s da\u00f1o. Y cuando la culpa es de todos, no significa que ella no\nsea de nadie en particular. Es de cada uno, seg\u00fan su grado de responsabilidad.<\/p>\n\n\n\n<p>Todos somos responsables de los cambios que ya hemos\nprovocado en la Tierra, y de los que vendr\u00e1n. Pero en nuestras manos, y sobre\ntodo en las de Trump, est\u00e1 el que las pr\u00f3ximas generaciones reciban, como\nm\u00ednimo, el mismo planeta que las generaciones actuales heredaron de sus padres.<\/p>\n\n\n\n<p>*Cristi\u00e1n Frers \u2013 T\u00e9cnico Superior en Gesti\u00f3n Ambiental\ny T\u00e9cnico Superior en Comunicaci\u00f3n Social (Periodista).<\/p>\n","protected":false},"excerpt":{"rendered":"<p>Por Cristi\u00e1n Frers* &#8211; A estas alturas, ya resulta claro que el cambio clim\u00e1tico presenta riesgos ambientales m\u00e1s all\u00e1 de &#8230; <a title=\"El calor aumenta debido al cambio clim\u00e1tico\" class=\"read-more\" href=\"https:\/\/www.hoymercedes.com.ar\/principal\/2019\/02\/03\/el-calor-aumenta-debido-al-cambio-climatico\/\" aria-label=\"Leer m\u00e1s sobre El calor aumenta debido al cambio clim\u00e1tico\">Leer m\u00e1s<\/a><\/p>\n","protected":false},"author":1,"featured_media":79611,"comment_status":"closed","ping_status":"open","sticky":false,"template":"","format":"standard","meta":{"_monsterinsights_skip_tracking":false,"_monsterinsights_sitenote_active":false,"_monsterinsights_sitenote_note":"","_monsterinsights_sitenote_category":0,"jetpack_post_was_ever_published":false,"_jetpack_newsletter_access":"","_jetpack_dont_email_post_to_subs":false,"_jetpack_newsletter_tier_id":0,"_jetpack_memberships_contains_paywalled_content":false,"_jetpack_memberships_contains_paid_content":false,"footnotes":"","jetpack_publicize_message":"","jetpack_publicize_feature_enabled":true,"jetpack_social_post_already_shared":true,"jetpack_social_options":{"image_generator_settings":{"template":"highway","default_image_id":0,"font":"","enabled":false},"version":2},"_wpas_customize_per_network":false},"categories":[1],"tags":[13876,8748],"class_list":["post-87648","post","type-post","status-publish","format-standard","has-post-thumbnail","hentry","category-opinion","tag-cambio-climatico","tag-opinion","generate-columns","tablet-grid-50","mobile-grid-100","grid-parent","grid-50"],"jetpack_publicize_connections":[],"jetpack_featured_media_url":"https:\/\/www.hoymercedes.com.ar\/principal\/wp-content\/uploads\/2018\/08\/09-cambioclimatico.jpg","wps_subtitle":"Ambiental","jetpack_sharing_enabled":true,"_links":{"self":[{"href":"https:\/\/www.hoymercedes.com.ar\/principal\/wp-json\/wp\/v2\/posts\/87648","targetHints":{"allow":["GET"]}}],"collection":[{"href":"https:\/\/www.hoymercedes.com.ar\/principal\/wp-json\/wp\/v2\/posts"}],"about":[{"href":"https:\/\/www.hoymercedes.com.ar\/principal\/wp-json\/wp\/v2\/types\/post"}],"author":[{"embeddable":true,"href":"https:\/\/www.hoymercedes.com.ar\/principal\/wp-json\/wp\/v2\/users\/1"}],"replies":[{"embeddable":true,"href":"https:\/\/www.hoymercedes.com.ar\/principal\/wp-json\/wp\/v2\/comments?post=87648"}],"version-history":[{"count":0,"href":"https:\/\/www.hoymercedes.com.ar\/principal\/wp-json\/wp\/v2\/posts\/87648\/revisions"}],"wp:featuredmedia":[{"embeddable":true,"href":"https:\/\/www.hoymercedes.com.ar\/principal\/wp-json\/wp\/v2\/media\/79611"}],"wp:attachment":[{"href":"https:\/\/www.hoymercedes.com.ar\/principal\/wp-json\/wp\/v2\/media?parent=87648"}],"wp:term":[{"taxonomy":"category","embeddable":true,"href":"https:\/\/www.hoymercedes.com.ar\/principal\/wp-json\/wp\/v2\/categories?post=87648"},{"taxonomy":"post_tag","embeddable":true,"href":"https:\/\/www.hoymercedes.com.ar\/principal\/wp-json\/wp\/v2\/tags?post=87648"}],"curies":[{"name":"wp","href":"https:\/\/api.w.org\/{rel}","templated":true}]}}