{"id":87655,"date":"2019-02-03T23:38:43","date_gmt":"2019-02-04T02:38:43","guid":{"rendered":"http:\/\/www.hoymercedes.com.ar\/principal\/?p=87655"},"modified":"2019-02-03T23:38:48","modified_gmt":"2019-02-04T02:38:48","slug":"homenajan-a-oscar-poltronieri-en-altamira","status":"publish","type":"post","link":"https:\/\/www.hoymercedes.com.ar\/principal\/2019\/02\/03\/homenajan-a-oscar-poltronieri-en-altamira\/","title":{"rendered":"Homenajan a Oscar Poltronieri en Altamira"},"content":{"rendered":"\n<figure class=\"wp-block-image\"><img loading=\"lazy\" decoding=\"async\" width=\"1024\" height=\"682\" data-attachment-id=\"87656\" data-permalink=\"https:\/\/www.hoymercedes.com.ar\/principal\/2019\/02\/03\/homenajan-a-oscar-poltronieri-en-altamira\/111-aniversario-altamiradsc_0052\/#main\" data-orig-file=\"https:\/\/www.hoymercedes.com.ar\/principal\/wp-content\/uploads\/2019\/02\/111-aniversario-AltamiraDSC_0052.jpg\" data-orig-size=\"1280,853\" data-comments-opened=\"0\" data-image-meta=\"{&quot;aperture&quot;:&quot;11&quot;,&quot;credit&quot;:&quot;&quot;,&quot;camera&quot;:&quot;NIKON D5500&quot;,&quot;caption&quot;:&quot;&quot;,&quot;created_timestamp&quot;:&quot;1549197448&quot;,&quot;copyright&quot;:&quot;&quot;,&quot;focal_length&quot;:&quot;40&quot;,&quot;iso&quot;:&quot;200&quot;,&quot;shutter_speed&quot;:&quot;0.002&quot;,&quot;title&quot;:&quot;&quot;,&quot;orientation&quot;:&quot;0&quot;}\" data-image-title=\"111 aniversario AltamiraDSC_0052\" data-image-description=\"\" data-image-caption=\"\" data-large-file=\"https:\/\/www.hoymercedes.com.ar\/principal\/wp-content\/uploads\/2019\/02\/111-aniversario-AltamiraDSC_0052-1024x682.jpg\" src=\"https:\/\/www.hoymercedes.com.ar\/principal\/wp-content\/uploads\/2019\/02\/111-aniversario-AltamiraDSC_0052-1024x682.jpg\" alt=\"\" class=\"wp-image-87656\" srcset=\"https:\/\/www.hoymercedes.com.ar\/principal\/wp-content\/uploads\/2019\/02\/111-aniversario-AltamiraDSC_0052-1024x682.jpg 1024w, https:\/\/www.hoymercedes.com.ar\/principal\/wp-content\/uploads\/2019\/02\/111-aniversario-AltamiraDSC_0052-150x100.jpg 150w, https:\/\/www.hoymercedes.com.ar\/principal\/wp-content\/uploads\/2019\/02\/111-aniversario-AltamiraDSC_0052-630x420.jpg 630w, https:\/\/www.hoymercedes.com.ar\/principal\/wp-content\/uploads\/2019\/02\/111-aniversario-AltamiraDSC_0052-720x480.jpg 720w, https:\/\/www.hoymercedes.com.ar\/principal\/wp-content\/uploads\/2019\/02\/111-aniversario-AltamiraDSC_0052-360x240.jpg 360w, https:\/\/www.hoymercedes.com.ar\/principal\/wp-content\/uploads\/2019\/02\/111-aniversario-AltamiraDSC_0052.jpg 1280w\" sizes=\"auto, (max-width: 1024px) 100vw, 1024px\" \/><figcaption>Poltronieri junto a Intendente y Secretario de Gobierno<\/figcaption><\/figure>\n\n\n\n<p>En el aniversario de Altamira\ndonde se llevaron a cabo inauguraciones de obras se concret\u00f3 adem\u00e1s un sentido\nhomenaje al soldado Oscar Poltronieri a instancias de la Municipalidad de\nMercedes y la Sociedad de Fomento del pueblo. A la nueva plaza de salud y\ndeportes, la nueva plaza deportiva y al a recuperaci\u00f3n del predio se le impuso\nel nombre del h\u00e9roe de Malvinas.<\/p>\n\n\n\n<p>Oscar Poltronieri por su parte\nafirm\u00f3 que \u201cquiero agradecer a todo el pueblo de Altamira. Hoy, como ustedes saben,\nes mi cumplea\u00f1os y mi deseo es que la bandera que llevo la tenga la gente de\nAltamira y tengan su bandera\u201d, coment\u00f3, porque \u201cnos une\u201d y \u201cgracias a\nGendarmer\u00eda que nos da una mano, a los trabajadores y a todo el pueblo de\nAltamira\u201d.<\/p>\n\n\n\n<figure class=\"wp-block-image\"><img loading=\"lazy\" decoding=\"async\" width=\"1024\" height=\"682\" data-attachment-id=\"87657\" data-permalink=\"https:\/\/www.hoymercedes.com.ar\/principal\/2019\/02\/03\/homenajan-a-oscar-poltronieri-en-altamira\/111-aniversario-altamiradsc_0005\/#main\" data-orig-file=\"https:\/\/www.hoymercedes.com.ar\/principal\/wp-content\/uploads\/2019\/02\/111-aniversario-AltamiraDSC_0005.jpg\" data-orig-size=\"1280,853\" data-comments-opened=\"0\" data-image-meta=\"{&quot;aperture&quot;:&quot;8&quot;,&quot;credit&quot;:&quot;&quot;,&quot;camera&quot;:&quot;NIKON D5500&quot;,&quot;caption&quot;:&quot;&quot;,&quot;created_timestamp&quot;:&quot;1549196611&quot;,&quot;copyright&quot;:&quot;&quot;,&quot;focal_length&quot;:&quot;18&quot;,&quot;iso&quot;:&quot;200&quot;,&quot;shutter_speed&quot;:&quot;0.004&quot;,&quot;title&quot;:&quot;&quot;,&quot;orientation&quot;:&quot;0&quot;}\" data-image-title=\"111 aniversario AltamiraDSC_0005\" data-image-description=\"\" data-image-caption=\"\" data-large-file=\"https:\/\/www.hoymercedes.com.ar\/principal\/wp-content\/uploads\/2019\/02\/111-aniversario-AltamiraDSC_0005-1024x682.jpg\" src=\"https:\/\/www.hoymercedes.com.ar\/principal\/wp-content\/uploads\/2019\/02\/111-aniversario-AltamiraDSC_0005-1024x682.jpg\" alt=\"\" class=\"wp-image-87657\" srcset=\"https:\/\/www.hoymercedes.com.ar\/principal\/wp-content\/uploads\/2019\/02\/111-aniversario-AltamiraDSC_0005-1024x682.jpg 1024w, https:\/\/www.hoymercedes.com.ar\/principal\/wp-content\/uploads\/2019\/02\/111-aniversario-AltamiraDSC_0005-150x100.jpg 150w, https:\/\/www.hoymercedes.com.ar\/principal\/wp-content\/uploads\/2019\/02\/111-aniversario-AltamiraDSC_0005-630x420.jpg 630w, https:\/\/www.hoymercedes.com.ar\/principal\/wp-content\/uploads\/2019\/02\/111-aniversario-AltamiraDSC_0005-720x480.jpg 720w, https:\/\/www.hoymercedes.com.ar\/principal\/wp-content\/uploads\/2019\/02\/111-aniversario-AltamiraDSC_0005-360x240.jpg 360w, https:\/\/www.hoymercedes.com.ar\/principal\/wp-content\/uploads\/2019\/02\/111-aniversario-AltamiraDSC_0005.jpg 1280w\" sizes=\"auto, (max-width: 1024px) 100vw, 1024px\" \/><figcaption>Vecinos, funcionarios y referentes barriales<\/figcaption><\/figure>\n\n\n\n<p>Entre otros conceptos, por su\nparte, el intendente Ustarroz coment\u00f3 que \u201ces un homenaje de Altamira, con una\ncaracter\u00edstica importante y es que son los j\u00f3venes que estudian ac\u00e1 en Altamira\nfueron los que propusieron poner a este predio el nombre de \u2018Poltro\u2019. Esto hace\nde un presente y mejor futuro para nuestra ciudad con ellos\u201d destacando el\ncompromiso que tuvieron a la hora de pensar el predio ahora inaugurado, <\/p>\n\n\n\n<figure class=\"wp-block-image\"><img loading=\"lazy\" decoding=\"async\" width=\"1024\" height=\"682\" data-attachment-id=\"87658\" data-permalink=\"https:\/\/www.hoymercedes.com.ar\/principal\/2019\/02\/03\/homenajan-a-oscar-poltronieri-en-altamira\/111-aniversario-altamiradsc_0032\/#main\" data-orig-file=\"https:\/\/www.hoymercedes.com.ar\/principal\/wp-content\/uploads\/2019\/02\/111-aniversario-AltamiraDSC_0032.jpg\" data-orig-size=\"1280,853\" data-comments-opened=\"0\" data-image-meta=\"{&quot;aperture&quot;:&quot;8&quot;,&quot;credit&quot;:&quot;&quot;,&quot;camera&quot;:&quot;NIKON D5500&quot;,&quot;caption&quot;:&quot;&quot;,&quot;created_timestamp&quot;:&quot;1549197225&quot;,&quot;copyright&quot;:&quot;&quot;,&quot;focal_length&quot;:&quot;27&quot;,&quot;iso&quot;:&quot;200&quot;,&quot;shutter_speed&quot;:&quot;0.004&quot;,&quot;title&quot;:&quot;&quot;,&quot;orientation&quot;:&quot;0&quot;}\" data-image-title=\"111 aniversario AltamiraDSC_0032\" data-image-description=\"\" data-image-caption=\"\" data-large-file=\"https:\/\/www.hoymercedes.com.ar\/principal\/wp-content\/uploads\/2019\/02\/111-aniversario-AltamiraDSC_0032-1024x682.jpg\" src=\"https:\/\/www.hoymercedes.com.ar\/principal\/wp-content\/uploads\/2019\/02\/111-aniversario-AltamiraDSC_0032-1024x682.jpg\" alt=\"\" class=\"wp-image-87658\" srcset=\"https:\/\/www.hoymercedes.com.ar\/principal\/wp-content\/uploads\/2019\/02\/111-aniversario-AltamiraDSC_0032-1024x682.jpg 1024w, https:\/\/www.hoymercedes.com.ar\/principal\/wp-content\/uploads\/2019\/02\/111-aniversario-AltamiraDSC_0032-150x100.jpg 150w, https:\/\/www.hoymercedes.com.ar\/principal\/wp-content\/uploads\/2019\/02\/111-aniversario-AltamiraDSC_0032-630x420.jpg 630w, https:\/\/www.hoymercedes.com.ar\/principal\/wp-content\/uploads\/2019\/02\/111-aniversario-AltamiraDSC_0032-720x480.jpg 720w, https:\/\/www.hoymercedes.com.ar\/principal\/wp-content\/uploads\/2019\/02\/111-aniversario-AltamiraDSC_0032-360x240.jpg 360w, https:\/\/www.hoymercedes.com.ar\/principal\/wp-content\/uploads\/2019\/02\/111-aniversario-AltamiraDSC_0032.jpg 1280w\" sizes=\"auto, (max-width: 1024px) 100vw, 1024px\" \/><figcaption>Estudiantes de las escuelas de Altamira brindaron su apoyo <\/figcaption><\/figure>\n\n\n\n<p>Por su parte el \u201cVasco\u201d Lacoste,\nreferente de Altamira y su Sociedad de Fomento remarc\u00f3 \u201ctodo el trabajo del\npueblo, de los trabajadores que hicieron posible este espacio\u201d y lo importante\nde \u201ccelebrar un aniversario reconociendo y homenajeando a un h\u00e9roe de Malvinas,\ncomo es Poltronieri\u201d adem\u00e1s de agradecer al intendente Ustarroz por el apoyo de\nla gesti\u00f3n a la comunidad que es una \u201cpueblo\u201d que tiene muchos vecinos con\nhistoria y dedicaci\u00f3n. <\/p>\n\n\n\n<figure class=\"wp-block-image\"><img loading=\"lazy\" decoding=\"async\" width=\"1024\" height=\"682\" data-attachment-id=\"87659\" data-permalink=\"https:\/\/www.hoymercedes.com.ar\/principal\/2019\/02\/03\/homenajan-a-oscar-poltronieri-en-altamira\/111-aniversario-altamiradsc_0029\/#main\" data-orig-file=\"https:\/\/www.hoymercedes.com.ar\/principal\/wp-content\/uploads\/2019\/02\/111-aniversario-AltamiraDSC_0029.jpg\" data-orig-size=\"1280,853\" data-comments-opened=\"0\" data-image-meta=\"{&quot;aperture&quot;:&quot;8&quot;,&quot;credit&quot;:&quot;&quot;,&quot;camera&quot;:&quot;NIKON D5500&quot;,&quot;caption&quot;:&quot;&quot;,&quot;created_timestamp&quot;:&quot;1549197054&quot;,&quot;copyright&quot;:&quot;&quot;,&quot;focal_length&quot;:&quot;26&quot;,&quot;iso&quot;:&quot;200&quot;,&quot;shutter_speed&quot;:&quot;0.004&quot;,&quot;title&quot;:&quot;&quot;,&quot;orientation&quot;:&quot;0&quot;}\" data-image-title=\"111 aniversario AltamiraDSC_0029\" data-image-description=\"\" data-image-caption=\"\" data-large-file=\"https:\/\/www.hoymercedes.com.ar\/principal\/wp-content\/uploads\/2019\/02\/111-aniversario-AltamiraDSC_0029-1024x682.jpg\" src=\"https:\/\/www.hoymercedes.com.ar\/principal\/wp-content\/uploads\/2019\/02\/111-aniversario-AltamiraDSC_0029-1024x682.jpg\" alt=\"\" class=\"wp-image-87659\" srcset=\"https:\/\/www.hoymercedes.com.ar\/principal\/wp-content\/uploads\/2019\/02\/111-aniversario-AltamiraDSC_0029-1024x682.jpg 1024w, https:\/\/www.hoymercedes.com.ar\/principal\/wp-content\/uploads\/2019\/02\/111-aniversario-AltamiraDSC_0029-150x100.jpg 150w, https:\/\/www.hoymercedes.com.ar\/principal\/wp-content\/uploads\/2019\/02\/111-aniversario-AltamiraDSC_0029-630x420.jpg 630w, https:\/\/www.hoymercedes.com.ar\/principal\/wp-content\/uploads\/2019\/02\/111-aniversario-AltamiraDSC_0029-720x480.jpg 720w, https:\/\/www.hoymercedes.com.ar\/principal\/wp-content\/uploads\/2019\/02\/111-aniversario-AltamiraDSC_0029-360x240.jpg 360w, https:\/\/www.hoymercedes.com.ar\/principal\/wp-content\/uploads\/2019\/02\/111-aniversario-AltamiraDSC_0029.jpg 1280w\" sizes=\"auto, (max-width: 1024px) 100vw, 1024px\" \/><figcaption>Vasco Lacoste, vecino y referente del lugar<\/figcaption><\/figure>\n\n\n\n<figure class=\"wp-block-image\"><img loading=\"lazy\" decoding=\"async\" width=\"1024\" height=\"682\" data-attachment-id=\"87660\" data-permalink=\"https:\/\/www.hoymercedes.com.ar\/principal\/2019\/02\/03\/homenajan-a-oscar-poltronieri-en-altamira\/111-aniversario-altamiradsc_0044\/#main\" data-orig-file=\"https:\/\/www.hoymercedes.com.ar\/principal\/wp-content\/uploads\/2019\/02\/111-aniversario-AltamiraDSC_0044.jpg\" data-orig-size=\"1280,853\" data-comments-opened=\"0\" data-image-meta=\"{&quot;aperture&quot;:&quot;10&quot;,&quot;credit&quot;:&quot;&quot;,&quot;camera&quot;:&quot;NIKON D5500&quot;,&quot;caption&quot;:&quot;&quot;,&quot;created_timestamp&quot;:&quot;1549197338&quot;,&quot;copyright&quot;:&quot;&quot;,&quot;focal_length&quot;:&quot;18&quot;,&quot;iso&quot;:&quot;400&quot;,&quot;shutter_speed&quot;:&quot;0.003125&quot;,&quot;title&quot;:&quot;&quot;,&quot;orientation&quot;:&quot;0&quot;}\" data-image-title=\"111 aniversario AltamiraDSC_0044\" data-image-description=\"\" data-image-caption=\"\" data-large-file=\"https:\/\/www.hoymercedes.com.ar\/principal\/wp-content\/uploads\/2019\/02\/111-aniversario-AltamiraDSC_0044-1024x682.jpg\" src=\"https:\/\/www.hoymercedes.com.ar\/principal\/wp-content\/uploads\/2019\/02\/111-aniversario-AltamiraDSC_0044-1024x682.jpg\" alt=\"\" class=\"wp-image-87660\" srcset=\"https:\/\/www.hoymercedes.com.ar\/principal\/wp-content\/uploads\/2019\/02\/111-aniversario-AltamiraDSC_0044-1024x682.jpg 1024w, https:\/\/www.hoymercedes.com.ar\/principal\/wp-content\/uploads\/2019\/02\/111-aniversario-AltamiraDSC_0044-150x100.jpg 150w, https:\/\/www.hoymercedes.com.ar\/principal\/wp-content\/uploads\/2019\/02\/111-aniversario-AltamiraDSC_0044-630x420.jpg 630w, https:\/\/www.hoymercedes.com.ar\/principal\/wp-content\/uploads\/2019\/02\/111-aniversario-AltamiraDSC_0044-720x480.jpg 720w, https:\/\/www.hoymercedes.com.ar\/principal\/wp-content\/uploads\/2019\/02\/111-aniversario-AltamiraDSC_0044-360x240.jpg 360w, https:\/\/www.hoymercedes.com.ar\/principal\/wp-content\/uploads\/2019\/02\/111-aniversario-AltamiraDSC_0044.jpg 1280w\" sizes=\"auto, (max-width: 1024px) 100vw, 1024px\" \/><figcaption>Descubrimiento de cartel en el predio que lleva desde ahora su nombre<\/figcaption><\/figure>\n\n\n\n<figure class=\"wp-block-image\"><img loading=\"lazy\" decoding=\"async\" width=\"1024\" height=\"682\" data-attachment-id=\"87661\" data-permalink=\"https:\/\/www.hoymercedes.com.ar\/principal\/2019\/02\/03\/homenajan-a-oscar-poltronieri-en-altamira\/111-aniversario-altamiradsc_0023\/#main\" data-orig-file=\"https:\/\/www.hoymercedes.com.ar\/principal\/wp-content\/uploads\/2019\/02\/111-aniversario-AltamiraDSC_0023.jpg\" data-orig-size=\"1280,853\" data-comments-opened=\"0\" data-image-meta=\"{&quot;aperture&quot;:&quot;9&quot;,&quot;credit&quot;:&quot;&quot;,&quot;camera&quot;:&quot;NIKON D5500&quot;,&quot;caption&quot;:&quot;&quot;,&quot;created_timestamp&quot;:&quot;1549196725&quot;,&quot;copyright&quot;:&quot;&quot;,&quot;focal_length&quot;:&quot;23&quot;,&quot;iso&quot;:&quot;200&quot;,&quot;shutter_speed&quot;:&quot;0.003125&quot;,&quot;title&quot;:&quot;&quot;,&quot;orientation&quot;:&quot;0&quot;}\" data-image-title=\"111 aniversario AltamiraDSC_0023\" data-image-description=\"\" data-image-caption=\"\" data-large-file=\"https:\/\/www.hoymercedes.com.ar\/principal\/wp-content\/uploads\/2019\/02\/111-aniversario-AltamiraDSC_0023-1024x682.jpg\" src=\"https:\/\/www.hoymercedes.com.ar\/principal\/wp-content\/uploads\/2019\/02\/111-aniversario-AltamiraDSC_0023-1024x682.jpg\" alt=\"\" class=\"wp-image-87661\" srcset=\"https:\/\/www.hoymercedes.com.ar\/principal\/wp-content\/uploads\/2019\/02\/111-aniversario-AltamiraDSC_0023-1024x682.jpg 1024w, https:\/\/www.hoymercedes.com.ar\/principal\/wp-content\/uploads\/2019\/02\/111-aniversario-AltamiraDSC_0023-150x100.jpg 150w, https:\/\/www.hoymercedes.com.ar\/principal\/wp-content\/uploads\/2019\/02\/111-aniversario-AltamiraDSC_0023-630x420.jpg 630w, https:\/\/www.hoymercedes.com.ar\/principal\/wp-content\/uploads\/2019\/02\/111-aniversario-AltamiraDSC_0023-720x480.jpg 720w, https:\/\/www.hoymercedes.com.ar\/principal\/wp-content\/uploads\/2019\/02\/111-aniversario-AltamiraDSC_0023-360x240.jpg 360w, https:\/\/www.hoymercedes.com.ar\/principal\/wp-content\/uploads\/2019\/02\/111-aniversario-AltamiraDSC_0023.jpg 1280w\" sizes=\"auto, (max-width: 1024px) 100vw, 1024px\" \/><figcaption>Poltronieri con vecinos<\/figcaption><\/figure>\n\n\n\n<figure class=\"wp-block-image\"><img loading=\"lazy\" decoding=\"async\" width=\"1024\" height=\"682\" data-attachment-id=\"87662\" data-permalink=\"https:\/\/www.hoymercedes.com.ar\/principal\/2019\/02\/03\/homenajan-a-oscar-poltronieri-en-altamira\/111-aniversario-altamiradsc_0082\/#main\" data-orig-file=\"https:\/\/www.hoymercedes.com.ar\/principal\/wp-content\/uploads\/2019\/02\/111-aniversario-AltamiraDSC_0082.jpg\" data-orig-size=\"1280,853\" data-comments-opened=\"0\" data-image-meta=\"{&quot;aperture&quot;:&quot;10&quot;,&quot;credit&quot;:&quot;&quot;,&quot;camera&quot;:&quot;NIKON D5500&quot;,&quot;caption&quot;:&quot;&quot;,&quot;created_timestamp&quot;:&quot;1549197729&quot;,&quot;copyright&quot;:&quot;&quot;,&quot;focal_length&quot;:&quot;18&quot;,&quot;iso&quot;:&quot;200&quot;,&quot;shutter_speed&quot;:&quot;0.0025&quot;,&quot;title&quot;:&quot;&quot;,&quot;orientation&quot;:&quot;0&quot;}\" data-image-title=\"111 aniversario AltamiraDSC_0082\" data-image-description=\"\" data-image-caption=\"\" data-large-file=\"https:\/\/www.hoymercedes.com.ar\/principal\/wp-content\/uploads\/2019\/02\/111-aniversario-AltamiraDSC_0082-1024x682.jpg\" src=\"https:\/\/www.hoymercedes.com.ar\/principal\/wp-content\/uploads\/2019\/02\/111-aniversario-AltamiraDSC_0082-1024x682.jpg\" alt=\"\" class=\"wp-image-87662\" srcset=\"https:\/\/www.hoymercedes.com.ar\/principal\/wp-content\/uploads\/2019\/02\/111-aniversario-AltamiraDSC_0082-1024x682.jpg 1024w, https:\/\/www.hoymercedes.com.ar\/principal\/wp-content\/uploads\/2019\/02\/111-aniversario-AltamiraDSC_0082-150x100.jpg 150w, https:\/\/www.hoymercedes.com.ar\/principal\/wp-content\/uploads\/2019\/02\/111-aniversario-AltamiraDSC_0082-630x420.jpg 630w, https:\/\/www.hoymercedes.com.ar\/principal\/wp-content\/uploads\/2019\/02\/111-aniversario-AltamiraDSC_0082-720x480.jpg 720w, https:\/\/www.hoymercedes.com.ar\/principal\/wp-content\/uploads\/2019\/02\/111-aniversario-AltamiraDSC_0082-360x240.jpg 360w, https:\/\/www.hoymercedes.com.ar\/principal\/wp-content\/uploads\/2019\/02\/111-aniversario-AltamiraDSC_0082.jpg 1280w\" sizes=\"auto, (max-width: 1024px) 100vw, 1024px\" \/><figcaption>Intendente Ustarroz junto a Poltronieri<\/figcaption><\/figure>\n","protected":false},"excerpt":{"rendered":"<p>En el aniversario de Altamira donde se llevaron a cabo inauguraciones de obras se concret\u00f3 adem\u00e1s un sentido homenaje al &#8230; <a title=\"Homenajan a Oscar Poltronieri en Altamira\" class=\"read-more\" href=\"https:\/\/www.hoymercedes.com.ar\/principal\/2019\/02\/03\/homenajan-a-oscar-poltronieri-en-altamira\/\" aria-label=\"Leer m\u00e1s sobre Homenajan a Oscar Poltronieri en Altamira\">Leer m\u00e1s<\/a><\/p>\n","protected":false},"author":1,"featured_media":87656,"comment_status":"closed","ping_status":"open","sticky":false,"template":"","format":"standard","meta":{"_monsterinsights_skip_tracking":false,"_monsterinsights_sitenote_active":false,"_monsterinsights_sitenote_note":"","_monsterinsights_sitenote_category":0,"jetpack_post_was_ever_published":false,"_jetpack_newsletter_access":"","_jetpack_dont_email_post_to_subs":false,"_jetpack_newsletter_tier_id":0,"_jetpack_memberships_contains_paywalled_content":false,"_jetpack_memberships_contains_paid_content":false,"footnotes":"","jetpack_publicize_message":"","jetpack_publicize_feature_enabled":true,"jetpack_social_post_already_shared":true,"jetpack_social_options":{"image_generator_settings":{"template":"highway","default_image_id":0,"font":"","enabled":false},"version":2},"_wpas_customize_per_network":false},"categories":[30],"tags":[585,7140],"class_list":["post-87655","post","type-post","status-publish","format-standard","has-post-thumbnail","hentry","category-municipio","tag-juan-ustarroz","tag-oscar-poltronieri","generate-columns","tablet-grid-50","mobile-grid-100","grid-parent","grid-50"],"jetpack_publicize_connections":[],"jetpack_featured_media_url":"https:\/\/www.hoymercedes.com.ar\/principal\/wp-content\/uploads\/2019\/02\/111-aniversario-AltamiraDSC_0052.jpg","wps_subtitle":"Vecinos tuvieron la idea ","jetpack_sharing_enabled":true,"_links":{"self":[{"href":"https:\/\/www.hoymercedes.com.ar\/principal\/wp-json\/wp\/v2\/posts\/87655","targetHints":{"allow":["GET"]}}],"collection":[{"href":"https:\/\/www.hoymercedes.com.ar\/principal\/wp-json\/wp\/v2\/posts"}],"about":[{"href":"https:\/\/www.hoymercedes.com.ar\/principal\/wp-json\/wp\/v2\/types\/post"}],"author":[{"embeddable":true,"href":"https:\/\/www.hoymercedes.com.ar\/principal\/wp-json\/wp\/v2\/users\/1"}],"replies":[{"embeddable":true,"href":"https:\/\/www.hoymercedes.com.ar\/principal\/wp-json\/wp\/v2\/comments?post=87655"}],"version-history":[{"count":0,"href":"https:\/\/www.hoymercedes.com.ar\/principal\/wp-json\/wp\/v2\/posts\/87655\/revisions"}],"wp:featuredmedia":[{"embeddable":true,"href":"https:\/\/www.hoymercedes.com.ar\/principal\/wp-json\/wp\/v2\/media\/87656"}],"wp:attachment":[{"href":"https:\/\/www.hoymercedes.com.ar\/principal\/wp-json\/wp\/v2\/media?parent=87655"}],"wp:term":[{"taxonomy":"category","embeddable":true,"href":"https:\/\/www.hoymercedes.com.ar\/principal\/wp-json\/wp\/v2\/categories?post=87655"},{"taxonomy":"post_tag","embeddable":true,"href":"https:\/\/www.hoymercedes.com.ar\/principal\/wp-json\/wp\/v2\/tags?post=87655"}],"curies":[{"name":"wp","href":"https:\/\/api.w.org\/{rel}","templated":true}]}}