{"id":87665,"date":"2019-02-04T09:42:29","date_gmt":"2019-02-04T12:42:29","guid":{"rendered":"http:\/\/www.hoymercedes.com.ar\/principal\/?p=87665"},"modified":"2019-02-04T08:56:59","modified_gmt":"2019-02-04T11:56:59","slug":"encuentro-familiar-en-casa-del-nino","status":"publish","type":"post","link":"https:\/\/www.hoymercedes.com.ar\/principal\/2019\/02\/04\/encuentro-familiar-en-casa-del-nino\/","title":{"rendered":"Encuentro familiar en Casa del Ni\u00f1o"},"content":{"rendered":"\n<figure class=\"wp-block-image\"><img loading=\"lazy\" decoding=\"async\" width=\"865\" height=\"577\" data-attachment-id=\"87666\" data-permalink=\"https:\/\/www.hoymercedes.com.ar\/principal\/2019\/02\/04\/encuentro-familiar-en-casa-del-nino\/dsc_0025\/#main\" data-orig-file=\"https:\/\/www.hoymercedes.com.ar\/principal\/wp-content\/uploads\/2019\/02\/DSC_0025.jpg\" data-orig-size=\"865,577\" data-comments-opened=\"0\" data-image-meta=\"{&quot;aperture&quot;:&quot;0&quot;,&quot;credit&quot;:&quot;&quot;,&quot;camera&quot;:&quot;&quot;,&quot;caption&quot;:&quot;&quot;,&quot;created_timestamp&quot;:&quot;0&quot;,&quot;copyright&quot;:&quot;&quot;,&quot;focal_length&quot;:&quot;0&quot;,&quot;iso&quot;:&quot;0&quot;,&quot;shutter_speed&quot;:&quot;0&quot;,&quot;title&quot;:&quot;&quot;,&quot;orientation&quot;:&quot;0&quot;}\" data-image-title=\"casa del ni\u00f1o\" data-image-description=\"\" data-image-caption=\"\" data-large-file=\"https:\/\/www.hoymercedes.com.ar\/principal\/wp-content\/uploads\/2019\/02\/DSC_0025.jpg\" src=\"https:\/\/www.hoymercedes.com.ar\/principal\/wp-content\/uploads\/2019\/02\/DSC_0025.jpg\" alt=\"\" class=\"wp-image-87666\" srcset=\"https:\/\/www.hoymercedes.com.ar\/principal\/wp-content\/uploads\/2019\/02\/DSC_0025.jpg 865w, https:\/\/www.hoymercedes.com.ar\/principal\/wp-content\/uploads\/2019\/02\/DSC_0025-150x100.jpg 150w, https:\/\/www.hoymercedes.com.ar\/principal\/wp-content\/uploads\/2019\/02\/DSC_0025-630x420.jpg 630w, https:\/\/www.hoymercedes.com.ar\/principal\/wp-content\/uploads\/2019\/02\/DSC_0025-720x480.jpg 720w, https:\/\/www.hoymercedes.com.ar\/principal\/wp-content\/uploads\/2019\/02\/DSC_0025-360x240.jpg 360w\" sizes=\"auto, (max-width: 865px) 100vw, 865px\" \/><\/figure>\n\n\n\n<p>En Casa del Ni\u00f1o se vivi\u00f3 otra\njornada de fiesta con los m\u00e1s peque\u00f1os contando con la presencia del jefe\ncomunal, Dr. Juan I. Ustarroz. Con m\u00faltiples actividades recreativas y la\npileta para que todos los chicos y chicas puedan pasar un verano a pleno. El espacio\nsigue, adem\u00e1s, siendo objeto de variadas inversiones desde el \u00e1rea de\nDesarrollo Social que contin\u00faa llevando beneficio a los casi 150 peque\u00f1os que\nasisten cotidianamente. <\/p>\n\n\n\n<p>\u201cPara nosotros es una alegr\u00eda\nenorme ver como los m\u00e1s peque\u00f1os se divierten, como disfrutan de estas jornadas\npensadas para ellos y nada m\u00e1s y nada menos que en una instituci\u00f3n llena de\namor, de compromiso en sus trabajadores, profesores, profesionales, cada uno de\nlos que cada d\u00eda abren la puerta con una sonrisa, con las ganas de saber que\ntodo lo que hace bien a los ni\u00f1os nos hace bien como sociedad\u201d, narr\u00f3 entre\notros conceptos el intendente Ustarroz.<\/p>\n\n\n\n<p>Por su parte, la secretaria de\ndesarrollo social, Jorgelina Silva sostuvo que \u201ceste espacio es para nosotros\nun orgullo. Hemos efectuado mejoras que brindan mayor bienestar y seguridad\npara todos. Hace casi un a\u00f1o inaugur\u00e1bamos los ba\u00f1os nuevos tras medio siglo de\nexistencia con una inversi\u00f3n muy grande, pero seguimos adelante y estamos\nterminando toda la instalaci\u00f3n nueva de gas, mejoras en la el\u00e9ctrica, adem\u00e1s de\npintura y mejora en las salas\u201d y destac\u00f3 \u201cpero creo que fundamental es el\ncambio de la alimentaci\u00f3n, elevando su calidad con nutricionistas, brindando\nadem\u00e1s apoyo pedag\u00f3gico con nuevas propuestas a cargo de profesionales y por\nsupuesto la impronta de Mariana Alfred que con gran compromiso y dedicaci\u00f3n\nsiempre piensa, junto al personal tan valioso con el que se cuenta, lo mejor\npara nuestros ni\u00f1os\u201d<\/p>\n\n\n\n<p>Vale destacar que en Casa del\nNi\u00f1o son casi 150 ni\u00f1os los que participan de la instituci\u00f3n que constantemente\ntiene encuentros, fiestas, talleres y es parte de una red de tareas en torno a\nla ni\u00f1ez que tiene la Municipalidad de Mercedes incluyendo la construcci\u00f3n de\nm\u00e1s Jardines Espacio Primera Infancia, Mil D\u00edas, el apoyo a El honguito, el\nProEBa y el recientemente creado programa Mercedes Aprende con el objetivo de\ndar libros a todos los educandos de 1 a 3 ciclo de primaria, destac\u00f3 la\nfuncionaria. <\/p>\n","protected":false},"excerpt":{"rendered":"<p>En Casa del Ni\u00f1o se vivi\u00f3 otra jornada de fiesta con los m\u00e1s peque\u00f1os contando con la presencia del jefe &#8230; <a title=\"Encuentro familiar en Casa del Ni\u00f1o\" class=\"read-more\" href=\"https:\/\/www.hoymercedes.com.ar\/principal\/2019\/02\/04\/encuentro-familiar-en-casa-del-nino\/\" aria-label=\"Leer m\u00e1s sobre Encuentro familiar en Casa del Ni\u00f1o\">Leer m\u00e1s<\/a><\/p>\n","protected":false},"author":1,"featured_media":87666,"comment_status":"closed","ping_status":"open","sticky":false,"template":"","format":"standard","meta":{"_monsterinsights_skip_tracking":false,"_monsterinsights_sitenote_active":false,"_monsterinsights_sitenote_note":"","_monsterinsights_sitenote_category":0,"jetpack_post_was_ever_published":false,"_jetpack_newsletter_access":"","_jetpack_dont_email_post_to_subs":false,"_jetpack_newsletter_tier_id":0,"_jetpack_memberships_contains_paywalled_content":false,"_jetpack_memberships_contains_paid_content":false,"footnotes":"","jetpack_publicize_message":"","jetpack_publicize_feature_enabled":true,"jetpack_social_post_already_shared":true,"jetpack_social_options":{"image_generator_settings":{"template":"highway","default_image_id":0,"font":"","enabled":false},"version":2},"_wpas_customize_per_network":false},"categories":[30],"tags":[296,8320],"class_list":["post-87665","post","type-post","status-publish","format-standard","has-post-thumbnail","hentry","category-municipio","tag-casa-del-nino","tag-intendente-ustarroz","generate-columns","tablet-grid-50","mobile-grid-100","grid-parent","grid-50"],"jetpack_publicize_connections":[],"jetpack_featured_media_url":"https:\/\/www.hoymercedes.com.ar\/principal\/wp-content\/uploads\/2019\/02\/DSC_0025.jpg","wps_subtitle":"Ni\u00f1ez","jetpack_sharing_enabled":true,"_links":{"self":[{"href":"https:\/\/www.hoymercedes.com.ar\/principal\/wp-json\/wp\/v2\/posts\/87665","targetHints":{"allow":["GET"]}}],"collection":[{"href":"https:\/\/www.hoymercedes.com.ar\/principal\/wp-json\/wp\/v2\/posts"}],"about":[{"href":"https:\/\/www.hoymercedes.com.ar\/principal\/wp-json\/wp\/v2\/types\/post"}],"author":[{"embeddable":true,"href":"https:\/\/www.hoymercedes.com.ar\/principal\/wp-json\/wp\/v2\/users\/1"}],"replies":[{"embeddable":true,"href":"https:\/\/www.hoymercedes.com.ar\/principal\/wp-json\/wp\/v2\/comments?post=87665"}],"version-history":[{"count":0,"href":"https:\/\/www.hoymercedes.com.ar\/principal\/wp-json\/wp\/v2\/posts\/87665\/revisions"}],"wp:featuredmedia":[{"embeddable":true,"href":"https:\/\/www.hoymercedes.com.ar\/principal\/wp-json\/wp\/v2\/media\/87666"}],"wp:attachment":[{"href":"https:\/\/www.hoymercedes.com.ar\/principal\/wp-json\/wp\/v2\/media?parent=87665"}],"wp:term":[{"taxonomy":"category","embeddable":true,"href":"https:\/\/www.hoymercedes.com.ar\/principal\/wp-json\/wp\/v2\/categories?post=87665"},{"taxonomy":"post_tag","embeddable":true,"href":"https:\/\/www.hoymercedes.com.ar\/principal\/wp-json\/wp\/v2\/tags?post=87665"}],"curies":[{"name":"wp","href":"https:\/\/api.w.org\/{rel}","templated":true}]}}