{"id":87681,"date":"2019-02-04T10:45:25","date_gmt":"2019-02-04T13:45:25","guid":{"rendered":"http:\/\/www.hoymercedes.com.ar\/principal\/?p=87681"},"modified":"2019-02-04T10:45:35","modified_gmt":"2019-02-04T13:45:35","slug":"trocha-y-bragado-club-terminaron-con-los-arcos-cerrados","status":"publish","type":"post","link":"https:\/\/www.hoymercedes.com.ar\/principal\/2019\/02\/04\/trocha-y-bragado-club-terminaron-con-los-arcos-cerrados\/","title":{"rendered":"Trocha y Bragado Club terminaron con los arcos cerrados"},"content":{"rendered":"\n<p>En cancha de la Liga Mercedina Trocha recibi\u00f3 a Bragado Club con la obligaci\u00f3n de sumar como local luego de la derrota en el debut en calidad de visitante ante Sportsman de Carmen de Areco. El elenco de Juan Ignacio Menendez no tuvo un buen encuentro y termin\u00f3 empatando cero a cero con un tricolor que avis\u00f3 que pelear\u00e1 por la clasificaci\u00f3n.<\/p>\n\n\n\n<figure class=\"wp-block-image\"><img loading=\"lazy\" decoding=\"async\" width=\"1024\" height=\"768\" data-attachment-id=\"87682\" data-permalink=\"https:\/\/www.hoymercedes.com.ar\/principal\/2019\/02\/04\/trocha-y-bragado-club-terminaron-con-los-arcos-cerrados\/whatsapp-image-2019-02-03-at-21-37-29\/#main\" data-orig-file=\"https:\/\/www.hoymercedes.com.ar\/principal\/wp-content\/uploads\/2019\/02\/WhatsApp-Image-2019-02-03-at-21.37.29.jpeg\" data-orig-size=\"1280,960\" data-comments-opened=\"0\" data-image-meta=\"{&quot;aperture&quot;:&quot;0&quot;,&quot;credit&quot;:&quot;&quot;,&quot;camera&quot;:&quot;&quot;,&quot;caption&quot;:&quot;&quot;,&quot;created_timestamp&quot;:&quot;0&quot;,&quot;copyright&quot;:&quot;&quot;,&quot;focal_length&quot;:&quot;0&quot;,&quot;iso&quot;:&quot;0&quot;,&quot;shutter_speed&quot;:&quot;0&quot;,&quot;title&quot;:&quot;&quot;,&quot;orientation&quot;:&quot;0&quot;}\" data-image-title=\"WhatsApp Image 2019-02-03 at 21.37.29\" data-image-description=\"\" data-image-caption=\"\" data-large-file=\"https:\/\/www.hoymercedes.com.ar\/principal\/wp-content\/uploads\/2019\/02\/WhatsApp-Image-2019-02-03-at-21.37.29-1024x768.jpeg\" src=\"https:\/\/www.hoymercedes.com.ar\/principal\/wp-content\/uploads\/2019\/02\/WhatsApp-Image-2019-02-03-at-21.37.29-1024x768.jpeg\" alt=\"\" class=\"wp-image-87682\" srcset=\"https:\/\/www.hoymercedes.com.ar\/principal\/wp-content\/uploads\/2019\/02\/WhatsApp-Image-2019-02-03-at-21.37.29-1024x768.jpeg 1024w, https:\/\/www.hoymercedes.com.ar\/principal\/wp-content\/uploads\/2019\/02\/WhatsApp-Image-2019-02-03-at-21.37.29-150x113.jpeg 150w, https:\/\/www.hoymercedes.com.ar\/principal\/wp-content\/uploads\/2019\/02\/WhatsApp-Image-2019-02-03-at-21.37.29-630x473.jpeg 630w, https:\/\/www.hoymercedes.com.ar\/principal\/wp-content\/uploads\/2019\/02\/WhatsApp-Image-2019-02-03-at-21.37.29-320x240.jpeg 320w, https:\/\/www.hoymercedes.com.ar\/principal\/wp-content\/uploads\/2019\/02\/WhatsApp-Image-2019-02-03-at-21.37.29-100x75.jpeg 100w, https:\/\/www.hoymercedes.com.ar\/principal\/wp-content\/uploads\/2019\/02\/WhatsApp-Image-2019-02-03-at-21.37.29.jpeg 1280w\" sizes=\"auto, (max-width: 1024px) 100vw, 1024px\" \/><\/figure>\n\n\n\n<p>En este ingrato torneo Regional Amateur, Trocha la pas\u00f3 mal ante Bragado Club pero termin\u00f3 rescatando un empate en cero, aunque sobre el final lo pudo haber ganado. La visita estuvo m\u00e1s preciso y tuvo mayor contundencia en ataque, pero choc\u00f3 primero ante Federico Grosso y luego los palos le negaron el triunfo.<\/p>\n\n\n\n<p>En los primeros minutos del partido Bragado tuvo tres situaciones netas de gol, pero la falta de punter\u00eda y el arquero local se encargaron de que nada pasara. Trocha no pod\u00eda contrarrestar en el inicio la presi\u00f3n alta visitante que por momentos era de hasta seis jugadores y promediando los veinte minutos fue cuando empez\u00f3 a tener m\u00e1s la pelota y controlar los embates del rival.<\/p>\n\n\n\n<p>A partir de ah\u00ed empez\u00f3 a buscar la posibilidad de gol que no se le dio con claridad, m\u00e1s all\u00e1 de un remate de Cristopher Torres que se desvi\u00f3 en un defensor y termin\u00f3 en corner.<\/p>\n\n\n\n<p>El primer tiempo se iba con el marcador en cero y en el segundo Trocha fue mejor, comenz\u00f3 siendo protagonista mientras que Bragado se mostr\u00f3 expectante hasta que empez\u00f3 a manejar la pelota. A partir de ah\u00ed a fue cuando a trav\u00e9s del ingresado Dardo Sosa empez\u00f3 a tener situaciones de peligro, como su remate de afuera del \u00e1rea que dio en el palo y luego un remate de Gerardo Sosa, que tambi\u00e9n peg\u00f3 en el ca\u00f1o.<\/p>\n\n\n\n<p>Sin embargo, Trocha tuvo su situaci\u00f3n luego de otra corrida de Cristopher Torres, que al igual que ante Sportsman mejor\u00f3 su juego tras la salida de Latessa y Gianaschi y el ingreso de Camargo y Mansilla y cuando se jugaba el tiempo de adici\u00f3n, el remate del delantero fue apenas desviado por el arquero y luego Abetti la sac\u00f3 en la l\u00ednea.<\/p>\n\n\n\n<p>Trocha en la pr\u00f3xima fecha quedar\u00e1 libre, por lo que no tendr\u00e1 la chance de mejorar en la tabla, mientras que Bragado Club recibir\u00e1 a El Front\u00f3n de San Andr\u00e9s de Giles.<\/p>\n\n\n\n<p><strong>Trocha 0:<\/strong>&nbsp;Federico Grosso, Iv\u00e1n Portillo, Ignacio Brazuna, Leandro Dizeo, Mart\u00edn Pastor, Facundo Quiroga, Gustavo Latessa, Sebasti\u00e1n Biaggini, Cristopher Torres, Dar\u00edo Gianaschi y Pablo Montuori.&nbsp;<strong>DT:<\/strong>&nbsp;Juan Ignacio Men\u00e9ndez.&nbsp;<strong>Suplentes:<\/strong>&nbsp;Pablo Fontana, Javier Rosales, Emanuel Gonz\u00e1lez y Santiago Kasky.<br><strong>Bragado Club 0:<\/strong>&nbsp;Claudio Ramos, Lucas Abetti, N\u00e9stor Pereya, Juan Carela,&nbsp; Facundo Tessoro, Agust\u00edn Rab\u00e1n, Ra\u00fal Orellano, Ramiro Disario, Manuel Montiel, Gerardo Lousa y Albano Coronel.&nbsp;<strong>DT:<\/strong>&nbsp;Guillermo P\u00e9rez.&nbsp;<strong>Suplentes:<\/strong>&nbsp;Yamil Asis, Diego Anderse, Ignacio Alvarez, Mart\u00edn Preselle.<br><strong>Cambios:<\/strong>&nbsp;Solano Bonamino por Mart\u00edn Pastor, Marcos Camargo por Dar\u00edo Ginaschi y R\u00faben Mansilla por Gustavo Latessa en Trocha. Dardo Sosa por Ra\u00fal Orellano, Ariel Reyes por Facundo Tesoro y Gerardo Sosa por albano Coronel.<br><strong>Arbitro:<\/strong>&nbsp;Juan S\u00e1nchez (Liga de Luj\u00e1n).<br><strong>Expulsado:<\/strong>&nbsp;A los 39\u2019 del ST Ramiro Disario (Bragado Club).<\/p>\n\n\n\n<p><strong>Pr\u00f3xima fecha<\/strong><br>Sportsman vs. Club Mercedes.<br>Bragado Club vs. El Front\u00f3n.<br><strong>Libre:<\/strong>&nbsp;Trocha.<\/p>\n","protected":false},"excerpt":{"rendered":"<p>En cancha de la Liga Mercedina Trocha recibi\u00f3 a Bragado Club con la obligaci\u00f3n de sumar como local luego de &#8230; <a title=\"Trocha y Bragado Club terminaron con los arcos cerrados\" class=\"read-more\" href=\"https:\/\/www.hoymercedes.com.ar\/principal\/2019\/02\/04\/trocha-y-bragado-club-terminaron-con-los-arcos-cerrados\/\" aria-label=\"Leer m\u00e1s sobre Trocha y Bragado Club terminaron con los arcos cerrados\">Leer m\u00e1s<\/a><\/p>\n","protected":false},"author":1,"featured_media":87682,"comment_status":"closed","ping_status":"open","sticky":false,"template":"","format":"standard","meta":{"_monsterinsights_skip_tracking":false,"_monsterinsights_sitenote_active":false,"_monsterinsights_sitenote_note":"","_monsterinsights_sitenote_category":0,"jetpack_post_was_ever_published":false,"_jetpack_newsletter_access":"","_jetpack_dont_email_post_to_subs":false,"_jetpack_newsletter_tier_id":0,"_jetpack_memberships_contains_paywalled_content":false,"_jetpack_memberships_contains_paid_content":false,"footnotes":"","jetpack_publicize_message":"","jetpack_publicize_feature_enabled":true,"jetpack_social_post_already_shared":true,"jetpack_social_options":{"image_generator_settings":{"template":"highway","default_image_id":0,"font":"","enabled":false},"version":2},"_wpas_customize_per_network":false},"categories":[21],"tags":[1003,14255],"class_list":["post-87681","post","type-post","status-publish","format-standard","has-post-thumbnail","hentry","category-deportes","tag-futbol","tag-regional-amateur","generate-columns","tablet-grid-50","mobile-grid-100","grid-parent","grid-50"],"jetpack_publicize_connections":[],"jetpack_featured_media_url":"https:\/\/www.hoymercedes.com.ar\/principal\/wp-content\/uploads\/2019\/02\/WhatsApp-Image-2019-02-03-at-21.37.29.jpeg","wps_subtitle":"Regional Amateur","jetpack_sharing_enabled":true,"_links":{"self":[{"href":"https:\/\/www.hoymercedes.com.ar\/principal\/wp-json\/wp\/v2\/posts\/87681","targetHints":{"allow":["GET"]}}],"collection":[{"href":"https:\/\/www.hoymercedes.com.ar\/principal\/wp-json\/wp\/v2\/posts"}],"about":[{"href":"https:\/\/www.hoymercedes.com.ar\/principal\/wp-json\/wp\/v2\/types\/post"}],"author":[{"embeddable":true,"href":"https:\/\/www.hoymercedes.com.ar\/principal\/wp-json\/wp\/v2\/users\/1"}],"replies":[{"embeddable":true,"href":"https:\/\/www.hoymercedes.com.ar\/principal\/wp-json\/wp\/v2\/comments?post=87681"}],"version-history":[{"count":0,"href":"https:\/\/www.hoymercedes.com.ar\/principal\/wp-json\/wp\/v2\/posts\/87681\/revisions"}],"wp:featuredmedia":[{"embeddable":true,"href":"https:\/\/www.hoymercedes.com.ar\/principal\/wp-json\/wp\/v2\/media\/87682"}],"wp:attachment":[{"href":"https:\/\/www.hoymercedes.com.ar\/principal\/wp-json\/wp\/v2\/media?parent=87681"}],"wp:term":[{"taxonomy":"category","embeddable":true,"href":"https:\/\/www.hoymercedes.com.ar\/principal\/wp-json\/wp\/v2\/categories?post=87681"},{"taxonomy":"post_tag","embeddable":true,"href":"https:\/\/www.hoymercedes.com.ar\/principal\/wp-json\/wp\/v2\/tags?post=87681"}],"curies":[{"name":"wp","href":"https:\/\/api.w.org\/{rel}","templated":true}]}}