{"id":87685,"date":"2019-02-04T11:20:33","date_gmt":"2019-02-04T14:20:33","guid":{"rendered":"http:\/\/www.hoymercedes.com.ar\/principal\/?p=87685"},"modified":"2019-02-04T19:46:50","modified_gmt":"2019-02-04T22:46:50","slug":"el-fronton-se-lo-gano-a-sportsman-en-los-ultimos-cuatro-minutos","status":"publish","type":"post","link":"https:\/\/www.hoymercedes.com.ar\/principal\/2019\/02\/04\/el-fronton-se-lo-gano-a-sportsman-en-los-ultimos-cuatro-minutos\/","title":{"rendered":"El Front\u00f3n se lo gan\u00f3 a Sportsman en los \u00faltimos cuatro minutos"},"content":{"rendered":"\n<p>Luego de haber empezado con una derrota en la primera fecha, el conjunto de Germ\u00e1n Stopiello ten\u00eda la obligaci\u00f3n de ganar ante uno de los rivales que ya hab\u00eda logrado sumar de a tres. Sin embargo, comenz\u00f3 perdiendo uno a cero en el primer tiempo y cuando parec\u00eda que iba a quedar en el fondo de la tabla, en los \u00faltimos cuatro minutos su goleador Juli\u00e1n Alarc\u00f3n hizo todo para quedarse con los tres puntos.<\/p>\n\n\n\n<figure class=\"wp-block-image\"><img loading=\"lazy\" decoding=\"async\" width=\"1024\" height=\"425\" data-attachment-id=\"87687\" data-permalink=\"https:\/\/www.hoymercedes.com.ar\/principal\/2019\/02\/04\/el-fronton-se-lo-gano-a-sportsman-en-los-ultimos-cuatro-minutos\/el-fronton-2-sportsman-1\/#main\" data-orig-file=\"https:\/\/www.hoymercedes.com.ar\/principal\/wp-content\/uploads\/2019\/02\/El-Fronton-2-Sportsman-1.jpg\" data-orig-size=\"1124,466\" data-comments-opened=\"0\" data-image-meta=\"{&quot;aperture&quot;:&quot;0&quot;,&quot;credit&quot;:&quot;&quot;,&quot;camera&quot;:&quot;&quot;,&quot;caption&quot;:&quot;&quot;,&quot;created_timestamp&quot;:&quot;0&quot;,&quot;copyright&quot;:&quot;&quot;,&quot;focal_length&quot;:&quot;0&quot;,&quot;iso&quot;:&quot;0&quot;,&quot;shutter_speed&quot;:&quot;0&quot;,&quot;title&quot;:&quot;&quot;,&quot;orientation&quot;:&quot;0&quot;}\" data-image-title=\"El Fronton 2 Sportsman 1\" data-image-description=\"\" data-image-caption=\"\" data-large-file=\"https:\/\/www.hoymercedes.com.ar\/principal\/wp-content\/uploads\/2019\/02\/El-Fronton-2-Sportsman-1-1024x425.jpg\" src=\"https:\/\/www.hoymercedes.com.ar\/principal\/wp-content\/uploads\/2019\/02\/El-Fronton-2-Sportsman-1-1024x425.jpg\" alt=\"\" class=\"wp-image-87687\" srcset=\"https:\/\/www.hoymercedes.com.ar\/principal\/wp-content\/uploads\/2019\/02\/El-Fronton-2-Sportsman-1-1024x425.jpg 1024w, https:\/\/www.hoymercedes.com.ar\/principal\/wp-content\/uploads\/2019\/02\/El-Fronton-2-Sportsman-1-150x62.jpg 150w, https:\/\/www.hoymercedes.com.ar\/principal\/wp-content\/uploads\/2019\/02\/El-Fronton-2-Sportsman-1-630x261.jpg 630w, https:\/\/www.hoymercedes.com.ar\/principal\/wp-content\/uploads\/2019\/02\/El-Fronton-2-Sportsman-1.jpg 1124w\" sizes=\"auto, (max-width: 1024px) 100vw, 1024px\" \/><figcaption>Foto: Sentimiento Aurinegro<\/figcaption><\/figure>\n\n\n\n<p>Indica infociudadsag.com que  A los 27\u00b4 Gussoni (F) cometi\u00f3 una infracci\u00f3n cerca del \u00e1rea, Rocha (S) ejecut\u00f3 con certeza, Caputto (F) no sali\u00f3 otra vez y a Piccinisis (F) se le escap\u00f3 Lago (S) que en el \u00e1rea chica cabece\u00f3 para el 1 a 0. El central de la visita no celebr\u00f3 el gol por su paso por el club gilense. <\/p>\n\n\n\n<p>Sportsman lo fue controlando al partido pero El Front\u00f3n hizo todos cambios ofensivos, al punto de quedar con siete jugadores de ataque y termin\u00f3 haciendo su negocio. A los 92\u00b4 Lozzano la abri\u00f3 para Grosso (F) que tras pelear en la mitad durante todo el partido, tuvo resto para mandar un centro perfecto al \u00e1rea de Sportsman, Mansilla la roz\u00f3 y Alarc\u00f3n de \u201cpalomita\u201d se lanz\u00f3 hacia el gol. El grito de los m\u00e1s de 400 hinchas locales se escuch\u00f3 en todo Giles. <\/p>\n\n\n\n<p> La igualdad descoloc\u00f3 a la visita que ya se estaba guardando tres valiosos puntos en el bolsillo. A pesar del golpe, nadie, ni siquiera el m\u00e1s optimista, pudo imaginar el final. Mientras Stopiello y su colaborador Vitteta ordenaban a puro grito la defensa, o mejor dicho lo que quedaba de la \u00faltima l\u00ednea, Barrientos (F) envi\u00f3 un pase largo desde el costado izquierdo para Alarc\u00f3n (F) que con m\u00e1s coraz\u00f3n que f\u00edsico la fue a buscar a los 94\u00b4. El delantero la corri\u00f3 con el olfato del goleador pero tambi\u00e9n con la hombr\u00eda de los luchadores, le gan\u00f3 a los centrales de Sportsman y la toc\u00f3 antes que el arquero Rubio (S), que en su af\u00e1n por evitar el gol se llev\u00f3 puesto al atacante. El \u00e1rbitro Ferreira mir\u00f3 al asistente y cobr\u00f3 el claro penal. La sentencia desat\u00f3 la locura del portero que ya ten\u00eda amarilla y recibi\u00f3 la roja, tal fue el desequilibrio del portero que le dio un empuj\u00f3n al \u00e1rbitro mientras este mostraba en el aire la tarjeta roja.<\/p>\n\n\n\n<p> <br><strong>El Front\u00f3n 2:<\/strong>\u00a0Caputo; Busca, Pisinis, T\u00e1mparo y Torre; Zapata, Grosso, Gussoni y Gonz\u00e1lez; Alarc\u00f3n y Barrientos.\u00a0<strong>DT:<\/strong>\u00a0Stopiello.\u00a0<strong>Suplentes:<\/strong>\u00a0Valli, Rold\u00e1n, Randazzo y Soria.<br><strong>Sportsman 1:<\/strong>\u00a0Rubio; Vel\u00e1zquez, Salaburu, Lago y Marcos Rocha; Spena, Cosmede, Nicol\u00e1s Rocha y Peralta; Galeazzi y Palacios.\u00a0<strong>DT:<\/strong>\u00a0Acu\u00f1a.\u00a0<strong>Suplentes:<\/strong>\u00a0Bojanich, Fortina, Casas y Garay.<br><strong>Goles en el PT:<\/strong>\u00a0A los 26\u2032 Lago para Sportsman.<br><strong>Goles en el ST:<\/strong>\u00a0A los 46\u2032 Alarc\u00f3n y a los 49\u2032 Federico Grosso de penal para El Front\u00f3n.<br><strong>Cambios:<\/strong>\u00a0Lozano, Mansilla y Tallarico por Gussoni, Busca y Torre en El Front\u00f3n. Nievas, Aubain y Pucheta por Galeazzi, Peralta y Palacios en Sportsman.<br><strong>\u00c1rbitro:<\/strong>\u00a0Mart\u00edn Ferreyra (Lobos)<br><strong>Expulsado:<\/strong>\u00a0A los 48\u2032 del ST Rubio en Sportsman. <\/p>\n\n\n\n<figure class=\"wp-block-image\"><img loading=\"lazy\" decoding=\"async\" width=\"525\" height=\"152\" data-attachment-id=\"87686\" data-permalink=\"https:\/\/www.hoymercedes.com.ar\/principal\/2019\/02\/04\/el-fronton-se-lo-gano-a-sportsman-en-los-ultimos-cuatro-minutos\/regional\/#main\" data-orig-file=\"https:\/\/www.hoymercedes.com.ar\/principal\/wp-content\/uploads\/2019\/02\/regional.png\" data-orig-size=\"525,152\" data-comments-opened=\"0\" data-image-meta=\"{&quot;aperture&quot;:&quot;0&quot;,&quot;credit&quot;:&quot;&quot;,&quot;camera&quot;:&quot;&quot;,&quot;caption&quot;:&quot;&quot;,&quot;created_timestamp&quot;:&quot;0&quot;,&quot;copyright&quot;:&quot;&quot;,&quot;focal_length&quot;:&quot;0&quot;,&quot;iso&quot;:&quot;0&quot;,&quot;shutter_speed&quot;:&quot;0&quot;,&quot;title&quot;:&quot;&quot;,&quot;orientation&quot;:&quot;0&quot;}\" data-image-title=\"regional\" data-image-description=\"\" data-image-caption=\"\" data-large-file=\"https:\/\/www.hoymercedes.com.ar\/principal\/wp-content\/uploads\/2019\/02\/regional.png\" src=\"https:\/\/www.hoymercedes.com.ar\/principal\/wp-content\/uploads\/2019\/02\/regional.png\" alt=\"\" class=\"wp-image-87686\" srcset=\"https:\/\/www.hoymercedes.com.ar\/principal\/wp-content\/uploads\/2019\/02\/regional.png 525w, https:\/\/www.hoymercedes.com.ar\/principal\/wp-content\/uploads\/2019\/02\/regional-150x43.png 150w, https:\/\/www.hoymercedes.com.ar\/principal\/wp-content\/uploads\/2019\/02\/regional-520x152.png 520w\" sizes=\"auto, (max-width: 525px) 100vw, 525px\" \/><\/figure>\n\n\n\n<p> <\/p>\n","protected":false},"excerpt":{"rendered":"<p>Luego de haber empezado con una derrota en la primera fecha, el conjunto de Germ\u00e1n Stopiello ten\u00eda la obligaci\u00f3n de &#8230; <a title=\"El Front\u00f3n se lo gan\u00f3 a Sportsman en los \u00faltimos cuatro minutos\" class=\"read-more\" href=\"https:\/\/www.hoymercedes.com.ar\/principal\/2019\/02\/04\/el-fronton-se-lo-gano-a-sportsman-en-los-ultimos-cuatro-minutos\/\" aria-label=\"Leer m\u00e1s sobre El Front\u00f3n se lo gan\u00f3 a Sportsman en los \u00faltimos cuatro minutos\">Leer m\u00e1s<\/a><\/p>\n","protected":false},"author":1,"featured_media":87687,"comment_status":"closed","ping_status":"open","sticky":false,"template":"","format":"standard","meta":{"_monsterinsights_skip_tracking":false,"_monsterinsights_sitenote_active":false,"_monsterinsights_sitenote_note":"","_monsterinsights_sitenote_category":0,"jetpack_post_was_ever_published":false,"_jetpack_newsletter_access":"","_jetpack_dont_email_post_to_subs":false,"_jetpack_newsletter_tier_id":0,"_jetpack_memberships_contains_paywalled_content":false,"_jetpack_memberships_contains_paid_content":false,"footnotes":"","jetpack_publicize_message":"","jetpack_publicize_feature_enabled":true,"jetpack_social_post_already_shared":true,"jetpack_social_options":{"image_generator_settings":{"template":"highway","default_image_id":0,"font":"","enabled":false},"version":2},"_wpas_customize_per_network":false},"categories":[21],"tags":[1812,10,14363,1379],"class_list":["post-87685","post","type-post","status-publish","format-standard","has-post-thumbnail","hentry","category-deportes","tag-el-fronton","tag-mercedes","tag-sportsman-de-carmen-de-areco","tag-trocha","generate-columns","tablet-grid-50","mobile-grid-100","grid-parent","grid-50"],"jetpack_publicize_connections":[],"jetpack_featured_media_url":"https:\/\/www.hoymercedes.com.ar\/principal\/wp-content\/uploads\/2019\/02\/El-Fronton-2-Sportsman-1.jpg","wps_subtitle":"Regional Amateur","jetpack_sharing_enabled":true,"_links":{"self":[{"href":"https:\/\/www.hoymercedes.com.ar\/principal\/wp-json\/wp\/v2\/posts\/87685","targetHints":{"allow":["GET"]}}],"collection":[{"href":"https:\/\/www.hoymercedes.com.ar\/principal\/wp-json\/wp\/v2\/posts"}],"about":[{"href":"https:\/\/www.hoymercedes.com.ar\/principal\/wp-json\/wp\/v2\/types\/post"}],"author":[{"embeddable":true,"href":"https:\/\/www.hoymercedes.com.ar\/principal\/wp-json\/wp\/v2\/users\/1"}],"replies":[{"embeddable":true,"href":"https:\/\/www.hoymercedes.com.ar\/principal\/wp-json\/wp\/v2\/comments?post=87685"}],"version-history":[{"count":0,"href":"https:\/\/www.hoymercedes.com.ar\/principal\/wp-json\/wp\/v2\/posts\/87685\/revisions"}],"wp:featuredmedia":[{"embeddable":true,"href":"https:\/\/www.hoymercedes.com.ar\/principal\/wp-json\/wp\/v2\/media\/87687"}],"wp:attachment":[{"href":"https:\/\/www.hoymercedes.com.ar\/principal\/wp-json\/wp\/v2\/media?parent=87685"}],"wp:term":[{"taxonomy":"category","embeddable":true,"href":"https:\/\/www.hoymercedes.com.ar\/principal\/wp-json\/wp\/v2\/categories?post=87685"},{"taxonomy":"post_tag","embeddable":true,"href":"https:\/\/www.hoymercedes.com.ar\/principal\/wp-json\/wp\/v2\/tags?post=87685"}],"curies":[{"name":"wp","href":"https:\/\/api.w.org\/{rel}","templated":true}]}}