{"id":87699,"date":"2019-02-05T07:48:16","date_gmt":"2019-02-05T10:48:16","guid":{"rendered":"http:\/\/www.hoymercedes.com.ar\/principal\/?p=87699"},"modified":"2019-02-04T12:07:56","modified_gmt":"2019-02-04T15:07:56","slug":"aprevide-ligas-del-interior-y-ministerio-de-seguridad-provincial-se-reunieron-por-el-incremento-del-operativo-policial","status":"publish","type":"post","link":"https:\/\/www.hoymercedes.com.ar\/principal\/2019\/02\/05\/aprevide-ligas-del-interior-y-ministerio-de-seguridad-provincial-se-reunieron-por-el-incremento-del-operativo-policial\/","title":{"rendered":"APREVIDE, Ligas del Interior y Ministerio de Seguridad provincial se reunieron por el incremento del operativo policial"},"content":{"rendered":"\n<p>Por Cristian Provenzal.  Este viernes se reunieron dirigentes liguistas de la provincia de Buenos Aires con funcionarios de APREVIDE en el Ministerio de Seguridad en la ciudad de La Plata con la presencia del Dr Juan Manuel Lugones.\u00a0<\/p>\n\n\n\n<figure class=\"wp-block-image\"><img loading=\"lazy\" decoding=\"async\" width=\"960\" height=\"720\" data-attachment-id=\"87700\" data-permalink=\"https:\/\/www.hoymercedes.com.ar\/principal\/2019\/02\/05\/aprevide-ligas-del-interior-y-ministerio-de-seguridad-provincial-se-reunieron-por-el-incremento-del-operativo-policial\/aprevide\/#main\" data-orig-file=\"https:\/\/www.hoymercedes.com.ar\/principal\/wp-content\/uploads\/2019\/02\/Aprevide.jpg\" data-orig-size=\"960,720\" data-comments-opened=\"0\" data-image-meta=\"{&quot;aperture&quot;:&quot;0&quot;,&quot;credit&quot;:&quot;&quot;,&quot;camera&quot;:&quot;&quot;,&quot;caption&quot;:&quot;&quot;,&quot;created_timestamp&quot;:&quot;0&quot;,&quot;copyright&quot;:&quot;&quot;,&quot;focal_length&quot;:&quot;0&quot;,&quot;iso&quot;:&quot;0&quot;,&quot;shutter_speed&quot;:&quot;0&quot;,&quot;title&quot;:&quot;&quot;,&quot;orientation&quot;:&quot;0&quot;}\" data-image-title=\"Aprevide\" data-image-description=\"\" data-image-caption=\"\" data-large-file=\"https:\/\/www.hoymercedes.com.ar\/principal\/wp-content\/uploads\/2019\/02\/Aprevide.jpg\" src=\"https:\/\/www.hoymercedes.com.ar\/principal\/wp-content\/uploads\/2019\/02\/Aprevide.jpg\" alt=\"\" class=\"wp-image-87700\" srcset=\"https:\/\/www.hoymercedes.com.ar\/principal\/wp-content\/uploads\/2019\/02\/Aprevide.jpg 960w, https:\/\/www.hoymercedes.com.ar\/principal\/wp-content\/uploads\/2019\/02\/Aprevide-150x113.jpg 150w, https:\/\/www.hoymercedes.com.ar\/principal\/wp-content\/uploads\/2019\/02\/Aprevide-630x473.jpg 630w, https:\/\/www.hoymercedes.com.ar\/principal\/wp-content\/uploads\/2019\/02\/Aprevide-320x240.jpg 320w, https:\/\/www.hoymercedes.com.ar\/principal\/wp-content\/uploads\/2019\/02\/Aprevide-100x75.jpg 100w\" sizes=\"auto, (max-width: 960px) 100vw, 960px\" \/><\/figure>\n\n\n\n<p>Asistieron Dirigentes de las siguientes Ligas; Bah\u00eda Blanca, Villarino, Coronel Su\u00e1rez, Salto, Jun\u00edn, La Plata, Partido de La Costa, 9 de Julio, Necochea, Carlos Casares, Lincoln, Balcarce, Chivilcoy y Los Toldos. Estuvieron presente adem\u00e1s, Ju\u00e1n Carlos Aguinaga (Presidente de la ULCEOBA), los Delegados Federales,\u00a0Jorge Garavano, Alfredo Iriart y\u00a0Claudio Yopolo, quienes fueron recibidos por el Titular del APREVIDE, Dr. Juan Manuel Lugones, el Secretario general de la Superintendencia de planeamiento y Operaciones Policiales, Jorge Figini y por el Comisario General del Deporte Fern\u00e1ndez.\u00a0<\/p>\n\n\n\n<p>Luego de disertar y debatir entre los dirigentes y la c\u00fapula de Seguridad, Dr Lugones manifest\u00f3 que le llevar\u00e1 al Ministro Cristian Ritondo la inquietud de reducir la cantidad de efectivos en los distintos estadios donde se disputen partidos en forma amateur, que ya hab\u00eda hablado con el y que ten\u00eda la voluntad pol\u00edtica de ayudar a los clubes.<\/p>\n\n\n\n<p>Dejo en claro tambi\u00e9n que aquella instituci\u00f3n que genere disturbios no contar\u00e1 con el beneficio, quedando a criterio de cada departamental la cantidad de efectivos que cubran sus partidos.<\/p>\n","protected":false},"excerpt":{"rendered":"<p>Por Cristian Provenzal. Este viernes se reunieron dirigentes liguistas de la provincia de Buenos Aires con funcionarios de APREVIDE en &#8230; <a title=\"APREVIDE, Ligas del Interior y Ministerio de Seguridad provincial se reunieron por el incremento del operativo policial\" class=\"read-more\" href=\"https:\/\/www.hoymercedes.com.ar\/principal\/2019\/02\/05\/aprevide-ligas-del-interior-y-ministerio-de-seguridad-provincial-se-reunieron-por-el-incremento-del-operativo-policial\/\" aria-label=\"Leer m\u00e1s sobre APREVIDE, Ligas del Interior y Ministerio de Seguridad provincial se reunieron por el incremento del operativo policial\">Leer m\u00e1s<\/a><\/p>\n","protected":false},"author":1,"featured_media":87700,"comment_status":"closed","ping_status":"open","sticky":false,"template":"","format":"standard","meta":{"_monsterinsights_skip_tracking":false,"_monsterinsights_sitenote_active":false,"_monsterinsights_sitenote_note":"","_monsterinsights_sitenote_category":0,"jetpack_post_was_ever_published":false,"_jetpack_newsletter_access":"","_jetpack_dont_email_post_to_subs":false,"_jetpack_newsletter_tier_id":0,"_jetpack_memberships_contains_paywalled_content":false,"_jetpack_memberships_contains_paid_content":false,"footnotes":"","jetpack_publicize_message":"","jetpack_publicize_feature_enabled":true,"jetpack_social_post_already_shared":true,"jetpack_social_options":{"image_generator_settings":{"template":"highway","default_image_id":0,"font":"","enabled":false},"version":2},"_wpas_customize_per_network":false},"categories":[21],"tags":[14468,1003,14469],"class_list":["post-87699","post","type-post","status-publish","format-standard","has-post-thumbnail","hentry","category-deportes","tag-consejo-federal-de-futbol","tag-futbol","tag-ministerio-de-seguridad-provincia-buenos-aires","generate-columns","tablet-grid-50","mobile-grid-100","grid-parent","grid-50"],"jetpack_publicize_connections":[],"jetpack_featured_media_url":"https:\/\/www.hoymercedes.com.ar\/principal\/wp-content\/uploads\/2019\/02\/Aprevide.jpg","wps_subtitle":"Liga Mercedina","jetpack_sharing_enabled":true,"_links":{"self":[{"href":"https:\/\/www.hoymercedes.com.ar\/principal\/wp-json\/wp\/v2\/posts\/87699","targetHints":{"allow":["GET"]}}],"collection":[{"href":"https:\/\/www.hoymercedes.com.ar\/principal\/wp-json\/wp\/v2\/posts"}],"about":[{"href":"https:\/\/www.hoymercedes.com.ar\/principal\/wp-json\/wp\/v2\/types\/post"}],"author":[{"embeddable":true,"href":"https:\/\/www.hoymercedes.com.ar\/principal\/wp-json\/wp\/v2\/users\/1"}],"replies":[{"embeddable":true,"href":"https:\/\/www.hoymercedes.com.ar\/principal\/wp-json\/wp\/v2\/comments?post=87699"}],"version-history":[{"count":0,"href":"https:\/\/www.hoymercedes.com.ar\/principal\/wp-json\/wp\/v2\/posts\/87699\/revisions"}],"wp:featuredmedia":[{"embeddable":true,"href":"https:\/\/www.hoymercedes.com.ar\/principal\/wp-json\/wp\/v2\/media\/87700"}],"wp:attachment":[{"href":"https:\/\/www.hoymercedes.com.ar\/principal\/wp-json\/wp\/v2\/media?parent=87699"}],"wp:term":[{"taxonomy":"category","embeddable":true,"href":"https:\/\/www.hoymercedes.com.ar\/principal\/wp-json\/wp\/v2\/categories?post=87699"},{"taxonomy":"post_tag","embeddable":true,"href":"https:\/\/www.hoymercedes.com.ar\/principal\/wp-json\/wp\/v2\/tags?post=87699"}],"curies":[{"name":"wp","href":"https:\/\/api.w.org\/{rel}","templated":true}]}}