{"id":87715,"date":"2019-02-04T18:34:55","date_gmt":"2019-02-04T21:34:55","guid":{"rendered":"http:\/\/www.hoymercedes.com.ar\/principal\/?p=87715"},"modified":"2019-02-04T17:42:35","modified_gmt":"2019-02-04T20:42:35","slug":"hospital-y-bomberos-dejaron-de-recibir-aportes-para-atender-emergencias-en-ruta","status":"publish","type":"post","link":"https:\/\/www.hoymercedes.com.ar\/principal\/2019\/02\/04\/hospital-y-bomberos-dejaron-de-recibir-aportes-para-atender-emergencias-en-ruta\/","title":{"rendered":"Hospital y Bomberos dejaron de recibir aportes para atender emergencias en ruta"},"content":{"rendered":"\n<p>D\u00edas atr\u00e1s\nse conoci\u00f3 que la nueva empresa a cargo de la Ruta Nacional N\u00b0 5 (Corredor B) no\natender\u00eda emergencias viales y por lo tanto, dejar\u00eda de aportar dinero al\nHospital Blas L. Dubarry y a los Bomberos Voluntarios. Esto repercuti\u00f3 en las\ninstituciones que lamentan la decisi\u00f3n y afirmaron que seguir\u00e1n asistiendo los\nsiniestros en la ruta. No obstante, las autoridades ejecutivas y legislativas\nde Mercedes plantear\u00e1n la situaci\u00f3n en la reuni\u00f3n prevista para mediados de\nfebrero con los responsables de Vialidad Nacional. <\/p>\n\n\n\n<p>La nueva\nempresa de capitales chinos (CCA \u2013 Green ) no realiz\u00f3 los aportes que\nla anterior concesi\u00f3n de la Ruta Nacional N\u00b0 5 le hac\u00eda, con retraso, al\nHospital Dubarry y a los cuerpos de Bomberos. Rosendo Rubiero, titular de la\nCooperadora del Hospital explic\u00f3 que cuando cambi\u00f3 la concesi\u00f3n se dej\u00f3 de\nentregar el aporte al nosocomio. Por gestiones de Bomberos Voluntarios de\nMercedes se logr\u00f3 el aporte atrasado de la empresa que continu\u00f3 la concesi\u00f3n. <\/p>\n\n\n\n<p>Sin\nembargo, \u201ccuando se hicieron cargo los nuevos CCA-Green dijeron que en el\ncontrato no est\u00e1 y dejaron de pagar\u201d, dijo Rubiero. A su lado, el Dr. Bandoni\ncont\u00f3 que fue personalmente a presentar el reclamo ya que la contribuci\u00f3n era\npara solventar los gastos de los m\u00f3viles y profesionales en la atenci\u00f3n de siniestros\nviales en la ruta. \u201cAsistimos a todos los accidentes de la zona- Hace muchos\na\u00f1os se pidi\u00f3 la contribuci\u00f3n y se cort\u00f3. En la reuni\u00f3n, nos dijeron que la\nnueva gerencia no acepta este tipo de cosas. Vamos a seguir asistiendo por una\ncuesti\u00f3n \u00e9tica\u201d, agreg\u00f3 el titular del Dubarry en el marco de la conferencia de\nprensa que se hizo en conjunto entre Municipio, Hospital y Concejales. <\/p>\n\n\n\n<figure class=\"wp-block-image\"><img loading=\"lazy\" decoding=\"async\" width=\"750\" height=\"500\" data-attachment-id=\"87716\" data-permalink=\"https:\/\/www.hoymercedes.com.ar\/principal\/2019\/02\/04\/hospital-y-bomberos-dejaron-de-recibir-aportes-para-atender-emergencias-en-ruta\/04-hospital\/#main\" data-orig-file=\"https:\/\/www.hoymercedes.com.ar\/principal\/wp-content\/uploads\/2019\/02\/04-hospital.jpg\" data-orig-size=\"750,500\" data-comments-opened=\"0\" data-image-meta=\"{&quot;aperture&quot;:&quot;2&quot;,&quot;credit&quot;:&quot;&quot;,&quot;camera&quot;:&quot;Moto G (5S) Plus&quot;,&quot;caption&quot;:&quot;&quot;,&quot;created_timestamp&quot;:&quot;1549275806&quot;,&quot;copyright&quot;:&quot;&quot;,&quot;focal_length&quot;:&quot;3.59&quot;,&quot;iso&quot;:&quot;790&quot;,&quot;shutter_speed&quot;:&quot;0.05&quot;,&quot;title&quot;:&quot;&quot;,&quot;orientation&quot;:&quot;1&quot;}\" data-image-title=\"04 hospital\" data-image-description=\"\" data-image-caption=\"\" data-large-file=\"https:\/\/www.hoymercedes.com.ar\/principal\/wp-content\/uploads\/2019\/02\/04-hospital.jpg\" src=\"https:\/\/www.hoymercedes.com.ar\/principal\/wp-content\/uploads\/2019\/02\/04-hospital.jpg\" alt=\"\" class=\"wp-image-87716\" srcset=\"https:\/\/www.hoymercedes.com.ar\/principal\/wp-content\/uploads\/2019\/02\/04-hospital.jpg 750w, https:\/\/www.hoymercedes.com.ar\/principal\/wp-content\/uploads\/2019\/02\/04-hospital-150x100.jpg 150w, https:\/\/www.hoymercedes.com.ar\/principal\/wp-content\/uploads\/2019\/02\/04-hospital-630x420.jpg 630w, https:\/\/www.hoymercedes.com.ar\/principal\/wp-content\/uploads\/2019\/02\/04-hospital-720x480.jpg 720w, https:\/\/www.hoymercedes.com.ar\/principal\/wp-content\/uploads\/2019\/02\/04-hospital-360x240.jpg 360w\" sizes=\"auto, (max-width: 750px) 100vw, 750px\" \/><\/figure>\n\n\n\n<p>A un costado,\nla Concejal Aida \u201cPety\u201d Laporta, quien participa de las reuniones que\nautoridades comunales y vecinos mantienen con Vialidad Nacional, intervino y\ncont\u00f3 que se solicit\u00f3 una copia del contrato para analizarlo y plantear la\nproblem\u00e1tica en la mesa de di\u00e1logo que tendr\u00e1 lugar a mediados de febrero con\nVialidad Nacional. \u201cVamos a llevar estas inquietudes porque es grav\u00edsimo. Para\nel Hospital y para Bomberos es un costo tremendo\u201d, dijo y agreg\u00f3 que ir\u00e1n junto\nal Intendente Ustarroz, otros concejales y los vecinos que luchan contra el\npeaje. <\/p>\n\n\n\n<p>El titular\nde la Cooperadora de Bomberos Voluntarios, Pedro Di Cecco dialog\u00f3 en distintos\nmedios y lament\u00f3 la situaci\u00f3n. M\u00e1s all\u00e1 de que seguir\u00e1n planteando el reclamo,\nanunci\u00f3 que la asistencia a la &nbsp;emergencia\nvial no dejar\u00e1n de hacerla. Asimismo, cabe recordar que la semana pasada, el\nDefensor del Pueblo provincial anunci\u00f3 que har\u00eda el reclamo en la justicia ya\nque afecta a toda la regi\u00f3n. <\/p>\n","protected":false},"excerpt":{"rendered":"<p>D\u00edas atr\u00e1s se conoci\u00f3 que la nueva empresa a cargo de la Ruta Nacional N\u00b0 5 (Corredor B) no atender\u00eda &#8230; <a title=\"Hospital y Bomberos dejaron de recibir aportes para atender emergencias en ruta\" class=\"read-more\" href=\"https:\/\/www.hoymercedes.com.ar\/principal\/2019\/02\/04\/hospital-y-bomberos-dejaron-de-recibir-aportes-para-atender-emergencias-en-ruta\/\" aria-label=\"Leer m\u00e1s sobre Hospital y Bomberos dejaron de recibir aportes para atender emergencias en ruta\">Leer m\u00e1s<\/a><\/p>\n","protected":false},"author":1,"featured_media":87716,"comment_status":"closed","ping_status":"open","sticky":false,"template":"","format":"standard","meta":{"_monsterinsights_skip_tracking":false,"_monsterinsights_sitenote_active":false,"_monsterinsights_sitenote_note":"","_monsterinsights_sitenote_category":0,"jetpack_post_was_ever_published":false,"_jetpack_newsletter_access":"","_jetpack_dont_email_post_to_subs":false,"_jetpack_newsletter_tier_id":0,"_jetpack_memberships_contains_paywalled_content":false,"_jetpack_memberships_contains_paid_content":false,"footnotes":"","jetpack_publicize_message":"","jetpack_publicize_feature_enabled":true,"jetpack_social_post_already_shared":true,"jetpack_social_options":{"image_generator_settings":{"template":"highway","default_image_id":0,"font":"","enabled":false},"version":2},"_wpas_customize_per_network":false},"categories":[8],"tags":[865,14471,14428,140,538],"class_list":["post-87715","post","type-post","status-publish","format-standard","has-post-thumbnail","hentry","category-sociedad","tag-bomberos-voluntarios","tag-concesion-vial","tag-corredor-b","tag-hospital-dubarry","tag-ruta-5","generate-columns","tablet-grid-50","mobile-grid-100","grid-parent","grid-50"],"jetpack_publicize_connections":[],"jetpack_featured_media_url":"https:\/\/www.hoymercedes.com.ar\/principal\/wp-content\/uploads\/2019\/02\/04-hospital.jpg","wps_subtitle":"Preocupaci\u00f3n localHospital y Bomberos dejan de recibir aportes para atender emergencias en ruta","jetpack_sharing_enabled":true,"_links":{"self":[{"href":"https:\/\/www.hoymercedes.com.ar\/principal\/wp-json\/wp\/v2\/posts\/87715","targetHints":{"allow":["GET"]}}],"collection":[{"href":"https:\/\/www.hoymercedes.com.ar\/principal\/wp-json\/wp\/v2\/posts"}],"about":[{"href":"https:\/\/www.hoymercedes.com.ar\/principal\/wp-json\/wp\/v2\/types\/post"}],"author":[{"embeddable":true,"href":"https:\/\/www.hoymercedes.com.ar\/principal\/wp-json\/wp\/v2\/users\/1"}],"replies":[{"embeddable":true,"href":"https:\/\/www.hoymercedes.com.ar\/principal\/wp-json\/wp\/v2\/comments?post=87715"}],"version-history":[{"count":0,"href":"https:\/\/www.hoymercedes.com.ar\/principal\/wp-json\/wp\/v2\/posts\/87715\/revisions"}],"wp:featuredmedia":[{"embeddable":true,"href":"https:\/\/www.hoymercedes.com.ar\/principal\/wp-json\/wp\/v2\/media\/87716"}],"wp:attachment":[{"href":"https:\/\/www.hoymercedes.com.ar\/principal\/wp-json\/wp\/v2\/media?parent=87715"}],"wp:term":[{"taxonomy":"category","embeddable":true,"href":"https:\/\/www.hoymercedes.com.ar\/principal\/wp-json\/wp\/v2\/categories?post=87715"},{"taxonomy":"post_tag","embeddable":true,"href":"https:\/\/www.hoymercedes.com.ar\/principal\/wp-json\/wp\/v2\/tags?post=87715"}],"curies":[{"name":"wp","href":"https:\/\/api.w.org\/{rel}","templated":true}]}}