{"id":8772,"date":"2011-11-01T14:39:33","date_gmt":"2011-11-01T14:39:33","guid":{"rendered":"http:\/\/www.hoymercedes.com.ar\/principal\/?p=8772"},"modified":"2011-11-01T14:39:33","modified_gmt":"2011-11-01T14:39:33","slug":"inscripcion-para-los-jardines-maternales","status":"publish","type":"post","link":"https:\/\/www.hoymercedes.com.ar\/principal\/2011\/11\/01\/inscripcion-para-los-jardines-maternales\/","title":{"rendered":"Inscripci\u00f3n para los Jardines Maternales"},"content":{"rendered":"<p>La Direcci\u00f3n de Cultura y Educaci\u00f3n informa que a partir de noviembre quedar\u00e1 abierta la inscripci\u00f3n para ingresar a los Jardines Maternales Municipales en el ciclo lectivo 2012. Las inscripciones se llevar\u00e1n a cabo en ambos jardines los d\u00edas 1 y 2 de noviembre de 8.30 a 11.30 hs turno ma\u00f1ana y 14.30 a 16.30 (solamente en el Jard\u00edn Maternal N\u00b0 1)<\/p>\n<p>Los requisitos son los siguientes: vivir en el radio del jard\u00edn o en las proximidades del mismo (domicilio que deber\u00e1 constar en el documento) Familias con necesidades econ\u00f3micas o laborales. Vacantes limitadas. En el turno ma\u00f1ana ambos jardines poseen sala de lactarios, deambuladores, sala de 2 a 2 a\u00f1os y medio y sala de 2 a\u00f1os y medio a tres. En el turno tarde, sala de deambuladores y sala de dos a\u00f1os.<\/p>\n<p>Jard\u00edn Maternal Municipal N\u00b0 1, calle 37 y 6 Te: 431001<\/p>\n<p>Jard\u00edn Maternal Municipal N\u00b0 2, calle 9 entre 52 y 54 Te: 431122.<\/p>\n<p><span style=\"color: #888888;\">Info: MM<\/span><\/p>\n","protected":false},"excerpt":{"rendered":"<p>La Direcci\u00f3n de Cultura y Educaci\u00f3n informa que a partir de noviembre quedar\u00e1 abierta la inscripci\u00f3n para ingresar a los &#8230; <a title=\"Inscripci\u00f3n para los Jardines Maternales\" class=\"read-more\" href=\"https:\/\/www.hoymercedes.com.ar\/principal\/2011\/11\/01\/inscripcion-para-los-jardines-maternales\/\" aria-label=\"Leer m\u00e1s sobre Inscripci\u00f3n para los Jardines Maternales\">Leer m\u00e1s<\/a><\/p>\n","protected":false},"author":1,"featured_media":0,"comment_status":"open","ping_status":"open","sticky":false,"template":"","format":"standard","meta":{"_monsterinsights_skip_tracking":false,"_monsterinsights_sitenote_active":false,"_monsterinsights_sitenote_note":"","_monsterinsights_sitenote_category":0,"jetpack_post_was_ever_published":false,"_jetpack_newsletter_access":"","_jetpack_dont_email_post_to_subs":false,"_jetpack_newsletter_tier_id":0,"_jetpack_memberships_contains_paywalled_content":false,"_jetpack_memberships_contains_paid_content":false,"footnotes":"","jetpack_publicize_message":"","jetpack_publicize_feature_enabled":true,"jetpack_social_post_already_shared":false,"jetpack_social_options":{"image_generator_settings":{"template":"highway","default_image_id":0,"font":"","enabled":false},"version":2},"_wpas_customize_per_network":false},"categories":[8],"tags":[1531],"class_list":["post-8772","post","type-post","status-publish","format-standard","hentry","category-sociedad","tag-jardines-maternales","generate-columns","tablet-grid-50","mobile-grid-100","grid-parent","grid-50"],"jetpack_publicize_connections":[],"jetpack_featured_media_url":"","wps_subtitle":"","jetpack_sharing_enabled":true,"_links":{"self":[{"href":"https:\/\/www.hoymercedes.com.ar\/principal\/wp-json\/wp\/v2\/posts\/8772","targetHints":{"allow":["GET"]}}],"collection":[{"href":"https:\/\/www.hoymercedes.com.ar\/principal\/wp-json\/wp\/v2\/posts"}],"about":[{"href":"https:\/\/www.hoymercedes.com.ar\/principal\/wp-json\/wp\/v2\/types\/post"}],"author":[{"embeddable":true,"href":"https:\/\/www.hoymercedes.com.ar\/principal\/wp-json\/wp\/v2\/users\/1"}],"replies":[{"embeddable":true,"href":"https:\/\/www.hoymercedes.com.ar\/principal\/wp-json\/wp\/v2\/comments?post=8772"}],"version-history":[{"count":0,"href":"https:\/\/www.hoymercedes.com.ar\/principal\/wp-json\/wp\/v2\/posts\/8772\/revisions"}],"wp:attachment":[{"href":"https:\/\/www.hoymercedes.com.ar\/principal\/wp-json\/wp\/v2\/media?parent=8772"}],"wp:term":[{"taxonomy":"category","embeddable":true,"href":"https:\/\/www.hoymercedes.com.ar\/principal\/wp-json\/wp\/v2\/categories?post=8772"},{"taxonomy":"post_tag","embeddable":true,"href":"https:\/\/www.hoymercedes.com.ar\/principal\/wp-json\/wp\/v2\/tags?post=8772"}],"curies":[{"name":"wp","href":"https:\/\/api.w.org\/{rel}","templated":true}]}}