{"id":87742,"date":"2019-02-04T21:01:58","date_gmt":"2019-02-05T00:01:58","guid":{"rendered":"http:\/\/www.hoymercedes.com.ar\/principal\/?p=87742"},"modified":"2019-02-05T09:33:24","modified_gmt":"2019-02-05T12:33:24","slug":"policia-comunal-detiene-a-lujanense-por-robo-calificado","status":"publish","type":"post","link":"https:\/\/www.hoymercedes.com.ar\/principal\/2019\/02\/04\/policia-comunal-detiene-a-lujanense-por-robo-calificado\/","title":{"rendered":"Polic\u00eda Comunal detiene a lujanense por \u201crobo calificado\u201d"},"content":{"rendered":"\n<p>El hecho se produjo cuando un masculino con domicilio en la vecina localidad de Luj\u00e1n efect\u00faa el robo a mano armada a una vecina de Olivera. Personal se dispone en el lugar tras tomar conocimiento por medio del sistema de alerta 911 logrando esclarecer el hecho y poner al mencionado a disposici\u00f3n de la justicia.<\/p>\n\n\n\n<p>La v\u00edctima, de apellido Cisnero, comunic\u00f3 el hecho a la fuerza de seguridad quien con los datos suministrados efectu\u00f3 la pesquisa que permiti\u00f3 r\u00e1pidamente resolver el caso aprehendiendo al victimario de apellido Sampedro dando intervenci\u00f3n al Departamento Judicial Mercedes.<\/p>\n\n\n\n<p>Se logr\u00f3 establecer que el masculino arrib\u00f3 a Olivera por medio del tren y con la descripci\u00f3n de sus caracter\u00edsticas f\u00edsicas se logr\u00f3 identificarlo en la estaci\u00f3n pronto a alejarse del lugar del hecho. Los uniformados logran recuperar lo sustra\u00eddo a la vecina siendo poco m\u00e1s de 6 mil pesos.<\/p>\n\n\n\n<p>R\u00e1pidamente dieron intervenci\u00f3n a la UFI N\u00b010 interviniendo el Dr. Veiro quien valid\u00f3 lo actuado para que luego el sujeto comparezca en el Departamento Judicial Mercedes.<\/p>\n\n\n\n<p>El comisario Sergio Macedo destac\u00f3 el r\u00e1pido accionar de los integrantes de la Polic\u00eda Comunal, la delegaci\u00f3n Gowland y a cada uno de los oficiales que intervienen constantemente en beneficio de todos los vecinos, dando r\u00e1pida respuesta al requerimiento vecinal, sin dejar de mencionar lo valioso que es el trabajo constante y cotidiano que se realiza junto a la justicia mercedina.<\/p>\n","protected":false},"excerpt":{"rendered":"<p>El hecho se produjo cuando un masculino con domicilio en la vecina localidad de Luj\u00e1n efect\u00faa el robo a mano &#8230; <a title=\"Polic\u00eda Comunal detiene a lujanense por \u201crobo calificado\u201d\" class=\"read-more\" href=\"https:\/\/www.hoymercedes.com.ar\/principal\/2019\/02\/04\/policia-comunal-detiene-a-lujanense-por-robo-calificado\/\" aria-label=\"Leer m\u00e1s sobre Polic\u00eda Comunal detiene a lujanense por \u201crobo calificado\u201d\">Leer m\u00e1s<\/a><\/p>\n","protected":false},"author":1,"featured_media":74455,"comment_status":"closed","ping_status":"open","sticky":false,"template":"","format":"standard","meta":{"_monsterinsights_skip_tracking":false,"_monsterinsights_sitenote_active":false,"_monsterinsights_sitenote_note":"","_monsterinsights_sitenote_category":0,"jetpack_post_was_ever_published":false,"_jetpack_newsletter_access":"","_jetpack_dont_email_post_to_subs":false,"_jetpack_newsletter_tier_id":0,"_jetpack_memberships_contains_paywalled_content":false,"_jetpack_memberships_contains_paid_content":false,"footnotes":"","jetpack_publicize_message":"","jetpack_publicize_feature_enabled":true,"jetpack_social_post_already_shared":true,"jetpack_social_options":{"image_generator_settings":{"template":"highway","default_image_id":0,"font":"","enabled":false},"version":2},"_wpas_customize_per_network":false},"categories":[85],"tags":[10352,96,14473],"class_list":["post-87742","post","type-post","status-publish","format-standard","has-post-thumbnail","hentry","category-policial","tag-detencion","tag-policial-2","tag-robo-calificado","generate-columns","tablet-grid-50","mobile-grid-100","grid-parent","grid-50"],"jetpack_publicize_connections":[],"jetpack_featured_media_url":"https:\/\/www.hoymercedes.com.ar\/principal\/wp-content\/uploads\/2018\/04\/ComisarioMacedo.jpg","wps_subtitle":"Delegaci\u00f3n Gowland","jetpack_sharing_enabled":true,"_links":{"self":[{"href":"https:\/\/www.hoymercedes.com.ar\/principal\/wp-json\/wp\/v2\/posts\/87742","targetHints":{"allow":["GET"]}}],"collection":[{"href":"https:\/\/www.hoymercedes.com.ar\/principal\/wp-json\/wp\/v2\/posts"}],"about":[{"href":"https:\/\/www.hoymercedes.com.ar\/principal\/wp-json\/wp\/v2\/types\/post"}],"author":[{"embeddable":true,"href":"https:\/\/www.hoymercedes.com.ar\/principal\/wp-json\/wp\/v2\/users\/1"}],"replies":[{"embeddable":true,"href":"https:\/\/www.hoymercedes.com.ar\/principal\/wp-json\/wp\/v2\/comments?post=87742"}],"version-history":[{"count":0,"href":"https:\/\/www.hoymercedes.com.ar\/principal\/wp-json\/wp\/v2\/posts\/87742\/revisions"}],"wp:featuredmedia":[{"embeddable":true,"href":"https:\/\/www.hoymercedes.com.ar\/principal\/wp-json\/wp\/v2\/media\/74455"}],"wp:attachment":[{"href":"https:\/\/www.hoymercedes.com.ar\/principal\/wp-json\/wp\/v2\/media?parent=87742"}],"wp:term":[{"taxonomy":"category","embeddable":true,"href":"https:\/\/www.hoymercedes.com.ar\/principal\/wp-json\/wp\/v2\/categories?post=87742"},{"taxonomy":"post_tag","embeddable":true,"href":"https:\/\/www.hoymercedes.com.ar\/principal\/wp-json\/wp\/v2\/tags?post=87742"}],"curies":[{"name":"wp","href":"https:\/\/api.w.org\/{rel}","templated":true}]}}