{"id":87745,"date":"2019-02-04T22:30:49","date_gmt":"2019-02-05T01:30:49","guid":{"rendered":"http:\/\/www.hoymercedes.com.ar\/principal\/?p=87745"},"modified":"2019-02-05T09:33:38","modified_gmt":"2019-02-05T12:33:38","slug":"municipio-comenzo-la-obra-de-re-pavimentacion-de-avenida-2","status":"publish","type":"post","link":"https:\/\/www.hoymercedes.com.ar\/principal\/2019\/02\/04\/municipio-comenzo-la-obra-de-re-pavimentacion-de-avenida-2\/","title":{"rendered":"Municipio comenz\u00f3 la obra de re pavimentaci\u00f3n de Avenida 2"},"content":{"rendered":"\n<figure class=\"wp-block-image\"><img loading=\"lazy\" decoding=\"async\" width=\"865\" height=\"577\" data-attachment-id=\"87746\" data-permalink=\"https:\/\/www.hoymercedes.com.ar\/principal\/2019\/02\/04\/municipio-comenzo-la-obra-de-re-pavimentacion-de-avenida-2\/ustarroz-dematei-avenida2\/#main\" data-orig-file=\"https:\/\/www.hoymercedes.com.ar\/principal\/wp-content\/uploads\/2019\/02\/ustarroz-dematei-avenida2.jpg\" data-orig-size=\"865,577\" data-comments-opened=\"0\" data-image-meta=\"{&quot;aperture&quot;:&quot;0&quot;,&quot;credit&quot;:&quot;&quot;,&quot;camera&quot;:&quot;&quot;,&quot;caption&quot;:&quot;&quot;,&quot;created_timestamp&quot;:&quot;0&quot;,&quot;copyright&quot;:&quot;&quot;,&quot;focal_length&quot;:&quot;0&quot;,&quot;iso&quot;:&quot;0&quot;,&quot;shutter_speed&quot;:&quot;0&quot;,&quot;title&quot;:&quot;&quot;,&quot;orientation&quot;:&quot;0&quot;}\" data-image-title=\"ustarroz-dematei-avenida2\" data-image-description=\"\" data-image-caption=\"\" data-large-file=\"https:\/\/www.hoymercedes.com.ar\/principal\/wp-content\/uploads\/2019\/02\/ustarroz-dematei-avenida2.jpg\" src=\"https:\/\/www.hoymercedes.com.ar\/principal\/wp-content\/uploads\/2019\/02\/ustarroz-dematei-avenida2.jpg\" alt=\"\" class=\"wp-image-87746\" srcset=\"https:\/\/www.hoymercedes.com.ar\/principal\/wp-content\/uploads\/2019\/02\/ustarroz-dematei-avenida2.jpg 865w, https:\/\/www.hoymercedes.com.ar\/principal\/wp-content\/uploads\/2019\/02\/ustarroz-dematei-avenida2-150x100.jpg 150w, https:\/\/www.hoymercedes.com.ar\/principal\/wp-content\/uploads\/2019\/02\/ustarroz-dematei-avenida2-630x420.jpg 630w, https:\/\/www.hoymercedes.com.ar\/principal\/wp-content\/uploads\/2019\/02\/ustarroz-dematei-avenida2-720x480.jpg 720w, https:\/\/www.hoymercedes.com.ar\/principal\/wp-content\/uploads\/2019\/02\/ustarroz-dematei-avenida2-360x240.jpg 360w\" sizes=\"auto, (max-width: 865px) 100vw, 865px\" \/><\/figure>\n\n\n\n<p>Los vecinos comenzaron a ver los\nprimeros movimientos de suelo para efectuar la obra pluvial que da inicio a la\nprimera etapa de los trabajos a desarrollar sobre el principal acceso a la\nciudad. \u201cEsta va a ser la obra m\u00e1s importante de nuestra gesti\u00f3n y es muy\nesperada por toda la gente\u201d, remarc\u00f3 el intendente Ustarroz.<\/p>\n\n\n\n<p>Como estaba previsto, en la\njornada de este lunes comenz\u00f3 a ejecutarse la tan esperada obra de la Avenida\n2. El Intendente Juan Ignacio Ustarroz junto al Jefe de Gabinete, Mat\u00edas\nDematei, estuvo en la zona donde los vecinos ya pueden comenzar a ver los\nprimeros movimientos de suelo para efectuar la obra pluvial que da inicio a la\nprimera etapa de los trabajos a desarrollar.<\/p>\n\n\n\n<p>\u201cEstamos muy contentos. A\nprincipios del mes de febrero es el tiempo que ten\u00edamos planificado para\nempezar estos trabajos. Esta va a ser la obra m\u00e1s importante de nuestra gesti\u00f3n\ny muy esperada por toda la gente. Tuvo muchas idas y venidas, donde quien hab\u00eda\nasumido la responsabilidad fue el Estado Nacional pero no lo termin\u00f3 haciendo.\nYa se daba una situaci\u00f3n de peligro muy grande para nuestros vecinos y la gente\nque nos viene a visitar. Pr\u00e1cticamente todos los turistas que vienen a Mercedes\nlo hacen por este acceso, y realmente est\u00e1 en p\u00e9simas condiciones\u201d, sostuvo el\nPrimer Mandatario.<\/p>\n\n\n\n<figure class=\"wp-block-image is-resized\"><img loading=\"lazy\" decoding=\"async\" data-attachment-id=\"87749\" data-permalink=\"https:\/\/www.hoymercedes.com.ar\/principal\/2019\/02\/04\/municipio-comenzo-la-obra-de-re-pavimentacion-de-avenida-2\/dsc_0071\/#main\" data-orig-file=\"https:\/\/www.hoymercedes.com.ar\/principal\/wp-content\/uploads\/2019\/02\/DSC_0071.jpg\" data-orig-size=\"474,316\" data-comments-opened=\"0\" data-image-meta=\"{&quot;aperture&quot;:&quot;0&quot;,&quot;credit&quot;:&quot;&quot;,&quot;camera&quot;:&quot;&quot;,&quot;caption&quot;:&quot;&quot;,&quot;created_timestamp&quot;:&quot;0&quot;,&quot;copyright&quot;:&quot;&quot;,&quot;focal_length&quot;:&quot;0&quot;,&quot;iso&quot;:&quot;0&quot;,&quot;shutter_speed&quot;:&quot;0&quot;,&quot;title&quot;:&quot;&quot;,&quot;orientation&quot;:&quot;0&quot;}\" data-image-title=\"DSC_0071\" data-image-description=\"\" data-image-caption=\"\" data-large-file=\"https:\/\/www.hoymercedes.com.ar\/principal\/wp-content\/uploads\/2019\/02\/DSC_0071.jpg\" src=\"https:\/\/www.hoymercedes.com.ar\/principal\/wp-content\/uploads\/2019\/02\/DSC_0071.jpg\" alt=\"\" class=\"wp-image-87749\" width=\"590\" height=\"393\" srcset=\"https:\/\/www.hoymercedes.com.ar\/principal\/wp-content\/uploads\/2019\/02\/DSC_0071.jpg 474w, https:\/\/www.hoymercedes.com.ar\/principal\/wp-content\/uploads\/2019\/02\/DSC_0071-150x100.jpg 150w, https:\/\/www.hoymercedes.com.ar\/principal\/wp-content\/uploads\/2019\/02\/DSC_0071-360x240.jpg 360w\" sizes=\"auto, (max-width: 590px) 100vw, 590px\" \/><\/figure>\n\n\n\n<p><strong>Etapas y plazos<\/strong><\/p>\n\n\n\n<p>En cuanto a las tareas que se\npodr\u00e1n observar en el lugar, agreg\u00f3: \u201cesta primera etapa es la construcci\u00f3n de\nun pluvial, que esta zona no ten\u00eda y ello hac\u00eda que el agua no fluya como\ncorresponde\u201d.<\/p>\n\n\n\n<p>Por su parte, Mat\u00edas Dematei \u2013\nquien tambi\u00e9n est\u00e1 a cargo interinamente de la Secretar\u00eda de Obras \u2013 explic\u00f3\nque \u201cdurante los primeros quince d\u00edas la calzada se ver\u00e1 reducida por esta obra\nsobre el pluvial que se va a desarrollar sobre los canteros; ocupando un metro\nde los mismos. Posteriormente se va a llegar a una etapa que vamos a tener que\ncortar en su totalidad el sector que va desde calle 1 hasta la 11, de la mano\ndel Mart\u00edn Rodr\u00edguez. Buscaremos causar el menor inconveniente para los\ncomerciantes de la zona. Hemos contemplado con el intendente esto, sobre todo\nante la situaci\u00f3n que se est\u00e1 viviendo en el pa\u00eds. Cuando ya tengamos que\nrealizar la zona donde hay m\u00e1s cantidad de comercios se van a realizar cortes\nde a 200 metros con lo cual se reducir\u00e1n los tiempos de cortes. Cabe destacar\nque es una obra que va a llevar tiempo\u201d. A lo que el intendente agreg\u00f3:\n\u201caspiramos a que la obra se pueda terminar a fin de a\u00f1o. La idea nuestra es\nfinalizarla dentro de nuestra gesti\u00f3n y resolver un problema grande que tiene\nla ciudad. Y por otro lado, creo que es importante destacar, que contemplamos\nla realidad de los comercios porque sabemos la situaci\u00f3n complicada que est\u00e1n\natravesando. Pero tambi\u00e9n es cierto, como me dec\u00eda un comerciante local, que el\nestado actual de la avenida 2 a ellos les est\u00e1 quitando clientes. Entonces\nvamos a hacer todos los esfuerzos para llevar adelante esta obra de la manera\nm\u00e1s r\u00e1pida posible, tambi\u00e9n por la situaci\u00f3n econ\u00f3mica a nivel nacional. La\nobra que se est\u00e1 haciendo es para toda la vida, por eso pensamos tambi\u00e9n en la\nconstrucci\u00f3n del pluvial \u2013 que no va a perjudicar a ning\u00fan \u00e1rbol \u2013 porque\npensamos la ciudad a largo plazo\u201d.<\/p>\n\n\n\n<figure class=\"wp-block-image\"><img loading=\"lazy\" decoding=\"async\" width=\"865\" height=\"577\" data-attachment-id=\"87748\" data-permalink=\"https:\/\/www.hoymercedes.com.ar\/principal\/2019\/02\/04\/municipio-comenzo-la-obra-de-re-pavimentacion-de-avenida-2\/ustarroz-avenida2\/#main\" data-orig-file=\"https:\/\/www.hoymercedes.com.ar\/principal\/wp-content\/uploads\/2019\/02\/ustarroz-avenida2.jpg\" data-orig-size=\"865,577\" data-comments-opened=\"0\" data-image-meta=\"{&quot;aperture&quot;:&quot;0&quot;,&quot;credit&quot;:&quot;&quot;,&quot;camera&quot;:&quot;&quot;,&quot;caption&quot;:&quot;&quot;,&quot;created_timestamp&quot;:&quot;0&quot;,&quot;copyright&quot;:&quot;&quot;,&quot;focal_length&quot;:&quot;0&quot;,&quot;iso&quot;:&quot;0&quot;,&quot;shutter_speed&quot;:&quot;0&quot;,&quot;title&quot;:&quot;&quot;,&quot;orientation&quot;:&quot;0&quot;}\" data-image-title=\"ustarroz-avenida2\" data-image-description=\"\" data-image-caption=\"\" data-large-file=\"https:\/\/www.hoymercedes.com.ar\/principal\/wp-content\/uploads\/2019\/02\/ustarroz-avenida2.jpg\" src=\"https:\/\/www.hoymercedes.com.ar\/principal\/wp-content\/uploads\/2019\/02\/ustarroz-avenida2.jpg\" alt=\"\" class=\"wp-image-87748\" srcset=\"https:\/\/www.hoymercedes.com.ar\/principal\/wp-content\/uploads\/2019\/02\/ustarroz-avenida2.jpg 865w, https:\/\/www.hoymercedes.com.ar\/principal\/wp-content\/uploads\/2019\/02\/ustarroz-avenida2-150x100.jpg 150w, https:\/\/www.hoymercedes.com.ar\/principal\/wp-content\/uploads\/2019\/02\/ustarroz-avenida2-630x420.jpg 630w, https:\/\/www.hoymercedes.com.ar\/principal\/wp-content\/uploads\/2019\/02\/ustarroz-avenida2-720x480.jpg 720w, https:\/\/www.hoymercedes.com.ar\/principal\/wp-content\/uploads\/2019\/02\/ustarroz-avenida2-360x240.jpg 360w\" sizes=\"auto, (max-width: 865px) 100vw, 865px\" \/><\/figure>\n\n\n\n<p><strong>Jerarquizaci\u00f3n<\/strong><\/p>\n\n\n\n<p>Consultado sobre la valoraci\u00f3n de\nesta decisi\u00f3n en la gesti\u00f3n, el Dr. Ustarroz se\u00f1al\u00f3: \u201cSin lugar a dudas, por\nmonto de obra, extensi\u00f3n y todo lo que se gener\u00f3 sobre la avenida 2 creo que\nesta es la obra m\u00e1s importante y va a beneficiar al conjunto de los mercedinos.\nHoy lo que vemos una zona rehuida, destrozada, el d\u00eda de ma\u00f1ana va a ser un\nacceso similar a lo que la gente valora y contempla en los trabajos que se\nestuvieron haciendo en la Av. 40. Desde la gesti\u00f3n buscamos siempre que la\ncalidad y la definici\u00f3n est\u00e9tica est\u00e9n presentes por sobre todas las cosas, y\nque los mercedinos podamos sentirnos orgullosos de este acceso y seguir\navanzando con obras para la ciudad\u201d. <\/p>\n\n\n\n<p>\u201cTenemos muchas expectativas en esta obra que, adem\u00e1s de salir de una situaci\u00f3n de peligro para quienes circulan por la arteria, nos va a poner en un lugar de jerarquizaci\u00f3n muy grande en lo que es el principal acceso a nuestra ciudad\u201d, defini\u00f3 el Jefe Comunal.<\/p>\n\n\n\n<p class=\"has-text-color has-cyan-bluish-gray-color\">Data: Sec. de Obras<\/p>\n","protected":false},"excerpt":{"rendered":"<p>Los vecinos comenzaron a ver los primeros movimientos de suelo para efectuar la obra pluvial que da inicio a la &#8230; <a title=\"Municipio comenz\u00f3 la obra de re pavimentaci\u00f3n de Avenida 2\" class=\"read-more\" href=\"https:\/\/www.hoymercedes.com.ar\/principal\/2019\/02\/04\/municipio-comenzo-la-obra-de-re-pavimentacion-de-avenida-2\/\" aria-label=\"Leer m\u00e1s sobre Municipio comenz\u00f3 la obra de re pavimentaci\u00f3n de Avenida 2\">Leer m\u00e1s<\/a><\/p>\n","protected":false},"author":1,"featured_media":87747,"comment_status":"closed","ping_status":"open","sticky":false,"template":"","format":"standard","meta":{"_monsterinsights_skip_tracking":false,"_monsterinsights_sitenote_active":false,"_monsterinsights_sitenote_note":"","_monsterinsights_sitenote_category":0,"jetpack_post_was_ever_published":false,"_jetpack_newsletter_access":"","_jetpack_dont_email_post_to_subs":false,"_jetpack_newsletter_tier_id":0,"_jetpack_memberships_contains_paywalled_content":false,"_jetpack_memberships_contains_paid_content":false,"footnotes":"","jetpack_publicize_message":"","jetpack_publicize_feature_enabled":true,"jetpack_social_post_already_shared":true,"jetpack_social_options":{"image_generator_settings":{"template":"highway","default_image_id":0,"font":"","enabled":false},"version":2},"_wpas_customize_per_network":false},"categories":[30],"tags":[11636,244,5947],"class_list":["post-87745","post","type-post","status-publish","format-standard","has-post-thumbnail","hentry","category-municipio","tag-avenida-2","tag-municipio-2","tag-obras-publicas","generate-columns","tablet-grid-50","mobile-grid-100","grid-parent","grid-50"],"jetpack_publicize_connections":[],"jetpack_featured_media_url":"https:\/\/www.hoymercedes.com.ar\/principal\/wp-content\/uploads\/2019\/02\/ustarroz-dematei-avenida2-1.jpg","wps_subtitle":"Fondos Municipales","jetpack_sharing_enabled":true,"_links":{"self":[{"href":"https:\/\/www.hoymercedes.com.ar\/principal\/wp-json\/wp\/v2\/posts\/87745","targetHints":{"allow":["GET"]}}],"collection":[{"href":"https:\/\/www.hoymercedes.com.ar\/principal\/wp-json\/wp\/v2\/posts"}],"about":[{"href":"https:\/\/www.hoymercedes.com.ar\/principal\/wp-json\/wp\/v2\/types\/post"}],"author":[{"embeddable":true,"href":"https:\/\/www.hoymercedes.com.ar\/principal\/wp-json\/wp\/v2\/users\/1"}],"replies":[{"embeddable":true,"href":"https:\/\/www.hoymercedes.com.ar\/principal\/wp-json\/wp\/v2\/comments?post=87745"}],"version-history":[{"count":0,"href":"https:\/\/www.hoymercedes.com.ar\/principal\/wp-json\/wp\/v2\/posts\/87745\/revisions"}],"wp:featuredmedia":[{"embeddable":true,"href":"https:\/\/www.hoymercedes.com.ar\/principal\/wp-json\/wp\/v2\/media\/87747"}],"wp:attachment":[{"href":"https:\/\/www.hoymercedes.com.ar\/principal\/wp-json\/wp\/v2\/media?parent=87745"}],"wp:term":[{"taxonomy":"category","embeddable":true,"href":"https:\/\/www.hoymercedes.com.ar\/principal\/wp-json\/wp\/v2\/categories?post=87745"},{"taxonomy":"post_tag","embeddable":true,"href":"https:\/\/www.hoymercedes.com.ar\/principal\/wp-json\/wp\/v2\/tags?post=87745"}],"curies":[{"name":"wp","href":"https:\/\/api.w.org\/{rel}","templated":true}]}}