{"id":87765,"date":"2019-02-05T12:30:50","date_gmt":"2019-02-05T15:30:50","guid":{"rendered":"http:\/\/www.hoymercedes.com.ar\/principal\/?p=87765"},"modified":"2019-02-05T10:07:42","modified_gmt":"2019-02-05T13:07:42","slug":"marcela-cueto-dara-seminario-de-figura-humana","status":"publish","type":"post","link":"https:\/\/www.hoymercedes.com.ar\/principal\/2019\/02\/05\/marcela-cueto-dara-seminario-de-figura-humana\/","title":{"rendered":"Marcela Cueto dar\u00e1 seminario de figura humana"},"content":{"rendered":"\n<p>La artista pl\u00e1stica de Mercedes y multipremiada en la regi\u00f3n, la profesora Marcela Cueto, fue invitada por San Andr\u00e9s de Giles a brindar un seminario similar al que supo dar el a\u00f1o pasado en nuestra ciudad. El 14 de febrero, en la localidad vecina dar\u00e1 un seminario de Figura Humana haciendo hincapi\u00e9 en la luz y el volumen del dibujo. <\/p>\n\n\n\n<p>Desde las hora 18 y hasta las 21 del 14 de febrero, la profesora Cueto dar\u00e1 el Seminario en el Complejo Municipal Museogr\u00e1fico y Cultural (25 de Mayo y Mitre en San Andr\u00e9s de Giles). <\/p>\n\n\n\n<p>Se trabajar\u00e1 proporci\u00f3n formas, luces y sombras. Los materiales necesarios son hojas A3 y A4, l\u00e1piz blando, goma, regla de 20 cm, soporte r\u00edgido para apoyar cintas o broches para hojas. El costo del seminario es de 400 pesos, incluye el modelo vivo.<\/p>\n\n\n\n<p>El contacto para reservar el lugar e inscribirse se aconseja comunicarse con Marcela Cueto a trav\u00e9s de la red social facebook o enviando un correo electr\u00f3nico a marcela.ines.cueto@gmail.com<\/p>\n","protected":false},"excerpt":{"rendered":"<p>La artista pl\u00e1stica de Mercedes y multipremiada en la regi\u00f3n, la profesora Marcela Cueto, fue invitada por San Andr\u00e9s de &#8230; <a title=\"Marcela Cueto dar\u00e1 seminario de figura humana\" class=\"read-more\" href=\"https:\/\/www.hoymercedes.com.ar\/principal\/2019\/02\/05\/marcela-cueto-dara-seminario-de-figura-humana\/\" aria-label=\"Leer m\u00e1s sobre Marcela Cueto dar\u00e1 seminario de figura humana\">Leer m\u00e1s<\/a><\/p>\n","protected":false},"author":1,"featured_media":87766,"comment_status":"closed","ping_status":"open","sticky":false,"template":"","format":"standard","meta":{"_monsterinsights_skip_tracking":false,"_monsterinsights_sitenote_active":false,"_monsterinsights_sitenote_note":"","_monsterinsights_sitenote_category":0,"jetpack_post_was_ever_published":false,"_jetpack_newsletter_access":"","_jetpack_dont_email_post_to_subs":false,"_jetpack_newsletter_tier_id":0,"_jetpack_memberships_contains_paywalled_content":false,"_jetpack_memberships_contains_paid_content":false,"footnotes":"","jetpack_publicize_message":"","jetpack_publicize_feature_enabled":true,"jetpack_social_post_already_shared":true,"jetpack_social_options":{"image_generator_settings":{"template":"highway","default_image_id":0,"font":"","enabled":false},"version":2},"_wpas_customize_per_network":false},"categories":[104],"tags":[8890,7805,2123,772],"class_list":["post-87765","post","type-post","status-publish","format-standard","has-post-thumbnail","hentry","category-cultura","tag-artes-plasticas","tag-cultura","tag-san-andres-de-giles","tag-seminario","generate-columns","tablet-grid-50","mobile-grid-100","grid-parent","grid-50"],"jetpack_publicize_connections":[],"jetpack_featured_media_url":"https:\/\/www.hoymercedes.com.ar\/principal\/wp-content\/uploads\/2019\/02\/05-marcela-cueto.jpg","wps_subtitle":"En San Andr\u00e9s de Giles","jetpack_sharing_enabled":true,"_links":{"self":[{"href":"https:\/\/www.hoymercedes.com.ar\/principal\/wp-json\/wp\/v2\/posts\/87765","targetHints":{"allow":["GET"]}}],"collection":[{"href":"https:\/\/www.hoymercedes.com.ar\/principal\/wp-json\/wp\/v2\/posts"}],"about":[{"href":"https:\/\/www.hoymercedes.com.ar\/principal\/wp-json\/wp\/v2\/types\/post"}],"author":[{"embeddable":true,"href":"https:\/\/www.hoymercedes.com.ar\/principal\/wp-json\/wp\/v2\/users\/1"}],"replies":[{"embeddable":true,"href":"https:\/\/www.hoymercedes.com.ar\/principal\/wp-json\/wp\/v2\/comments?post=87765"}],"version-history":[{"count":0,"href":"https:\/\/www.hoymercedes.com.ar\/principal\/wp-json\/wp\/v2\/posts\/87765\/revisions"}],"wp:featuredmedia":[{"embeddable":true,"href":"https:\/\/www.hoymercedes.com.ar\/principal\/wp-json\/wp\/v2\/media\/87766"}],"wp:attachment":[{"href":"https:\/\/www.hoymercedes.com.ar\/principal\/wp-json\/wp\/v2\/media?parent=87765"}],"wp:term":[{"taxonomy":"category","embeddable":true,"href":"https:\/\/www.hoymercedes.com.ar\/principal\/wp-json\/wp\/v2\/categories?post=87765"},{"taxonomy":"post_tag","embeddable":true,"href":"https:\/\/www.hoymercedes.com.ar\/principal\/wp-json\/wp\/v2\/tags?post=87765"}],"curies":[{"name":"wp","href":"https:\/\/api.w.org\/{rel}","templated":true}]}}